{"id":23193,"date":"2025-09-02T06:38:07","date_gmt":"2025-09-02T06:38:07","guid":{"rendered":"https:\/\/www.europesays.com\/fi\/23193\/"},"modified":"2025-09-02T06:38:07","modified_gmt":"2025-09-02T06:38:07","slug":"uusi-hyva-merkki-asuntomarkkinoilta-kaupan-veturi-vaihtui","status":"publish","type":"post","link":"https:\/\/www.europesays.com\/fi\/23193\/","title":{"rendered":"Uusi hyv\u00e4 merkki asuntomarkkinoilta, kaupan veturi vaihtui"},"content":{"rendered":"<p class=\"ai-optimize-6 ai-optimize-introduction\">Kiinteist\u00f6maailma v\u00e4litti juuri p\u00e4\u00e4ttyneess\u00e4 elokuussa yhteens\u00e4 1134 myynti- ja vuokrakohdetta, joista 864 oli kiinteist\u00f6nv\u00e4lityst\u00e4 ja 270 vuokrav\u00e4lityst\u00e4.<\/p>\n<p class=\"ai-optimize-7\">Elokuu on siten jatkoa koko alkuvuoden kest\u00e4neelle trendille, jossa asunto- ja kiinteist\u00f6kauppojen m\u00e4\u00e4r\u00e4 ylitt\u00e4\u00e4 joka kuukausi viime vuoden vertailukauden.<\/p>\n<p class=\"ai-optimize-7\">Vetovastuu kaupan kasvusta kuitenkin vaihtui yll\u00e4tt\u00e4en kes\u00e4n k\u00e4\u00e4ntyess\u00e4 loppupuolelle: elokuun kasvuluvuista on kiitt\u00e4minen ennen muuta pienemm\u00e4n kokoluokan asuntojen kauppaa.<\/p>\n<p class=\"ai-optimize-8\">Kiinteist\u00f6maailma-ketjun elokuussa 2025 v\u00e4litt\u00e4mist\u00e4 864 myyntikohteesta 858 oli k\u00e4ytettyjen asuntojen sek\u00e4 kiinteist\u00f6jen v\u00e4lityst\u00e4 ja 6 uudiskohteiden v\u00e4lityst\u00e4. Elokuussa 2024 vastaavat luvut olivat 779 k\u00e4ytetty\u00e4 ja 8 uudiskohdetta.<\/p>\n<p class=\"ai-optimize-9\">K\u00e4ytetyiss\u00e4 kohteissa kauppam\u00e4\u00e4r\u00e4 kasvoi siten 10 prosenttia, ja kaikki kauppakappaleet yhteenlaskettunakin kasvua oli 10 prosenttia \u2013 huolimatta siit\u00e4, ett\u00e4 uudiskohteissa kauppam\u00e4\u00e4r\u00e4 j\u00e4i edelleen vaatimattomiin lukemiin.<\/p>\n<p class=\"ai-optimize-10\">\u2013 Jo pitk\u00e4\u00e4n asunto- ja kiinteist\u00f6kaupan veturina ovat olleet omakotitalot ja muut reilun perhekoon asunnot. Elokuussa suhteellisesti parhaiten k\u00e4vi yll\u00e4tt\u00e4en kaksioiden ja kolmioiden kauppa, ja jopa yksi\u00f6kauppa oli vertailukauteen peilattuna vilkkaampaa kuin isoimpien asuntojen. L\u00e4hiviikkoina on eritt\u00e4in kiinnostava n\u00e4hd\u00e4, onko k\u00e4sill\u00e4 pysyv\u00e4mpikin ostajien kiinnostuksen muutos, Kiinteist\u00f6maailman toimitusjohtaja <strong>Mika Laurikainen<\/strong> pohtii tiedotteessa.<\/p>\n<p class=\"ai-optimize-11\">Koko kes\u00e4n 2025 tavoin tonttikauppa jatkui edelleen vilkkaana my\u00f6s elokuussa.<\/p>\n","protected":false},"excerpt":{"rendered":"Kiinteist\u00f6maailma v\u00e4litti juuri p\u00e4\u00e4ttyneess\u00e4 elokuussa yhteens\u00e4 1134 myynti- ja vuokrakohdetta, joista 864 oli kiinteist\u00f6nv\u00e4lityst\u00e4 ja 270 vuokrav\u00e4lityst\u00e4. Elokuu&hellip;\n","protected":false},"author":2,"featured_media":23194,"comment_status":"","ping_status":"","sticky":false,"template":"","format":"standard","meta":{"footnotes":""},"categories":[76],"tags":[542,79,77,33,31,30,32,78],"class_list":{"0":"post-23193","1":"post","2":"type-post","3":"status-publish","4":"format-standard","5":"has-post-thumbnail","7":"category-talous","8":"tag-asuminen","9":"tag-business","10":"tag-economy","11":"tag-fi","12":"tag-finland","13":"tag-finnish","14":"tag-suomi","15":"tag-talous"},"share_on_mastodon":{"url":"","error":""},"_links":{"self":[{"href":"https:\/\/www.europesays.com\/fi\/wp-json\/wp\/v2\/posts\/23193","targetHints":{"allow":["GET"]}}],"collection":[{"href":"https:\/\/www.europesays.com\/fi\/wp-json\/wp\/v2\/posts"}],"about":[{"href":"https:\/\/www.europesays.com\/fi\/wp-json\/wp\/v2\/types\/post"}],"author":[{"embeddable":true,"href":"https:\/\/www.europesays.com\/fi\/wp-json\/wp\/v2\/users\/2"}],"replies":[{"embeddable":true,"href":"https:\/\/www.europesays.com\/fi\/wp-json\/wp\/v2\/comments?post=23193"}],"version-history":[{"count":0,"href":"https:\/\/www.europesays.com\/fi\/wp-json\/wp\/v2\/posts\/23193\/revisions"}],"wp:featuredmedia":[{"embeddable":true,"href":"https:\/\/www.europesays.com\/fi\/wp-json\/wp\/v2\/media\/23194"}],"wp:attachment":[{"href":"https:\/\/www.europesays.com\/fi\/wp-json\/wp\/v2\/media?parent=23193"}],"wp:term":[{"taxonomy":"category","embeddable":true,"href":"https:\/\/www.europesays.com\/fi\/wp-json\/wp\/v2\/categories?post=23193"},{"taxonomy":"post_tag","embeddable":true,"href":"https:\/\/www.europesays.com\/fi\/wp-json\/wp\/v2\/tags?post=23193"}],"curies":[{"name":"wp","href":"https:\/\/api.w.org\/{rel}","templated":true}]}}