{"id":232301,"date":"2026-04-27T15:11:10","date_gmt":"2026-04-27T15:11:10","guid":{"rendered":"https:\/\/www.europesays.com\/fi\/232301\/"},"modified":"2026-04-27T15:11:10","modified_gmt":"2026-04-27T15:11:10","slug":"iran-on-noyryyttanyt-usata-friedrich-merzilta-tiukka-arvio-sodasta","status":"publish","type":"post","link":"https:\/\/www.europesays.com\/fi\/232301\/","title":{"rendered":"&#8221;Iran on n\u00f6yryytt\u00e4nyt USA:ta&#8221; &#8211; Friedrich Merzilt\u00e4 tiukka arvio sodasta"},"content":{"rendered":"<p>Saksan liittokansleri <strong>Friedrich Merzin<\/strong> mukaan Yhdysvallat on kokenut n\u00f6yryytyksen Iranin sodassa. Liittokansleri sanoi, ett\u00e4 Iran on osoittautunut sitke\u00e4mm\u00e4ksi kuin Yhdysvallat ajatteli ja konflikti on k\u00e4rjistym\u00e4ss\u00e4 ilman kunnollista ulosp\u00e4\u00e4sytiet\u00e4.<\/p>\n<p>\u2013 Iranilaiset ovat vahvempia kuin oletettiin, ja amerikkalaisilla ei selv\u00e4sti ole vakuuttavaa strategiaa my\u00f6sk\u00e4\u00e4n neuvotteluille, Merz sanoi medialle maanantaina.<\/p>\n<p>\u2013 Ongelma t\u00e4llaisissa konflikteissa on aina se, ett\u00e4 ei riit\u00e4, ett\u00e4 ryhdyt niihin, vaan niist\u00e4 pit\u00e4isi p\u00e4\u00e4st\u00e4 my\u00f6s pois. N\u00e4imme t\u00e4m\u00e4n kipe\u00e4sti Afganistanissa 20 vuoden ajan. N\u00e4imme sen Irakissa, Merz <a href=\"https:\/\/www.dw.com\/en\/merz-says-us-humiliated-lacks-strategy-in-iran-conflict\/a-76952959\" data-wpel-link=\"external\" target=\"_blank\" rel=\"external noopener noreferrer nofollow\">kuvaili<\/a> DW:n mukaan.<\/p>\n<p>Merzin mukaan h\u00e4n ei t\u00e4ll\u00e4 hetkell\u00e4 osaa n\u00e4hd\u00e4, millaisen strategisen ulosp\u00e4\u00e4sytien Yhdysvallat valitsee. Iran neuvottelee taidokkaasti \u2013 tai on \u201dtaidokkaasti neuvottelematta\u201d, liittokansleri jatkoi.<\/p>\n<p>Yhdysvalloista Merz paukautti, ett\u00e4 \u201dIranin johto ja etenkin vallankumouskaarti n\u00f6yryytt\u00e4\u00e4 kokonaista kansakuntaa\u201d.<\/p>\n<p>Merz my\u00f6nsi ett\u00e4 L\u00e4hi-id\u00e4n vaikea tilanne aiheuttaa eritt\u00e4in suuren taloushaasteen Saksalle.<\/p>\n<p>\u2013 Se maksaa meille eritt\u00e4in paljon rahaa. Sota Irania vastaan vaikuttaa suoraan taloudelliseen tuotokseemme.<\/p>\n<p>Saksa on edelleen valmis l\u00e4hett\u00e4m\u00e4\u00e4n miinanraivaajia auttamaan Hormuzinsalmen avaamisessa. Merz kuitenkin totesi, ett\u00e4 t\u00e4m\u00e4n edellytyksen\u00e4 on vihollisuuksien p\u00e4\u00e4ttyminen.<\/p>\n","protected":false},"excerpt":{"rendered":"Saksan liittokansleri Friedrich Merzin mukaan Yhdysvallat on kokenut n\u00f6yryytyksen Iranin sodassa. Liittokansleri sanoi, ett\u00e4 Iran on osoittautunut sitke\u00e4mm\u00e4ksi&hellip;\n","protected":false},"author":2,"featured_media":232302,"comment_status":"","ping_status":"","sticky":false,"template":"","format":"standard","meta":{"footnotes":"","_share_on_mastodon":"0"},"categories":[14],"tags":[22,23,26,27,33,31,30,17,3648,24,25,28,29,15,18,21,3911,32,19,20,56,4125,16,59,60,61],"class_list":["post-232301","post","type-post","status-publish","format-standard","has-post-thumbnail","category-ulkomaat","tag-breaking-news","tag-breakingnews","tag-featured-news","tag-featurednews","tag-fi","tag-finland","tag-finnish","tag-headlines","tag-iran","tag-latest-news","tag-latestnews","tag-main-news","tag-mainnews","tag-news","tag-otsikot","tag-paauutiset","tag-saksa","tag-suomi","tag-top-stories","tag-topstories","tag-ulkomaat","tag-usa","tag-uutiset","tag-world","tag-world-news","tag-worldnews"],"share_on_mastodon":{"url":"https:\/\/pubeurope.com\/@fi\/116477315529625004","error":""},"_links":{"self":[{"href":"https:\/\/www.europesays.com\/fi\/wp-json\/wp\/v2\/posts\/232301","targetHints":{"allow":["GET"]}}],"collection":[{"href":"https:\/\/www.europesays.com\/fi\/wp-json\/wp\/v2\/posts"}],"about":[{"href":"https:\/\/www.europesays.com\/fi\/wp-json\/wp\/v2\/types\/post"}],"author":[{"embeddable":true,"href":"https:\/\/www.europesays.com\/fi\/wp-json\/wp\/v2\/users\/2"}],"replies":[{"embeddable":true,"href":"https:\/\/www.europesays.com\/fi\/wp-json\/wp\/v2\/comments?post=232301"}],"version-history":[{"count":0,"href":"https:\/\/www.europesays.com\/fi\/wp-json\/wp\/v2\/posts\/232301\/revisions"}],"wp:featuredmedia":[{"embeddable":true,"href":"https:\/\/www.europesays.com\/fi\/wp-json\/wp\/v2\/media\/232302"}],"wp:attachment":[{"href":"https:\/\/www.europesays.com\/fi\/wp-json\/wp\/v2\/media?parent=232301"}],"wp:term":[{"taxonomy":"category","embeddable":true,"href":"https:\/\/www.europesays.com\/fi\/wp-json\/wp\/v2\/categories?post=232301"},{"taxonomy":"post_tag","embeddable":true,"href":"https:\/\/www.europesays.com\/fi\/wp-json\/wp\/v2\/tags?post=232301"}],"curies":[{"name":"wp","href":"https:\/\/api.w.org\/{rel}","templated":true}]}}