{"id":232393,"date":"2026-04-27T17:24:11","date_gmt":"2026-04-27T17:24:11","guid":{"rendered":"https:\/\/www.europesays.com\/fi\/232393\/"},"modified":"2026-04-27T17:24:11","modified_gmt":"2026-04-27T17:24:11","slug":"vappu-sekoittaa-helsingin-keraa-kaikki-vinkit-juhlapaiviin-paikalliset","status":"publish","type":"post","link":"https:\/\/www.europesays.com\/fi\/232393\/","title":{"rendered":"Vappu sekoittaa Helsingin \u2013 ker\u00e4\u00e4 kaikki vinkit juhlap\u00e4iviin | Paikalliset"},"content":{"rendered":"<p>Vappu tuo Helsinkiin muun muassa merkitt\u00e4vi\u00e4 liikennej\u00e4rjestelyj\u00e4, monipuolista ohjelmaa, lis\u00e4roskiksia ja nuorisolle omia ohjaajia.<\/p>\n<p><strong>Kaupungin ohjelma<\/strong><\/p>\n<p>Kaupungin j\u00e4rjest\u00e4m\u00e4n ohjelman avaa Mantan aukiolla pormestari <strong>Daniel Sazonov <\/strong>vapputervehdyksell\u00e4 kello 15.45. T\u00e4m\u00e4n j\u00e4lkeen luvassa on tanssiesitys ja musiikkia. Havis Amanda -patsaan pesu on vuorossa kello 17 ja lakitus kello 18, mink\u00e4 j\u00e4lkeen tapahtuma p\u00e4\u00e4ttyy kello 18.30.<\/p>\n<p><strong>Liikennej\u00e4rjestelyt<\/strong><\/p>\n<p>Kaupunki tiedottaa, ett\u00e4 liikennej\u00e4rjestelyt vaikuttavat laajasti keskustan alueella vappuaattona. Esplanadit, sivukadut ja Senaatintorin ymp\u00e4rist\u00f6 suljetaan ajoneuvoliikenteelt\u00e4 kello 15\u201321, ja alueella on tuona aikana pys\u00e4k\u00f6intikielto.<\/p>\n<p>Vappup\u00e4iv\u00e4n\u00e4 Kaivopuiston alueella Iso Puistotie on suljettu yleiselt\u00e4 liikenteelt\u00e4, Ehrenstr\u00f6mintie ja Merisatamanranta ovat osin yksisuuntaisia, ja Puistokatu on yksisuuntainen it\u00e4\u00e4n p\u00e4in.<\/p>\n<p>Laivasillankadulla, Tehtaankadulla, Laivurinkadulla ja osassa Eiranrantaa pys\u00e4k\u00f6inti on kielletty\u00e4 koko vapun ajan 30. huhtikuuta \u2013 1.toukokuuta.<\/p>\n<p>Kaivopuistoon suositellaan saapumista julkisilla kulkuv\u00e4lineill\u00e4.<\/p>\n<p><strong>Ymp\u00e4rist\u00f6<\/strong><\/p>\n<p>Pelastuslaitos muistuttaa grillaajia paloturvallisuudesta ja kehottaa h\u00e4vitt\u00e4m\u00e4\u00e4n kertak\u00e4ytt\u00f6grillit asianmukaisesti. Kaupunki tuo peltitynnyreit\u00e4 kytev\u00e4lle grillij\u00e4tteelle keskustaan ja Kaivopuistoon.<\/p>\n<p>Ymp\u00e4rist\u00f6yst\u00e4v\u00e4llisyyteen kaupunki keskittyy lis\u00e4\u00e4m\u00e4ll\u00e4 j\u00e4teastioita ja j\u00e4rjest\u00e4m\u00e4ll\u00e4 kuohuviinipullojen ker\u00e4yspisteit\u00e4 Kaivopuistossa.<\/p>\n<p>Kaupunki lupaa tiedotteessaan, ett\u00e4 palauttamalla 20 kuohuviinipulloa, saa leffalipun. Pullot kierr\u00e4tet\u00e4\u00e4n lasivillan raaka-aineeksi.<\/p>\n<p>Kaupunki j\u00e4rjest\u00e4\u00e4 runsaasti lis\u00e4vessoja Kaivopuistoon, T\u00e4htitorninm\u00e4elle, Sinebrychoffin puistoon, Vanhaan Kirkkopuistoon, Kaisaniemen puistoon, Meripuistoon ja Espalle.<\/p>\n<p>Mantan lakituksen teemana on t\u00e4n\u00e4 vuonna It\u00e4meri ja sen hyvinvointi.<\/p>\n<p><strong>Nuoriso<\/strong><\/p>\n<p>Nuorisoty\u00f6ntekij\u00e4t jalkautuvat vappuaattona keskustassa, rannoilla ja muissa nuorten suosimissa paikoissa, ja auttavat nuoria keskustelemalla ja antamalla ensiapua. Kaupunki tiedottaa, ett\u00e4 my\u00f6s poliisi ja ensihoito ovat nuorten apuna.<\/p>\n<p>Nuorisotaloilla, kuten Suvilahden Tiivist\u00e4m\u00f6ll\u00e4 sek\u00e4 Ruoholahden ja Tapanilan nuorisotaloilla, j\u00e4rjestet\u00e4\u00e4n ik\u00e4rajattomia ja p\u00e4ihteett\u00f6mi\u00e4 vappuohjelmia.<\/p>\n<p><strong>Muu ohjelma<\/strong><\/p>\n<p>Kulttuurikeskuksissa vietet\u00e4\u00e4n vappua muun muassa Annantalon AnnanHouse-diskossa, Stoan vapputansseissa ja Malmitalon konserteissa.<\/p>\n<p>Linnanm\u00e4en huvipuisto avaa ovensa vappuaattona kello 15 ja tarjoaa ohjelmaa ennen kaikkea lapsille.<\/p>\n<p>Vappup\u00e4iv\u00e4n\u00e4 j\u00e4rjestet\u00e4\u00e4n konsertteja, vappumarsseja ja -lounaita eri puolilla kaupunkia. Helsingin kaupunginorkesteri j\u00e4rjest\u00e4\u00e4 perinteisen Vappumatinean Musiikkitalossa, solistina on <strong>Maria Ylip\u00e4\u00e4<\/strong>.<\/p>\n<p>Ohjelmatiedot perustuvat kaupungin tiedotteeseen.<\/p>\n","protected":false},"excerpt":{"rendered":"Vappu tuo Helsinkiin muun muassa merkitt\u00e4vi\u00e4 liikennej\u00e4rjestelyj\u00e4, monipuolista ohjelmaa, lis\u00e4roskiksia ja nuorisolle omia ohjaajia. Kaupungin ohjelma Kaupungin j\u00e4rjest\u00e4m\u00e4n&hellip;\n","protected":false},"author":2,"featured_media":232394,"comment_status":"","ping_status":"","sticky":false,"template":"","format":"standard","meta":{"footnotes":"","_share_on_mastodon":"0"},"categories":[5],"tags":[29949,22,23,26,27,33,31,30,17,11845,2231,104,24,25,28,29,47,15,18,21,32,2599,19,20,16,13008],"class_list":["post-232393","post","type-post","status-publish","format-standard","has-post-thumbnail","category-otsikot","tag-ai-uutiset","tag-breaking-news","tag-breakingnews","tag-featured-news","tag-featurednews","tag-fi","tag-finland","tag-finnish","tag-headlines","tag-helsingin-kaupunginorkesteri","tag-helsingin-kaupunki","tag-helsinki","tag-latest-news","tag-latestnews","tag-main-news","tag-mainnews","tag-musiikki","tag-news","tag-otsikot","tag-paauutiset","tag-suomi","tag-tapahtumat-ja-tapahtumatiedot","tag-top-stories","tag-topstories","tag-uutiset","tag-viinit"],"share_on_mastodon":{"url":"https:\/\/pubeurope.com\/@fi\/116477838310311384","error":""},"_links":{"self":[{"href":"https:\/\/www.europesays.com\/fi\/wp-json\/wp\/v2\/posts\/232393","targetHints":{"allow":["GET"]}}],"collection":[{"href":"https:\/\/www.europesays.com\/fi\/wp-json\/wp\/v2\/posts"}],"about":[{"href":"https:\/\/www.europesays.com\/fi\/wp-json\/wp\/v2\/types\/post"}],"author":[{"embeddable":true,"href":"https:\/\/www.europesays.com\/fi\/wp-json\/wp\/v2\/users\/2"}],"replies":[{"embeddable":true,"href":"https:\/\/www.europesays.com\/fi\/wp-json\/wp\/v2\/comments?post=232393"}],"version-history":[{"count":0,"href":"https:\/\/www.europesays.com\/fi\/wp-json\/wp\/v2\/posts\/232393\/revisions"}],"wp:featuredmedia":[{"embeddable":true,"href":"https:\/\/www.europesays.com\/fi\/wp-json\/wp\/v2\/media\/232394"}],"wp:attachment":[{"href":"https:\/\/www.europesays.com\/fi\/wp-json\/wp\/v2\/media?parent=232393"}],"wp:term":[{"taxonomy":"category","embeddable":true,"href":"https:\/\/www.europesays.com\/fi\/wp-json\/wp\/v2\/categories?post=232393"},{"taxonomy":"post_tag","embeddable":true,"href":"https:\/\/www.europesays.com\/fi\/wp-json\/wp\/v2\/tags?post=232393"}],"curies":[{"name":"wp","href":"https:\/\/api.w.org\/{rel}","templated":true}]}}