{"id":23250,"date":"2025-09-02T08:16:07","date_gmt":"2025-09-02T08:16:07","guid":{"rendered":"https:\/\/www.europesays.com\/fi\/23250\/"},"modified":"2025-09-02T08:16:07","modified_gmt":"2025-09-02T08:16:07","slug":"dwayne-johnsonin-uusi-elokuva-on-nyt-lahes-90-tuore-rotten-tomatoesissa","status":"publish","type":"post","link":"https:\/\/www.europesays.com\/fi\/23250\/","title":{"rendered":"Dwayne Johnsonin uusi elokuva on nyt l\u00e4hes 90 % tuore Rotten Tomatoesissa"},"content":{"rendered":"\n<p><strong>Tositapahtumiin perustuva The Smashing Machine kertoo UFC-legenda Mark Kerrist\u00e4.\u00a0<\/strong><\/p>\n<p>Benny Safdien ohjaama ja k\u00e4sikirjoittama sek\u00e4 <a href=\"https:\/\/muropaketti.com\/avainsana\/dwayne-johnson\/\" rel=\"nofollow noopener\" target=\"_blank\">Dwayne Johnsonin<\/a> t\u00e4hditt\u00e4m\u00e4 The Smashing Machine -elokuva sai maailmanensi-iltansa eilen Venetsian elokuvajuhlien kilpasarjassa.<\/p>\n<p>Vapaaottelija Mark Kerrin tarinan kertova leffa on saanut yll\u00e4tt\u00e4v\u00e4n hyv\u00e4n vastaanoton. Sen <a href=\"https:\/\/www.rottentomatoes.com\/m\/the_smashing_machine_2025\/reviews\" target=\"_blank\" rel=\"noopener nofollow\">Rotten Tomatoes<\/a> -prosentti on kirjoitushetkell\u00e4 17 kriitikkoarvostelun pohjalta 88. <a href=\"https:\/\/www.metacritic.com\/movie\/the-smashing-machine\" target=\"_blank\" rel=\"noopener nofollow\">Metacriticin<\/a> puolella kritiikkien keskiarvo on t\u00e4ll\u00e4 hetkell\u00e4 75 \/ 100.<\/p>\n<p>Dwayne Johnsonin lis\u00e4ksi elokuvassa esiintyv\u00e4t muun muassa Emily Blunt, Ryan Bader, Bas Rutten ja Oleksandr Usyk.<\/p>\n<p>The Smashing Machinen virallinen synopsis kertoo seuraavaa:<\/p>\n<p>\u201dVapaaottelun supert\u00e4hti Mark Kerr hallitsee UFC-keh\u00e4\u00e4, mutta kulissien takana h\u00e4n joutuu kohtaamaan el\u00e4m\u00e4ns\u00e4 suurimmat taistelut. Perustuu tositarinaan miehest\u00e4, joka kamppaili yht\u00e4 aikaa menestyksen, paineiden ja omien rajojensa kanssa.\u201d<\/p>\n<p>Elokuva saapuu Yhdysvalloissa valkokankaille 3. lokakuuta, mutta Suomen ensi-ilta on vasta 28. marraskuuta.<\/p>\n","protected":false},"excerpt":{"rendered":"Tositapahtumiin perustuva The Smashing Machine kertoo UFC-legenda Mark Kerrist\u00e4.\u00a0 Benny Safdien ohjaama ja k\u00e4sikirjoittama sek\u00e4 Dwayne Johnsonin t\u00e4hditt\u00e4m\u00e4&hellip;\n","protected":false},"author":2,"featured_media":23251,"comment_status":"","ping_status":"","sticky":false,"template":"","format":"standard","meta":{"footnotes":""},"categories":[131],"tags":[7694,6541,155,7695,137,33,173,31,30,172,32,6542,5564,109],"class_list":{"0":"post-23250","1":"post","2":"type-post","3":"status-publish","4":"format-standard","5":"has-post-thumbnail","7":"category-elokuvat","8":"tag-benny-safdie","9":"tag-dwayne-johnson","10":"tag-elokuvat","11":"tag-emily-blunt","12":"tag-entertainment","13":"tag-fi","14":"tag-film","15":"tag-finland","16":"tag-finnish","17":"tag-movies","18":"tag-suomi","19":"tag-the-smashing-machine","20":"tag-venetsian-elokuvajuhlat","21":"tag-viihde"},"share_on_mastodon":{"url":"","error":""},"_links":{"self":[{"href":"https:\/\/www.europesays.com\/fi\/wp-json\/wp\/v2\/posts\/23250","targetHints":{"allow":["GET"]}}],"collection":[{"href":"https:\/\/www.europesays.com\/fi\/wp-json\/wp\/v2\/posts"}],"about":[{"href":"https:\/\/www.europesays.com\/fi\/wp-json\/wp\/v2\/types\/post"}],"author":[{"embeddable":true,"href":"https:\/\/www.europesays.com\/fi\/wp-json\/wp\/v2\/users\/2"}],"replies":[{"embeddable":true,"href":"https:\/\/www.europesays.com\/fi\/wp-json\/wp\/v2\/comments?post=23250"}],"version-history":[{"count":0,"href":"https:\/\/www.europesays.com\/fi\/wp-json\/wp\/v2\/posts\/23250\/revisions"}],"wp:featuredmedia":[{"embeddable":true,"href":"https:\/\/www.europesays.com\/fi\/wp-json\/wp\/v2\/media\/23251"}],"wp:attachment":[{"href":"https:\/\/www.europesays.com\/fi\/wp-json\/wp\/v2\/media?parent=23250"}],"wp:term":[{"taxonomy":"category","embeddable":true,"href":"https:\/\/www.europesays.com\/fi\/wp-json\/wp\/v2\/categories?post=23250"},{"taxonomy":"post_tag","embeddable":true,"href":"https:\/\/www.europesays.com\/fi\/wp-json\/wp\/v2\/tags?post=23250"}],"curies":[{"name":"wp","href":"https:\/\/api.w.org\/{rel}","templated":true}]}}