{"id":23269,"date":"2025-09-02T08:40:08","date_gmt":"2025-09-02T08:40:08","guid":{"rendered":"https:\/\/www.europesays.com\/fi\/23269\/"},"modified":"2025-09-02T08:40:08","modified_gmt":"2025-09-02T08:40:08","slug":"selviytyjat-suomi-kisaaja-uskomaton-temppu-kuvauksissa","status":"publish","type":"post","link":"https:\/\/www.europesays.com\/fi\/23269\/","title":{"rendered":"Selviytyj\u00e4t Suomi -kisaaja: Uskomaton temppu kuvauksissa!"},"content":{"rendered":"<p>            Timo Korhonen\n        <\/p>\n<p class=\"subtitle \">H\u00e4mm\u00e4stytt\u00e4v\u00e4 hetki kiinnitti kaikkien huomion.<\/p>\n<p class=\"article-content article-content-width !bg-background\">Radiojuontaja  ja h\u00e4nen yst\u00e4v\u00e4ns\u00e4  ilahduttivat tv-katsojia eilen n\u00e4hdyss\u00e4 Selviytyj\u00e4t Suomen -kauden avausjaksossa.<\/p>\n<p class=\"font-weight-bold m-font-weight-bold article-content article-content-width !bg-background\">Video: Haastattelussa Saana ja Laura Akiola.<\/p>\n<p class=\"article-content article-content-width !bg-background\">Vekkuli kaksikko on tuntenut toisensa jo 25 vuoden ajan.<\/p>\n<p class=\"article-content article-content-width !bg-background\">\u2013 N\u00e4m\u00e4 kuvauksethan tuntuivat ihan juhlavuoden huipentumalta, kuin kirsikka kakun p\u00e4\u00e4ll\u00e4. Tiesin heti, ett\u00e4 otan Semonin mukaan saarelle. Ensimm\u00e4isess\u00e4 jaksossahan jo n\u00e4htiin, miten loistavasti Sempin taidot tuli siell\u00e4 esiin, Janne hehkuttaa.<\/p>\n<p class=\"article-content article-content-width !bg-background\"> Semon h\u00e4mm\u00e4stytti paitsi muut kilpailijat my\u00f6s katsojat sill\u00e4, ett\u00e4 sai nuotion syttym\u00e4\u00e4n vartissa ilman tuluksia.<\/p>\n<p>                <img decoding=\"async\" src=\"https:\/\/www.europesays.com\/fi\/wp-content\/uploads\/2025\/09\/1917227.webp\" width=\"576\" height=\"322\" alt=\"\u2013 Olen tosi kiitollinen, ett\u00e4 p\u00e4\u00e4sin kokemaan t\u00e4m\u00e4n, Semon (vas.) ylist\u00e4\u00e4. Jannen ja Semonin vahvuudet Selviytyjiss\u00e4 olivat hyv\u00e4 asenne ja yhteishenki.\" loading=\"lazy\" \/>            <\/p>\n<p>\n            \u2013 Olen tosi kiitollinen, ett\u00e4 p\u00e4\u00e4sin kokemaan t\u00e4m\u00e4n, Semon (vas.) ylist\u00e4\u00e4. Jannen ja Semonin vahvuudet Selviytyjiss\u00e4 olivat hyv\u00e4 asenne ja yhteishenki.<br \/>\n            Timo Korhonen\n        <\/p>\n<p>Ikimuistoinen matka<\/p>\n<p class=\"article-content article-content-width !bg-background\">Janne ja Semon olivat muutama vuosi sitten Laosissa Don Detin saarella. He ovat my\u00f6s reissanneet yhdess\u00e4 Thaimaassa. Kaveruksia yhdistavat matkailu ja ruoka.<\/p>\n<p class=\"article-content article-content-width !bg-background\">\u2013 Kyll\u00e4 siell\u00e4 Laosissa oli sellaista meininki\u00e4, mik\u00e4 oli ehk\u00e4 l\u00e4himp\u00e4n\u00e4 Selviytyji\u00e4. Ei ollut katulamppuja ja painelimme pelloilla k\u00e4nnyk\u00e4n taskulampun valossa. Oli varoiteltu, ett\u00e4 siell\u00e4 pellolla on hirve\u00e4 kasa k\u00e4\u00e4rmeit\u00e4 ja vesipuhveleita, Janne muistee.<\/p>\n<p class=\"article-content article-content-width !bg-background\">\u2013 Siell\u00e4 oltiin aika luonnon armoilla ja se on j\u00e4\u00e4nyt merkitt\u00e4vimm\u00e4ksi reissuksi, jonka olemme tehneet yhdess\u00e4, Semon kertoo.<\/p>\n<p>        <a itemprop=\"url\" href=\"https:\/\/www.seiska.fi\/katso\/podcast-selviytyjista-pudonneelta-vivi-wahlstromilta-paljastus-kuvausten-ilmapiirista\/1916958\" rel=\"nofollow noopener\" target=\"_blank\"><\/p>\n<p>\nPodcast: Selviytyj\u00e4t Suomi\n<\/p>\n<p class=\"section-date\">\n        <strong class=\"article-section\" data-section=\"katso\"><br \/>\n            katso<br \/>\n        <\/strong><br \/>\n        1.9. 13:15\n    <\/p>\n<p>    Podcast: Selviytyjist\u00e4 pudonneelta Vivi Wahlstr\u00f6milt\u00e4 paljastus kuvausten ilmapiirist\u00e4<\/p>\n<p itemprop=\"description\" class=\"subtitle \">\n    Ensimm\u00e4isess\u00e4 Selviytyj\u00e4t-podcastissa vierailee avausjaksossa tippunut Vivi Wahlstr\u00f6m, joka syytt\u00e4\u00e4 itse\u00e4\u00e4n putoamisesta.\n<\/p>\n<p>        <\/a><\/p>\n<p>Yhteys pysyy<\/p>\n<p class=\"article-content article-content-width !bg-background\">Alun perin Semon ja Janne tutustuivat ala-asteella Helsingin Ruoholahdessa vuonna 2000. Yst\u00e4vyys on jatkunut t\u00e4h\u00e4n p\u00e4iv\u00e4\u00e4n saakka, vaikka he ovat v\u00e4lill\u00e4 asuneet eri kaupungeissakin.<\/p>\n<p class=\"article-content article-content-width !bg-background\">\u2013 Semon asui silloin alakouluaikoina meid\u00e4n yl\u00e4kerrassa samassa talossa. K\u00e4vimme pelaamassa yhdess\u00e4 futista ja muuta, Janne kertoo.<\/p>\n<p class=\"article-content article-content-width !bg-background\">\u2013 Asuin v\u00e4lill\u00e4 Aasiassakin, mutta jutut ovat jatkuneet siit\u00e4, mihin ne ovat viime kerralla j\u00e4\u00e4neet. Vaikka olisi vuodenkin pois. Se on hyv\u00e4n yst\u00e4vyyden merkki, Semon toteaa.<\/p>\n<p class=\"italic m-italic article-content article-content-width !bg-background\">Selviytyj\u00e4t Suomi sunnuntaisin Nelosella ja Ruudussa.<\/p>\n<p>        <a itemprop=\"url\" href=\"https:\/\/www.seiska.fi\/katso\/linnea-vihonen-paljastaa-kulissien-takaiset-tapahtumat-selviytyjissa-jai-hirvea-trauma\/1913782\" rel=\"nofollow noopener\" target=\"_blank\"><\/p>\n<p>\nLinnea Vihonen\n<\/p>\n<p class=\"section-date\">\n        <strong class=\"article-section\" data-section=\"katso\"><br \/>\n            katso<br \/>\n        <\/strong><br \/>\n        1.9. 06:15\n    <\/p>\n<p>    Linnea Vihonen paljastaa kulissien takaiset tapahtumat Selviytyjiss\u00e4: &#8221;J\u00e4i hirve\u00e4 trauma&#8221;<\/p>\n<p itemprop=\"description\" class=\"subtitle \">\n    Linnea Vihonen hakee Selviytyj\u00e4t Suomesta jatkoa Farmi-menestykselleen.\n<\/p>\n<p>        <\/a><\/p>\n","protected":false},"excerpt":{"rendered":"Timo Korhonen H\u00e4mm\u00e4stytt\u00e4v\u00e4 hetki kiinnitti kaikkien huomion. Radiojuontaja ja h\u00e4nen yst\u00e4v\u00e4ns\u00e4 ilahduttivat tv-katsojia eilen n\u00e4hdyss\u00e4 Selviytyj\u00e4t Suomen -kauden&hellip;\n","protected":false},"author":2,"featured_media":23270,"comment_status":"","ping_status":"","sticky":false,"template":"","format":"standard","meta":{"footnotes":""},"categories":[133],"tags":[137,33,31,30,7282,1478,2658,7700,32,206,1318,156,109,7699],"class_list":{"0":"post-23269","1":"post","2":"type-post","3":"status-publish","4":"format-standard","5":"has-post-thumbnail","7":"category-televisiot","8":"tag-entertainment","9":"tag-fi","10":"tag-finland","11":"tag-finnish","12":"tag-janne-lehmonen","13":"tag-matkailu","14":"tag-selviytyjat-suomi","15":"tag-semon-valinen","16":"tag-suomi","17":"tag-televisiot","18":"tag-tv-ohjelma","19":"tag-tv","20":"tag-viihde","21":"tag-ystavyyssuhde"},"share_on_mastodon":{"url":"","error":""},"_links":{"self":[{"href":"https:\/\/www.europesays.com\/fi\/wp-json\/wp\/v2\/posts\/23269","targetHints":{"allow":["GET"]}}],"collection":[{"href":"https:\/\/www.europesays.com\/fi\/wp-json\/wp\/v2\/posts"}],"about":[{"href":"https:\/\/www.europesays.com\/fi\/wp-json\/wp\/v2\/types\/post"}],"author":[{"embeddable":true,"href":"https:\/\/www.europesays.com\/fi\/wp-json\/wp\/v2\/users\/2"}],"replies":[{"embeddable":true,"href":"https:\/\/www.europesays.com\/fi\/wp-json\/wp\/v2\/comments?post=23269"}],"version-history":[{"count":0,"href":"https:\/\/www.europesays.com\/fi\/wp-json\/wp\/v2\/posts\/23269\/revisions"}],"wp:featuredmedia":[{"embeddable":true,"href":"https:\/\/www.europesays.com\/fi\/wp-json\/wp\/v2\/media\/23270"}],"wp:attachment":[{"href":"https:\/\/www.europesays.com\/fi\/wp-json\/wp\/v2\/media?parent=23269"}],"wp:term":[{"taxonomy":"category","embeddable":true,"href":"https:\/\/www.europesays.com\/fi\/wp-json\/wp\/v2\/categories?post=23269"},{"taxonomy":"post_tag","embeddable":true,"href":"https:\/\/www.europesays.com\/fi\/wp-json\/wp\/v2\/tags?post=23269"}],"curies":[{"name":"wp","href":"https:\/\/api.w.org\/{rel}","templated":true}]}}