{"id":233774,"date":"2026-04-29T05:53:12","date_gmt":"2026-04-29T05:53:12","guid":{"rendered":"https:\/\/www.europesays.com\/fi\/233774\/"},"modified":"2026-04-29T05:53:12","modified_gmt":"2026-04-29T05:53:12","slug":"ovatko-anneli-auer-ja-jens-ihle-raakoja-seksuaalirikollisia-vai-oikeusmurhan-uhreja-karajaoikeus-antaa-tuomion-tanaan-kotimaa","status":"publish","type":"post","link":"https:\/\/www.europesays.com\/fi\/233774\/","title":{"rendered":"Ovatko Anneli Auer ja Jens Ihle raakoja seksuaali\u00adrikollisia vai oikeusmurhan uhreja? K\u00e4r\u00e4j\u00e4oikeus antaa tuomion t\u00e4n\u00e4\u00e4n | Kotimaa"},"content":{"rendered":"<p class=\"aw-1gybjub aw-5vja16 kEtdKx kmuxyA yle__article__paragraph\">Yle seuraa seksuaalirikos\u00adtuomion antamista suorassa l\u00e4hetyksess\u00e4 kello 9.45.<\/p>\n<p><img decoding=\"async\" alt=\"Kahden kuvan yhdistelm\u00e4, jossa Anneli Auer ja Jens Ihle.\" src=\"https:\/\/www.europesays.com\/fi\/wp-content\/uploads\/2026\/04\/39-154281368fa20425ee4a.jpeg\" class=\"aw-1l9m598 hKVVvP\"\/><\/p>\n<p>Avaa kuvien katselu<\/p>\n<p>Anneli Auer ja Jens Ihle olivat jo ehtineet suorittaa tuomionsa, jonka korkein oikeus purki vuonna 2024. Kuva: Kalle M\u00e4kel\u00e4 \/ Yle<\/p>\n<ul class=\"aw-1jjocuh iJTSwP yle__article__list yle__article__list--ul\">\n<li class=\"aw-1j7gwms gNYKfi\">Anneli Auer ja Jens Ihle (ent. Kukka) tuomittiin Turun hovioikeudessa t\u00f6rkeist\u00e4 seksuaalirikoksista pitkiin vankeusrangaistuksiin vuonna 2013.<\/li>\n<li class=\"aw-1j7gwms gNYKfi\">Rikosten v\u00e4itetyt uhrit ovat Auerin nelj\u00e4 lasta. Tuomio perustui suurelta osin kolmen lapsen kertomukseen. My\u00f6hemmin lapset muuttivat kertomuksiaan ja sanovat nyt, ett\u00e4 mit\u00e4\u00e4n rikoksia ei tapahtunut.<\/li>\n<li class=\"aw-1j7gwms gNYKfi\">Korkein oikeus purki Auerin ja Ihlen tuomion vuonna 2024 ja m\u00e4\u00e4r\u00e4si sen palautettavaksi k\u00e4r\u00e4j\u00e4oikeuteen. T\u00e4n\u00e4\u00e4n k\u00e4r\u00e4j\u00e4oikeus antaa tuomion uudelleen k\u00e4sitellyss\u00e4 asiassa.<\/li>\n<\/ul>\n<p class=\"aw-1gybjub aw-1p7kakr kEtdKx cEmitX yle__article__paragraph\">Ovatko <strong class=\"aw-ak79eh KyCXm yle__article__strong\">Anneli Auer<\/strong> ja <strong class=\"aw-ak79eh KyCXm yle__article__strong\">Jens Ihle<\/strong> raakoihin tekoihin syyllistyneit\u00e4 seksuaalirikollisia vai vakavan oikeusmurhan uhreja?<\/p>\n<p class=\"aw-1gybjub aw-1p7kakr kEtdKx cEmitX yle__article__paragraph\">K\u00e4yt\u00e4nn\u00f6ss\u00e4 t\u00e4h\u00e4n ottaa t\u00e4n\u00e4\u00e4n kantaa Varsinais-Suomen k\u00e4r\u00e4j\u00e4oikeus.<\/p>\n<p class=\"aw-1gybjub aw-1p7kakr kEtdKx cEmitX yle__article__paragraph\">K\u00e4r\u00e4oikeus antaa tuomion Auerin ja Ihlen seksuaalirikosjutussa kello 10. Yle seuraa tuomion antamista verkkosivuillaan sek\u00e4 suorassa l\u00e4hetyksess\u00e4 TV1:ss\u00e4 ja <a class=\"aw-iao6s4 iHOxEa yle__article__link\" href=\"https:\/\/areena.yle.fi\/1-77913416\" role=\"link\" rel=\"nofollow noopener\" target=\"_blank\">Yle Areenassa<\/a> kello 9.45 alkaen.<\/p>\n<p class=\"aw-1gybjub aw-1p7kakr kEtdKx cEmitX yle__article__paragraph\">Auer tuomittiin Turun hovioikeudessa kes\u00e4kuussa 2013 vakavista seksuaalirikoksista seitsem\u00e4n ja puolen vuoden vankeusrangaistuksen. Ihle (tuolloin sukunimelt\u00e4\u00e4n <strong class=\"aw-ak79eh KyCXm yle__article__strong\">Kukka<\/strong>) tuomittiin 10 vuoden vankeusrangaistukseen.<\/p>\n<p class=\"aw-1gybjub aw-1p7kakr kEtdKx cEmitX yle__article__paragraph\">Rikokset kohdistuivat hovioikeuden mukaan kaikkiin Auerin nelj\u00e4\u00e4n lapseen. Tuomion perusteluissa avainasemassa olivat kolmen lapsen kertomukset seksuaalirikoksista sek\u00e4 asiantuntija-arviot kertomuksista ja lapsista l\u00f6ydetyist\u00e4 vammoista.<\/p>\n<p class=\"aw-1gybjub aw-1p7kakr kEtdKx cEmitX yle__article__paragraph\">Auer ja Ihle ovat kiist\u00e4neet kaikki seksuaalirikossyytteet alusta alkaen. He ovat jo suorittaneet vankeusrangaistuksensa.<\/p>\n<p>Tuomio purettiin 2024<\/p>\n<p class=\"aw-1gybjub aw-1p7kakr kEtdKx cEmitX yle__article__paragraph\">Auerin lapsista vanhin on aina kiist\u00e4nyt, ett\u00e4 mit\u00e4\u00e4n rikoksia olisi tapahtunut.<\/p>\n<p class=\"aw-1gybjub aw-1p7kakr kEtdKx cEmitX yle__article__paragraph\">Kun kolme muuta lasta my\u00f6hemmin muutti kertomustaan tapahtumista, korkein oikeus (KKO) purki alkuper\u00e4isen tuomion vuonna 2024. Lasten mukaan rikoksia ei todellisuudessa koskaan tapahtunut, vaan he olivat valehdelleet esitutkinnassa ja oikeudenk\u00e4ynniss\u00e4.<\/p>\n<p class=\"aw-1gybjub aw-1p7kakr kEtdKx cEmitX yle__article__paragraph\">Purkuratkaisussaan KKO katsoi, ett\u00e4 aikaisemman tuomion lopputuloksen muuttumista ei voitu pit\u00e4\u00e4 todenn\u00e4k\u00f6isen\u00e4 asianomistajien uusien kertomusten perusteella. Eritt\u00e4in painavat syyt kuitenkin puolsivat sit\u00e4, ett\u00e4 asia oli syyt\u00e4 saattaa uudelleen tutkittavaksi k\u00e4r\u00e4j\u00e4oikeuteen.<\/p>\n<p class=\"aw-1gybjub aw-1p7kakr kEtdKx cEmitX yle__article__paragraph\">Pient\u00e4 osaa tuomiosta KKO ei purkanut. Voimaan j\u00e4\u00e4neet osat olivat lievi\u00e4 osatekoja, jotka liittyiv\u00e4t t\u00f6rke\u00e4\u00e4n pahoinpitelyyn.<\/p>\n<p class=\"aw-1gybjub aw-1p7kakr kEtdKx cEmitX yle__article__paragraph\">Lainvoimaisen tuomion purkaminen on Suomessa harvinaista. Kyse on oikeusj\u00e4rjestelm\u00e4n toimivuudesta sek\u00e4 siit\u00e4, miten lapsia kuullaan rikosasiassa ja miten heid\u00e4n kertomuksiaan arvioidaan.<\/p>\n<p>Uusi k\u00e4sittely alkoi 2025<\/p>\n<p class=\"aw-1gybjub aw-1p7kakr kEtdKx cEmitX yle__article__paragraph\">K\u00e4r\u00e4j\u00e4oikeuteen palautetun rikosjutun p\u00e4\u00e4k\u00e4sittely alkoi Varsinais-Suomen k\u00e4r\u00e4j\u00e4oikeudessa lokakuussa 2025.<\/p>\n<p class=\"aw-1gybjub aw-1p7kakr kEtdKx cEmitX yle__article__paragraph\">Aueria syytet\u00e4\u00e4n kahdesta t\u00f6rke\u00e4st\u00e4 raiskauksesta, kolmesta t\u00f6rke\u00e4st\u00e4 lapsen seksuaalisesta hyv\u00e4ksik\u00e4yt\u00f6st\u00e4, yhdest\u00e4 lapsen seksuaalisesta hyv\u00e4ksik\u00e4yt\u00f6st\u00e4, kahdesta pakottamisesta seksuaaliseen tekoon, kolmesta t\u00f6rke\u00e4st\u00e4 pahoinpitelyst\u00e4 ja yhdest\u00e4 laittomasta uhkauksesta.<\/p>\n<p class=\"aw-1gybjub aw-1p7kakr kEtdKx cEmitX yle__article__paragraph\">Ihle\u00e4 syytet\u00e4\u00e4n kahdesta t\u00f6rke\u00e4st\u00e4 raiskauksesta, nelj\u00e4st\u00e4 t\u00f6rke\u00e4st\u00e4 lapsen seksuaalisesta hyv\u00e4ksik\u00e4yt\u00f6st\u00e4, kolmesta pakottamisesta seksuaaliseen tekoon ja yhdest\u00e4 pahoinpitelyst\u00e4.<\/p>\n<p class=\"aw-1gybjub aw-1p7kakr kEtdKx cEmitX yle__article__paragraph\">Syytt\u00e4jien mukaan teot tapahtuivat vuosina 2007\u20132009 Turussa ja Raisiossa. Teonkuvaukset sis\u00e4lt\u00e4v\u00e4t eritt\u00e4in <a class=\"aw-iao6s4 iHOxEa yle__article__link\" href=\"https:\/\/yle.fi\/a\/74-20182557\" role=\"link\" rel=\"nofollow noopener\" target=\"_blank\">raakaa ja sadistista seksuaaliv\u00e4kivaltaa<\/a>.<\/p>\n<p class=\"aw-1gybjub aw-1p7kakr kEtdKx cEmitX yle__article__paragraph\">K\u00e4yt\u00e4nn\u00f6ss\u00e4 koko seksuaalirikosjuttu k\u00e4siteltiin k\u00e4r\u00e4j\u00e4oikeudessa uudelleen kuin se olisi uusi rikosasia. K\u00e4sittely oli silti hyvin poikkeuksellinen ensinn\u00e4kin siksi, ett\u00e4 se k\u00e4siteltiin suurimmalta osin avoimin ovin.<\/p>\n<p class=\"aw-1gybjub aw-1p7kakr kEtdKx cEmitX yle__article__paragraph\">Toiseksi k\u00e4r\u00e4j\u00e4oikeudessa arvioitiin samojen henkil\u00f6iden eli Auerin lapsien alkuper\u00e4isi\u00e4 kertomuksia sek\u00e4 heid\u00e4n muuttuneita kertomuksiaan.<\/p>\n<p class=\"aw-1gybjub aw-1p7kakr kEtdKx cEmitX yle__article__paragraph\">My\u00f6s asiantuntijatodistelussa k\u00e4siteltiin sek\u00e4 alkuper\u00e4ist\u00e4 asiauntuntijatodistelua sek\u00e4 my\u00f6hemp\u00e4\u00e4 todistelua, jolla puolustus pyrki horjuttamaan alkuper\u00e4isten lausuntojen uskottavuutta.<\/p>\n<p><img decoding=\"async\" alt=\"lapsen iholta etsit\u00e4\u00e4n arpia.\" src=\"https:\/\/www.europesays.com\/fi\/wp-content\/uploads\/2026\/02\/39-159299569859d6abf63b.jpeg\" loading=\"lazy\" class=\"aw-1l9m598 hKVVvP\"\/><\/p>\n<p>Avaa kuvien katselu<\/p>\n<p>Auerin lasten iholta etsittiin arpia ultraviolettivalolla. Kuva: Oikeudenk\u00e4yntiaineisto<\/p>\n<p class=\"aw-1gybjub aw-1p7kakr kEtdKx cEmitX yle__article__paragraph\">Kolmanneksi asetelma oli poikkeuksellinen siksi, ett\u00e4 uudessa k\u00e4sittelyss\u00e4 rikoksen asianomistajat eli v\u00e4itetyt uhrit olivat samalla puolella rikoksesta syytettyjen kanssa. Heid\u00e4n mukaansa lasten alkuper\u00e4iset kertomukset syntyiv\u00e4t <a class=\"aw-iao6s4 iHOxEa yle__article__link\" href=\"https:\/\/yle.fi\/a\/74-20191973\" role=\"link\" rel=\"nofollow noopener\" target=\"_blank\">johdattelevassa ilmapiiriss\u00e4<\/a> Anneli Auerin veljen perheess\u00e4, jonne lapset oli sijoitettu.<\/p>\n<p class=\"aw-1gybjub aw-1p7kakr kEtdKx cEmitX yle__article__paragraph\">K\u00e4yt\u00e4nn\u00f6ss\u00e4 syytt\u00e4jien siis tulee pysty\u00e4 osoittamaan, ett\u00e4 sek\u00e4 syytetyt ett\u00e4 asianomistajat eiv\u00e4t puhu totta.<\/p>\n","protected":false},"excerpt":{"rendered":"Yle seuraa seksuaalirikos\u00adtuomion antamista suorassa l\u00e4hetyksess\u00e4 kello 9.45. Avaa kuvien katselu Anneli Auer ja Jens Ihle olivat jo&hellip;\n","protected":false},"author":2,"featured_media":233775,"comment_status":"","ping_status":"","sticky":false,"template":"","format":"standard","meta":{"footnotes":"","_share_on_mastodon":"0"},"categories":[5],"tags":[10877,22,23,26,27,33,31,30,17,71,24,25,28,29,15,2098,18,21,968,32,19,20,16],"class_list":["post-233774","post","type-post","status-publish","format-standard","has-post-thumbnail","category-otsikot","tag-anneli-auer","tag-breaking-news","tag-breakingnews","tag-featured-news","tag-featurednews","tag-fi","tag-finland","tag-finnish","tag-headlines","tag-kotimaa","tag-latest-news","tag-latestnews","tag-main-news","tag-mainnews","tag-news","tag-oikeudenkaynnit","tag-otsikot","tag-paauutiset","tag-satakunta","tag-suomi","tag-top-stories","tag-topstories","tag-uutiset"],"share_on_mastodon":{"url":"https:\/\/pubeurope.com\/@fi\/116486445882025960","error":""},"_links":{"self":[{"href":"https:\/\/www.europesays.com\/fi\/wp-json\/wp\/v2\/posts\/233774","targetHints":{"allow":["GET"]}}],"collection":[{"href":"https:\/\/www.europesays.com\/fi\/wp-json\/wp\/v2\/posts"}],"about":[{"href":"https:\/\/www.europesays.com\/fi\/wp-json\/wp\/v2\/types\/post"}],"author":[{"embeddable":true,"href":"https:\/\/www.europesays.com\/fi\/wp-json\/wp\/v2\/users\/2"}],"replies":[{"embeddable":true,"href":"https:\/\/www.europesays.com\/fi\/wp-json\/wp\/v2\/comments?post=233774"}],"version-history":[{"count":0,"href":"https:\/\/www.europesays.com\/fi\/wp-json\/wp\/v2\/posts\/233774\/revisions"}],"wp:featuredmedia":[{"embeddable":true,"href":"https:\/\/www.europesays.com\/fi\/wp-json\/wp\/v2\/media\/233775"}],"wp:attachment":[{"href":"https:\/\/www.europesays.com\/fi\/wp-json\/wp\/v2\/media?parent=233774"}],"wp:term":[{"taxonomy":"category","embeddable":true,"href":"https:\/\/www.europesays.com\/fi\/wp-json\/wp\/v2\/categories?post=233774"},{"taxonomy":"post_tag","embeddable":true,"href":"https:\/\/www.europesays.com\/fi\/wp-json\/wp\/v2\/tags?post=233774"}],"curies":[{"name":"wp","href":"https:\/\/api.w.org\/{rel}","templated":true}]}}