{"id":234204,"date":"2026-04-29T16:48:12","date_gmt":"2026-04-29T16:48:12","guid":{"rendered":"https:\/\/www.europesays.com\/fi\/234204\/"},"modified":"2026-04-29T16:48:12","modified_gmt":"2026-04-29T16:48:12","slug":"analyysi-anneli-auer-on-syyton-miten-se-on-mahdollista-kotimaa","status":"publish","type":"post","link":"https:\/\/www.europesays.com\/fi\/234204\/","title":{"rendered":"Analyysi: Anneli Auer on syyt\u00f6n \u2013 miten se on mahdollista? | Kotimaa"},"content":{"rendered":"<p class=\"aw-1gybjub aw-5vja16 kEtdKx kmuxyA yle__article__paragraph\">Anneli Auer ja Jens Ihle on tuomittu aiemmin kahteen kertaan seksuaali\u00adrikoksista. Nyt oikeus oli t\u00e4ysin eri mielt\u00e4. Miten se mahdollista, pohtii Ylen rikos- ja oikeus\u00adtoimittaja P\u00e4ivi Happonen.<\/p>\n<p><img decoding=\"async\" alt=\"Anneli Auer vastaamassa toimittajien kysymyksiin Varsinais-Suomen k\u00e4r\u00e4j\u00e4oikeudessa.\" src=\"https:\/\/www.europesays.com\/fi\/wp-content\/uploads\/2026\/04\/1762257668.jpeg\" class=\"aw-1l9m598 hKVVvP\"\/><\/p>\n<p>Avaa kuvien katselu<\/p>\n<p>Varsinais-Suomen k\u00e4r\u00e4j\u00e4oikeus kaatoi Anneli Auerin seksuaalirikossyytteet. Kuva: Kalle M\u00e4kel\u00e4 \/ Yle<img decoding=\"async\" alt=\"Yle Uutisten rikos- ja oikeustoimittaja P\u00e4ivi Happonen.\" src=\"https:\/\/www.europesays.com\/fi\/wp-content\/uploads\/2026\/04\/1765438131.jpeg\" class=\"aw-1l9m598 hKVVvP\"\/><\/p>\n<p class=\"aw-1gybjub aw-1p7kakr kEtdKx cEmitX yle__article__paragraph\"><strong class=\"aw-ak79eh KyCXm yle__article__strong\">Anneli Auer<\/strong> ja <strong class=\"aw-ak79eh KyCXm yle__article__strong\">Jens Ihle<\/strong> saivat keskiviikkona Varsinais-Suomen k\u00e4r\u00e4j\u00e4oikeudesta vappulahjan, joka j\u00e4\u00e4 Suomen rikoshistoriaan.<\/p>\n<p class=\"aw-1gybjub aw-1p7kakr kEtdKx cEmitX yle__article__paragraph\">K\u00e4r\u00e4j\u00e4oikeus <a class=\"aw-iao6s4 iHOxEa yle__article__link\" href=\"https:\/\/yle.fi\/a\/74-20218380\" role=\"link\" rel=\"nofollow noopener\" target=\"_blank\">murskasi<\/a> Auerin ja Ihlen seksuaali- ja pahoinpitelyrikossyytteet.<\/p>\n<p class=\"aw-1gybjub aw-1p7kakr kEtdKx cEmitX yle__article__paragraph\">Oikeuden viesti oli selke\u00e4: Auer ja Ihle eiv\u00e4t ole syyllistyneet Auerin lapsiin kohdistuneisiin rikoksiin.<\/p>\n<p class=\"aw-1gybjub aw-1p7kakr kEtdKx cEmitX yle__article__paragraph\">Varsinais-Suomen k\u00e4r\u00e4j\u00e4oikeuden ratkaisu on monellakin tapaa kiinnostava. Ei v\u00e4hiten siksi, ett\u00e4 samainen k\u00e4r\u00e4j\u00e4oikeus tuomitsi Auerin ja Ihlen vuonna 2012 Auerin lapsiin kohdistuneista seksuaalirikoksista.<\/p>\n<p class=\"aw-1gybjub aw-1p7kakr kEtdKx cEmitX yle__article__paragraph\">Vuotta my\u00f6hemmin my\u00f6s hovioikeus tuomitsi Auerin 7,5 vuoden ja Ihlen 10 vuoden vankeustuomioihin.<\/p>\n<p class=\"aw-1gybjub aw-1p7kakr kEtdKx cEmitX yle__article__paragraph\">He istuivat ensikertalaisina puolet tuomioistaan ensikertalaisina.<\/p>\n<p class=\"aw-1gybjub aw-1p7kakr kEtdKx cEmitX yle__article__paragraph\">Nyt Varsinais-Suomen k\u00e4r\u00e4j\u00e4oikeus siis p\u00e4\u00e4tti, ett\u00e4 Auer ja Ihle ovat syytt\u00f6mi\u00e4 ja vanhat tuomiot ovat siten v\u00e4\u00e4ri\u00e4.<\/p>\n<p class=\"aw-1gybjub aw-1p7kakr kEtdKx cEmitX yle__article__paragraph\">On syyt\u00e4 esitt\u00e4\u00e4 kysymys: Mit\u00e4 ihmett\u00e4 Suomen tuomioistuimissa tapahtuu?<\/p>\n<p>Miksi syytteet kaatuivat?<\/p>\n<p class=\"aw-1gybjub aw-1p7kakr kEtdKx cEmitX yle__article__paragraph\">Varsinais-Suomen k\u00e4r\u00e4j\u00e4oikeus kuunteli kuukausikaupalla todistajia, joita syytt\u00e4j\u00e4 ja puolustus marssittivat Turun oikeustalolle.<\/p>\n<p class=\"aw-1gybjub aw-1p7kakr kEtdKx cEmitX yle__article__paragraph\">Oikeuden kolme tuomaria ottivat vastaan my\u00f6s suuren m\u00e4\u00e4r\u00e4n muuta todistusaineistoa.<\/p>\n<p class=\"aw-1gybjub aw-1p7kakr kEtdKx cEmitX yle__article__paragraph\">Syytt\u00e4j\u00e4n keskeinen n\u00e4ytt\u00f6 olivat lasten aiemmat kertomukset heihin kohdistuneista teoista.<\/p>\n<p class=\"aw-1gybjub aw-1p7kakr kEtdKx cEmitX yle__article__paragraph\">Syytt\u00e4j\u00e4 <a class=\"aw-iao6s4 iHOxEa yle__article__link\" href=\"https:\/\/yle.fi\/a\/74-20206672\" role=\"link\" rel=\"nofollow noopener\" target=\"_blank\">toi<\/a> oikeuteen my\u00f6s monenlaista asiantuntijalausuntoa lasten vammoista.<\/p>\n<p class=\"aw-1gybjub aw-1p7kakr kEtdKx cEmitX yle__article__paragraph\">Puolustus <a class=\"aw-iao6s4 iHOxEa yle__article__link\" href=\"https:\/\/yle.fi\/a\/74-20206863\" role=\"link\" rel=\"nofollow noopener\" target=\"_blank\">nojasi<\/a> lasten uusin kertomuksiin. Eli niihin, joissa lapset kertoivat, ett\u00e4 mit\u00e4\u00e4n rikoksia ei ollutkaan tapahtunut.<\/p>\n<p class=\"aw-1gybjub aw-1p7kakr kEtdKx cEmitX yle__article__paragraph\">Varsinais-Suomen k\u00e4r\u00e4j\u00e4oikeuden tuomio on noin 250 sivua ja painavaa luettavaa.<\/p>\n<p class=\"aw-1gybjub aw-1p7kakr kEtdKx cEmitX yle__article__paragraph\">Oikeus toteaa, ett\u00e4 lasten aiemmat kertomukset ovat ep\u00e4uskottavia, eiv\u00e4tk\u00e4 ne saa merkityksellisell\u00e4 tavalla tukea muusta todistelusta.<\/p>\n<p class=\"aw-1gybjub aw-1p7kakr kEtdKx cEmitX yle__article__paragraph\">Lasten aiemmat kertomukset ovat jopa selv\u00e4ss\u00e4 ristiriidassa muun todistelun kanssa, lausuu k\u00e4r\u00e4j\u00e4oikeus.<\/p>\n<p class=\"aw-1gybjub aw-1p7kakr kEtdKx cEmitX yle__article__paragraph\">Oikeuden viesti on syytt\u00e4j\u00e4lle tyly\u00e4.<\/p>\n<p class=\"aw-1gybjub aw-1p7kakr kEtdKx cEmitX yle__article__paragraph\">Syytt\u00e4j\u00e4n syytteet eiv\u00e4t tulleet milt\u00e4\u00e4n osin todistetuksi kuukausia kest\u00e4neess\u00e4 oikeudenk\u00e4ynniss\u00e4.<\/p>\n<p><img decoding=\"async\" alt=\"Nainen median edess\u00e4.\" src=\"https:\/\/www.europesays.com\/fi\/wp-content\/uploads\/2026\/04\/1764847117.jpeg\" loading=\"lazy\" class=\"aw-1l9m598 hKVVvP\"\/><\/p>\n<p>Avaa kuvien katselu<\/p>\n<p>Erikoissyytt\u00e4j\u00e4 Leena Koivuniemi ajoi syytteit\u00e4 kahden muun syytt\u00e4j\u00e4n kanssa Varsinais-Suomen k\u00e4r\u00e4j\u00e4oikeudessa. Kuva: Kalle M\u00e4kel\u00e4 \/ YleMieleen hiipii kammottava ajatus<\/p>\n<p class=\"aw-1gybjub aw-1p7kakr kEtdKx cEmitX yle__article__paragraph\">Varsinais-Suomen k\u00e4r\u00e4j\u00e4oikeuden tuomio ei ole lainvoimainen.<\/p>\n<p class=\"aw-1gybjub aw-1p7kakr kEtdKx cEmitX yle__article__paragraph\">Auer ja Ihle joutuvat j\u00e4nnitt\u00e4m\u00e4\u00e4n ensi viikkoon, jolloin syytt\u00e4j\u00e4 kertoo, aikooko se valittaa tuomiosta hovioikeuteen.<\/p>\n<p class=\"aw-1gybjub aw-1p7kakr kEtdKx cEmitX yle__article__paragraph\">Sit\u00e4 odottaessa monen mieless\u00e4 py\u00f6rii isoja kysymyksi\u00e4.<\/p>\n<p class=\"aw-1gybjub aw-1p7kakr kEtdKx cEmitX yle__article__paragraph\">Miten Suomessa voi joutua syytt\u00f6m\u00e4n\u00e4 vankilaan?<\/p>\n<p class=\"aw-1gybjub aw-1p7kakr kEtdKx cEmitX yle__article__paragraph\">Voiko Suomen oikeusj\u00e4rjestelm\u00e4\u00e4n en\u00e4\u00e4 luottaa?<\/p>\n<p class=\"aw-1gybjub aw-1p7kakr kEtdKx cEmitX yle__article__paragraph\">Kielt\u00e4m\u00e4tt\u00e4 mieleen hiipii kammottava ajatus.<\/p>\n<p class=\"aw-1gybjub aw-1p7kakr kEtdKx cEmitX yle__article__paragraph\">Jos n\u00e4in suuressa ja vakavassa rikosjutussa menn\u00e4\u00e4n n\u00e4in pahasti mets\u00e4\u00e4n, miten sitten muissa rikosjutuissa?<\/p>\n<p class=\"aw-1gybjub aw-1p7kakr kEtdKx cEmitX yle__article__paragraph\">Jos Varsinais-Suomen k\u00e4r\u00e4j\u00e4oikeuden tuomio j\u00e4\u00e4 lainvoimaiseksi, yksi asia on varmaa.<\/p>\n<p class=\"aw-1gybjub aw-1p7kakr kEtdKx cEmitX yle__article__paragraph\">Suomen oikeuslaitos on mokannut ja pahasti.<\/p>\n<p class=\"aw-1gybjub aw-1p7kakr kEtdKx cEmitX yle__article__paragraph\">\u2013 Auer ja Ihle ovat joutuneet oikeusmurhan uhriksi, jos k\u00e4r\u00e4j\u00e4oikeuden tuomio j\u00e4\u00e4 voimaan, rikosoikeuden apulaisprofessori <strong class=\"aw-ak79eh KyCXm yle__article__strong\">Tatu Hyttinen<\/strong> sanoi k\u00e4r\u00e4j\u00e4oikeuden ratkaisun j\u00e4lkeen.<\/p>\n<p class=\"aw-1gybjub aw-1p7kakr kEtdKx cEmitX yle__article__paragraph\">Mutta oikeusoppinut luottaa edelleen Suomen oikeusj\u00e4rjestelm\u00e4\u00e4n.<\/p>\n<p class=\"aw-1gybjub aw-1p7kakr kEtdKx cEmitX yle__article__paragraph\">Hyttinen totesi heti lausumansa per\u00e4\u00e4n, ett\u00e4 Auerin oikeusjuttu on poikkeuksellinen.<\/p>\n<p class=\"aw-1gybjub aw-1p7kakr kEtdKx cEmitX yle__article__paragraph\">Anneli Auer on tuomittu ja vapautettu kaksi kertaa puolisonsa <strong class=\"aw-ak79eh KyCXm yle__article__strong\">Jukka S. Lahden<\/strong> murhasta.<\/p>\n<p class=\"aw-1gybjub aw-1p7kakr kEtdKx cEmitX yle__article__paragraph\">Auer on my\u00f6s tuomittu kaksi kertaa \u2013 ja vapautettu kerran \u2013 lapsiinsa kohdistuvista seksuaalirikossyytteist\u00e4.<\/p>\n<p class=\"aw-1gybjub aw-1p7kakr kEtdKx cEmitX yle__article__paragraph\">Ensi viikolla selvi\u00e4\u00e4, p\u00e4\u00e4ttyyk\u00f6 Auerin 20 vuotta kest\u00e4nyt oikeustaival t\u00e4h\u00e4n.<\/p>\n<p class=\"aw-1gybjub aw-1p7kakr kEtdKx cEmitX yle__article__paragraph\"><strong class=\"aw-ak79eh KyCXm yle__article__strong\">N\u00e4in erikoissyytt\u00e4j\u00e4 Leena Koivuniemi kommentoi k\u00e4r\u00e4j\u00e4oikeuden ratkaisua:<\/strong><\/p>\n","protected":false},"excerpt":{"rendered":"Anneli Auer ja Jens Ihle on tuomittu aiemmin kahteen kertaan seksuaali\u00adrikoksista. Nyt oikeus oli t\u00e4ysin eri mielt\u00e4. Miten&hellip;\n","protected":false},"author":2,"featured_media":234205,"comment_status":"","ping_status":"","sticky":false,"template":"","format":"standard","meta":{"footnotes":"","_share_on_mastodon":"0"},"categories":[12],"tags":[10877,22,23,26,27,33,31,30,17,71,24,25,28,29,15,2098,18,21,4353,32,19,20,16,6472],"class_list":["post-234204","post","type-post","status-publish","format-standard","has-post-thumbnail","category-suomi","tag-anneli-auer","tag-breaking-news","tag-breakingnews","tag-featured-news","tag-featurednews","tag-fi","tag-finland","tag-finnish","tag-headlines","tag-kotimaa","tag-latest-news","tag-latestnews","tag-main-news","tag-mainnews","tag-news","tag-oikeudenkaynnit","tag-otsikot","tag-paauutiset","tag-seksuaalirikokset","tag-suomi","tag-top-stories","tag-topstories","tag-uutiset","tag-varsinais-suomen-karajaoikeus"],"share_on_mastodon":{"url":"https:\/\/pubeurope.com\/@fi\/116489021561204850","error":""},"_links":{"self":[{"href":"https:\/\/www.europesays.com\/fi\/wp-json\/wp\/v2\/posts\/234204","targetHints":{"allow":["GET"]}}],"collection":[{"href":"https:\/\/www.europesays.com\/fi\/wp-json\/wp\/v2\/posts"}],"about":[{"href":"https:\/\/www.europesays.com\/fi\/wp-json\/wp\/v2\/types\/post"}],"author":[{"embeddable":true,"href":"https:\/\/www.europesays.com\/fi\/wp-json\/wp\/v2\/users\/2"}],"replies":[{"embeddable":true,"href":"https:\/\/www.europesays.com\/fi\/wp-json\/wp\/v2\/comments?post=234204"}],"version-history":[{"count":0,"href":"https:\/\/www.europesays.com\/fi\/wp-json\/wp\/v2\/posts\/234204\/revisions"}],"wp:featuredmedia":[{"embeddable":true,"href":"https:\/\/www.europesays.com\/fi\/wp-json\/wp\/v2\/media\/234205"}],"wp:attachment":[{"href":"https:\/\/www.europesays.com\/fi\/wp-json\/wp\/v2\/media?parent=234204"}],"wp:term":[{"taxonomy":"category","embeddable":true,"href":"https:\/\/www.europesays.com\/fi\/wp-json\/wp\/v2\/categories?post=234204"},{"taxonomy":"post_tag","embeddable":true,"href":"https:\/\/www.europesays.com\/fi\/wp-json\/wp\/v2\/tags?post=234204"}],"curies":[{"name":"wp","href":"https:\/\/api.w.org\/{rel}","templated":true}]}}