{"id":23421,"date":"2025-09-02T12:05:08","date_gmt":"2025-09-02T12:05:08","guid":{"rendered":"https:\/\/www.europesays.com\/fi\/23421\/"},"modified":"2025-09-02T12:05:08","modified_gmt":"2025-09-02T12:05:08","slug":"sanna-marin-julkaisi-uusia-kuvia-ystava-sylissa","status":"publish","type":"post","link":"https:\/\/www.europesays.com\/fi\/23421\/","title":{"rendered":"Sanna Marin julkaisi uusia kuvia: Yst\u00e4v\u00e4 syliss\u00e4"},"content":{"rendered":"<p>Sanna Marinin kes\u00e4 on ollut tapahtumarikas.<\/p>\n<p><img decoding=\"async\" class=\"image image-show image-preview\" src=\"https:\/\/www.europesays.com\/fi\/wp-content\/uploads\/2025\/09\/555652e703b10a04e25b97934d24a1fc6973b8f651757a553a22cf5fbe847730.jpg\" alt=\"\"\/><img decoding=\"async\" class=\"image image-show\" src=\"https:\/\/www.europesays.com\/fi\/wp-content\/uploads\/2025\/09\/1756814708_830_555652e703b10a04e25b97934d24a1fc6973b8f651757a553a22cf5fbe847730.jpg\" alt=\"\"\/><\/p>\n<p>Sanna Marin on viett\u00e4nyt kes\u00e4\u00e4ns\u00e4 yst\u00e4viens\u00e4 seurassa. Maarit Pohjanpalo<\/p>\n<p class=\"paragraph\">Entinen p\u00e4\u00e4ministeri <a href=\"https:\/\/www.iltalehti.fi\/henkilot\/Sanna Marin\" class=\"article-link-person-page\" rel=\"nofollow noopener\" target=\"_blank\">Sanna Marin<\/a> on julkaissut Instagramissaan p\u00e4\u00e4ttyv\u00e4n kes\u00e4n kunniaksi kuvakarusellin, jossa h\u00e4n jakaa kes\u00e4ns\u00e4 kohokohtia.<\/p>\n<p class=\"paragraph\">Kuvista p\u00e4\u00e4tellen Marin on viett\u00e4nyt rennon ja tapahtumarikkaan kes\u00e4n l\u00e4heistens\u00e4 kanssa. Monissa kuvissa h\u00e4n poseeraa yst\u00e4viens\u00e4 seurassa juhlatunnelmissa, usein kuohuviinilasit k\u00e4dess\u00e4 tai p\u00f6yd\u00e4ll\u00e4.<\/p>\n<p class=\"paragraph\">\u2013 Kiitos kes\u00e4 ja rakkaat yst\u00e4v\u00e4ni! h\u00e4n kirjoittaa kuvatekstiin.<\/p>\n<p class=\"paragraph\">Jos julkaisu ei n\u00e4y, voit katsoa sen <a href=\"https:\/\/www.instagram.com\/p\/DOGL74jjWsU\/?img_index=1\" target=\"_blank\" rel=\"noopener nofollow\">t\u00e4st\u00e4<\/a>.<\/p>\n<p class=\"paragraph\">Marin poseeraa kuvissa jo tutuiksi tulleiden yst\u00e4viens\u00e4 seurassa, kuten n\u00e4yttelij\u00e4 <a href=\"https:\/\/www.iltalehti.fi\/henkilot\/Minka Kuustonen\" class=\"article-link-person-page\" rel=\"nofollow noopener\" target=\"_blank\">Minka Kuustosen<\/a>, laulaja <a href=\"https:\/\/www.iltalehti.fi\/henkilot\/Kristiina Wheeler\" class=\"article-link-person-page\" rel=\"nofollow noopener\" target=\"_blank\">Kristiina Wheelerin<\/a>, kansanedustaja <a href=\"https:\/\/www.iltalehti.fi\/henkilot\/Nasima Razmyar\" class=\"article-link-person-page\" rel=\"nofollow noopener\" target=\"_blank\">Nasima Razmyarin<\/a> sek\u00e4 sijoitusalalla toimivan <a href=\"https:\/\/www.iltalehti.fi\/henkilot\/Pippa Lamb\" class=\"article-link-person-page\" rel=\"nofollow noopener\" target=\"_blank\">Pippa Lambin<\/a> kanssa. Yhdess\u00e4 otoksessa h\u00e4n pit\u00e4\u00e4 Kuustosta syliss\u00e4\u00e4n ja irvist\u00e4\u00e4 iloisesti kameralle.<\/p>\n<p class=\"paragraph\">Kyseinen kuva on aiemmin n\u00e4hty Marinin Instagram-tarinassa Kuustosen 40-vuotisjuhlista, jolloin taustalla soi <a href=\"https:\/\/www.iltalehti.fi\/henkilot\/Britney Spears\" class=\"article-link-person-page\" rel=\"nofollow noopener\" target=\"_blank\">Britney Spearsin<\/a> kappale Stronger.<\/p>\n<p class=\"paragraph\">Instagram-koosteessa on my\u00f6s videoita erilaisista konserteista sek\u00e4 kuvia lomamatkalta Italiassa.<\/p>\n<p class=\"paragraph\">Iltalehti uutisoi elokuun lopulla vietetyist\u00e4 Minka Kuustosen <a href=\"https:\/\/www.iltalehti.fi\/viihdeuutiset\/34a43c46-7f46-41d7-9608-35a4468c34de\" rel=\"nofollow noopener\" target=\"_blank\">40-vuotisjuhlista<\/a>, joissa Marin n\u00e4htiin tyylikk\u00e4\u00e4n\u00e4 samassa seurueessa.<\/p>\n<p class=\"paragraph\">Seurueen j\u00e4senet ovat tuttuja my\u00f6s aiemmista Marinin julkaisuista, kuten kuvista <a href=\"https:\/\/www.iltalehti.fi\/viihdeuutiset\/d79e4e8f-0e95-4f47-9c88-235cca1c97d5\" rel=\"nofollow noopener\" target=\"_blank\">Flow-festivaaleilta<\/a> ja <a href=\"https:\/\/www.iltalehti.fi\/viihdeuutiset\/5e96c089-3dad-44c4-b7d0-cbfef8846b62\" rel=\"nofollow noopener\" target=\"_blank\">Venetsian lomamatkalta<\/a>.<\/p>\n<p class=\"paragraph\">Jos julkaisu ei n\u00e4y, voit katsoa sen <a href=\"https:\/\/www.instagram.com\/p\/DNNlvZgt23r\/?img_index=1\" target=\"_blank\" rel=\"noopener nofollow\">t\u00e4st\u00e4<\/a>.<\/p>\n<p><script async src=\"\/\/www.instagram.com\/embed.js\"><\/script><\/p>\n","protected":false},"excerpt":{"rendered":"Sanna Marinin kes\u00e4 on ollut tapahtumarikas. Sanna Marin on viett\u00e4nyt kes\u00e4\u00e4ns\u00e4 yst\u00e4viens\u00e4 seurassa. Maarit Pohjanpalo Entinen p\u00e4\u00e4ministeri Sanna&hellip;\n","protected":false},"author":2,"featured_media":23422,"comment_status":"","ping_status":"","sticky":false,"template":"","format":"standard","meta":{"footnotes":""},"categories":[136],"tags":[35,138,407,137,33,31,30,408,47,888,885,887,32,109],"class_list":{"0":"post-23421","1":"post","2":"type-post","3":"status-publish","4":"format-standard","5":"has-post-thumbnail","7":"category-julkkikset","8":"tag-24h","9":"tag-audio","10":"tag-celebrities","11":"tag-entertainment","12":"tag-fi","13":"tag-finland","14":"tag-finnish","15":"tag-julkkikset","16":"tag-musiikki","17":"tag-suomalaiset-poliitikot","18":"tag-suomen-poliittiset-puolueet","19":"tag-suomen-politiikka","20":"tag-suomi","21":"tag-viihde"},"share_on_mastodon":{"url":"","error":""},"_links":{"self":[{"href":"https:\/\/www.europesays.com\/fi\/wp-json\/wp\/v2\/posts\/23421","targetHints":{"allow":["GET"]}}],"collection":[{"href":"https:\/\/www.europesays.com\/fi\/wp-json\/wp\/v2\/posts"}],"about":[{"href":"https:\/\/www.europesays.com\/fi\/wp-json\/wp\/v2\/types\/post"}],"author":[{"embeddable":true,"href":"https:\/\/www.europesays.com\/fi\/wp-json\/wp\/v2\/users\/2"}],"replies":[{"embeddable":true,"href":"https:\/\/www.europesays.com\/fi\/wp-json\/wp\/v2\/comments?post=23421"}],"version-history":[{"count":0,"href":"https:\/\/www.europesays.com\/fi\/wp-json\/wp\/v2\/posts\/23421\/revisions"}],"wp:featuredmedia":[{"embeddable":true,"href":"https:\/\/www.europesays.com\/fi\/wp-json\/wp\/v2\/media\/23422"}],"wp:attachment":[{"href":"https:\/\/www.europesays.com\/fi\/wp-json\/wp\/v2\/media?parent=23421"}],"wp:term":[{"taxonomy":"category","embeddable":true,"href":"https:\/\/www.europesays.com\/fi\/wp-json\/wp\/v2\/categories?post=23421"},{"taxonomy":"post_tag","embeddable":true,"href":"https:\/\/www.europesays.com\/fi\/wp-json\/wp\/v2\/tags?post=23421"}],"curies":[{"name":"wp","href":"https:\/\/api.w.org\/{rel}","templated":true}]}}