{"id":23423,"date":"2025-09-02T12:08:08","date_gmt":"2025-09-02T12:08:08","guid":{"rendered":"https:\/\/www.europesays.com\/fi\/23423\/"},"modified":"2025-09-02T12:08:08","modified_gmt":"2025-09-02T12:08:08","slug":"alone-suomi-kilpailija-epatoivoisena-kaikki-on-mennyt-aivan-pain-persetta","status":"publish","type":"post","link":"https:\/\/www.europesays.com\/fi\/23423\/","title":{"rendered":"Alone Suomi -kilpailija ep\u00e4toivoisena \u2013 \u201dKaikki on mennyt aivan p\u00e4in persett\u00e4\u201d"},"content":{"rendered":"<p>\n            Alone Suomi. Liisa. MTV.<br \/>\n            MTV\n        <\/p>\n<p class=\"subtitle \">Kilpailijat yritt\u00e4v\u00e4t selviyty\u00e4 mahdollisimman kauan Lapin er\u00e4maassa.<\/p>\n<p class=\"article-content article-content-width !bg-background\">Alone Suomi -uutuussarjassa kahdeksan kilpailijaa vied\u00e4\u00e4n Inarin er\u00e4maihin. Heid\u00e4n teht\u00e4v\u00e4n\u00e4\u00e4n on yritt\u00e4\u00e4 rajallisin resurssein selvit\u00e4 mahdollisimman kauan heille annetuilla reviireill\u00e4 ja voittajana on luonnollisesti viimeisen\u00e4 leikin lopettava.<\/p>\n<p class=\"font-weight-bold m-font-weight-bold italic m-italic article-content article-content-width !bg-background\">Video: Ripsa Koskinen-Papunen paljastaa, mit\u00e4 tekee ennen l\u00e4hetyst\u00e4<\/p>\n<p class=\"article-content article-content-width !bg-background\">Kilpailijat viett\u00e4v\u00e4t seikkailunsa t\u00e4ysin yksin, ilman yhteytt\u00e4 ulkomaailmaan. He kuvaavat kokemuksensa itse. Kahdeksikko ei my\u00f6sk\u00e4\u00e4n tied\u00e4 mit\u00e4\u00e4n toistensa p\u00e4rj\u00e4\u00e4misest\u00e4.<\/p>\n<p class=\"article-content article-content-width !bg-background\">\u2013 T\u00e4m\u00e4h\u00e4n on p\u00e4\u00e4peli\u00e4. Taistelua siit\u00e4, kell\u00e4 p\u00e4\u00e4 kest\u00e4\u00e4 pisimp\u00e4\u00e4n kylm\u00e4\u00e4, n\u00e4lk\u00e4\u00e4 ja yksin\u00e4isyytt\u00e4, Rantsilasta tuleva kalanjalostaja , 31, tiivist\u00e4\u00e4.<\/p>\n<p>        <a itemprop=\"url\" href=\"https:\/\/www.seiska.fi\/katso\/ovatko-alone-suomen-kilpailijat-oikeasti-yksin-tuotanto-paljastaa\/1910622\" rel=\"nofollow noopener\" target=\"_blank\"><\/p>\n<p>\nAlone Suomi -paljastus\n<\/p>\n<p class=\"section-date\">\n        <strong class=\"article-section\" data-section=\"katso\"><br \/>\n            katso<br \/>\n        <\/strong><br \/>\n        27.8. 09:15\n    <\/p>\n<p>    Ovatko Alone Suomen kilpailijat oikeasti yksin? Tuotanto paljastaa<\/p>\n<p itemprop=\"description\" class=\"subtitle \">\n    Uutuussarjassa kahdeksan kilpailijaa yritt\u00e4\u00e4 selviyty\u00e4 mahdollisimman kauan yksin Lapin perukoilla.\n<\/p>\n<p>        <\/a><\/p>\n<p>Isot tasoerot<\/p>\n<p class=\"article-content article-content-width !bg-background\">Avausosassa paljastuu, kuinka erilaisista taustoista kisaajat ovat tulleet kamppailuun. 45-vuotias helsinkil\u00e4inen sekaty\u00f6l\u00e4inen  on jo ennest\u00e4\u00e4n intohimoinen vaeltaja.<\/p>\n<p class=\"article-content article-content-width !bg-background\">\u2013 Ai ett\u00e4, t\u00e4st\u00e4 tulee hienot pari kuukautta. Oma koti kullan kallis, Aki riemuitsee h\u00e4nelle varatulle alueelleen p\u00e4\u00e4sty\u00e4\u00e4n.<\/p>\n<p>        <a itemprop=\"url\" href=\"https:\/\/www.seiska.fi\/katso\/ala-missaa-naita-tassa-ovat-tv-syksyn-kovimmat-tarpit\/1915359\" rel=\"nofollow noopener\" target=\"_blank\"><\/p>\n<p>\n\u00c4l\u00e4 missaa!\n<\/p>\n<p class=\"section-date\">\n        <strong class=\"article-section\" data-section=\"katso\"><br \/>\n            katso<br \/>\n        <\/strong><br \/>\n        30.8. 08:15\n    <\/p>\n<p>    \u00c4l\u00e4 missaa n\u00e4it\u00e4! T\u00e4ss\u00e4 ovat tv-syksyn kovimmat t\u00e4rpit<\/p>\n<p itemprop=\"description\" class=\"subtitle \">\n    Onko oma suosikkisi listalla?\n<\/p>\n<p>        <\/a><\/p>\n<p class=\"article-content article-content-width !bg-background\">Vahvoilla vaikuttaa olevan my\u00f6s biologi Jyv\u00e4skyl\u00e4st\u00e4, , 41.<\/p>\n<p class=\"article-content article-content-width !bg-background\">\u2013 Minulla on varmaan henkisi\u00e4 ominaisuuksia fyysisi\u00e4 ominaisuuksia enemm\u00e4n, jotka auttavat t\u00e4\u00e4ll\u00e4. Henkisiin ominaisuuksiin lasken luonnon lukemisen kyvyn ja el\u00e4m\u00e4nmittaisen kokemuksen luonnosta ja kalastamisesta, Jaakko luettelee.<\/p>\n<p class=\"article-content article-content-width !bg-background\">\u2013 Mihin min\u00e4 olen itseni ajanut? En ole koskaan k\u00e4ynyt er\u00e4maassa. Pelottaa ihan hirve\u00e4sti, vantaalainen asiakkuusvastaava , 43, puolestaan tunnustaa.<\/p>\n<p>Kuusikymppiset ovat ongelmissa<\/p>\n<p class=\"article-content article-content-width !bg-background\">Utsjoelta tuleva el\u00e4kel\u00e4inen , 68, on itsevarmana.<\/p>\n<p class=\"article-content article-content-width !bg-background\">\u2013 T\u00e4m\u00e4 on minun maailmani. Siin\u00e4 on sellainen luola, jonka mittakaava on juuri sopiva leirin tekoon. T\u00e4h\u00e4n min\u00e4 teen lattian, tuohon tulee sauna, Esa suunnittelee.<\/p>\n<p>        <a itemprop=\"url\" href=\"https:\/\/www.seiska.fi\/katso\/uusi-tosi-tv-ohjelma-alkaa-tassa-ovat-kilpailijat\/1888616\" rel=\"nofollow noopener\" target=\"_blank\"><\/p>\n<p>\nT\u00e4ss\u00e4 ovat kilpailijat\n<\/p>\n<p class=\"section-date\">\n        <strong class=\"article-section\" data-section=\"katso\"><br \/>\n            katso<br \/>\n        <\/strong><br \/>\n        4.8. 08:24\n    <\/p>\n<p>    Uusi tosi-tv-ohjelma alkaa \u2013 t\u00e4ss\u00e4 ovat kilpailijat<\/p>\n<p itemprop=\"description\" class=\"subtitle \">\n    Voittajalle on luvassa 20 000 euron voittopotti.\n<\/p>\n<p>        <\/a><\/p>\n<p class=\"article-content article-content-width !bg-background\">Jo ensimm\u00e4isen jakson aikana tulee silti ongelmia.<\/p>\n<p class=\"article-content article-content-width !bg-background\">\u2013 Olikohan minulla v\u00e4\u00e4r\u00e4nlaiset tavoitteet? Ei mennyt ihan nappiin. Meinasin laittaa verkot vesille, mutta siit\u00e4 ei tullut suomeksi sanottuna mit\u00e4\u00e4n, Esa tilitt\u00e4\u00e4 y\u00f6llisess\u00e4 tilinteossa.<\/p>\n<p class=\"article-content article-content-width !bg-background\">\u2013 Eik\u00e4 ole majoitus tehtyn\u00e4. Eik\u00e4 marjat poimittuna, Esa harmittelee.<\/p>\n<p>                <img decoding=\"async\" src=\"https:\/\/www.europesays.com\/fi\/wp-content\/uploads\/2025\/09\/1917324.webp\" width=\"576\" height=\"274\" alt=\"Alone Suomessa kilpailevat sekaty\u00f6l\u00e4inen Aki, tatuoija Petteri, p\u00e4tk\u00e4ty\u00f6l\u00e4inen Liisa, el\u00e4kel\u00e4inen Esa, biologi Jaakko, er\u00e4opas Petra, kalanjalostaja Eetu ja asiakkuusvastaava Repe.\" loading=\"lazy\" \/>            <\/p>\n<p>\n            Alone Suomessa kilpailevat sekaty\u00f6l\u00e4inen Aki, tatuoija Petteri, p\u00e4tk\u00e4ty\u00f6l\u00e4inen Liisa, el\u00e4kel\u00e4inen Esa, biologi Jaakko, er\u00e4opas Petra, kalanjalostaja Eetu ja asiakkuusvastaava Repe.<br \/>\n            MTV\n        <\/p>\n<p class=\"article-content article-content-width !bg-background\">Samoissa tunnelmissa on 60-vuotias p\u00e4tk\u00e4ty\u00f6l\u00e4inen  Porista.<\/p>\n<p class=\"article-content article-content-width !bg-background\">\u2013 Kaikki on mennyt aivan p\u00e4in persett\u00e4. Maja j\u00e4i tekem\u00e4tt\u00e4, kaikki oli aina hukassa, eik\u00e4 mik\u00e4\u00e4n onnistunut. Minulla on nyt eritt\u00e4in ep\u00e4toivoinen olo, Liisa tuskailee.<\/p>\n<p class=\"italic m-italic article-content article-content-width !bg-background\">Alone Suomi alkaa MTV3:lla tiistaina 9.9. kello 21.00.<\/p>\n<p>        <a itemprop=\"url\" href=\"https:\/\/www.seiska.fi\/katso\/latelan-lauri-huttuselta-ja-sarkku-rakkaalta-yllattava-paljastus-avioliitostaan\/1917301\" rel=\"nofollow noopener\" target=\"_blank\"><\/p>\n<p>\nLatelan Lauri ja Sarkku-rakas\n<\/p>\n<p class=\"section-date\">\n        <strong class=\"article-section\" data-section=\"katso\"><br \/>\n            katso<br \/>\n        <\/strong><br \/>\n        1.9. 15:15\n    <\/p>\n<p>    Latelan Lauri Huttuselta ja Sarkku-rakkaalta yll\u00e4tt\u00e4v\u00e4 paljastus avioliitostaan<\/p>\n<p itemprop=\"description\" class=\"subtitle \">\n    Tuore aviopari kertoo aiemmin karsastaneensa ajatusta avioliitosta.\n<\/p>\n<p>        <\/a><\/p>\n","protected":false},"excerpt":{"rendered":"Alone Suomi. Liisa. MTV. MTV Kilpailijat yritt\u00e4v\u00e4t selviyty\u00e4 mahdollisimman kauan Lapin er\u00e4maassa. Alone Suomi -uutuussarjassa kahdeksan kilpailijaa vied\u00e4\u00e4n&hellip;\n","protected":false},"author":2,"featured_media":23424,"comment_status":"","ping_status":"","sticky":false,"template":"","format":"standard","meta":{"footnotes":""},"categories":[133],"tags":[6548,7728,137,33,31,30,6545,5345,7727,905,7712,32,206,156,109],"class_list":{"0":"post-23423","1":"post","2":"type-post","3":"status-publish","4":"format-standard","5":"has-post-thumbnail","7":"category-televisiot","8":"tag-alone-suomi","9":"tag-alone-suomi-liisa","10":"tag-entertainment","11":"tag-fi","12":"tag-finland","13":"tag-finnish","14":"tag-inarin-eramaa","15":"tag-kilpailijat","16":"tag-liisa","17":"tag-mtv3","18":"tag-selviytyminen","19":"tag-suomi","20":"tag-televisiot","21":"tag-tv","22":"tag-viihde"},"share_on_mastodon":{"url":"","error":""},"_links":{"self":[{"href":"https:\/\/www.europesays.com\/fi\/wp-json\/wp\/v2\/posts\/23423","targetHints":{"allow":["GET"]}}],"collection":[{"href":"https:\/\/www.europesays.com\/fi\/wp-json\/wp\/v2\/posts"}],"about":[{"href":"https:\/\/www.europesays.com\/fi\/wp-json\/wp\/v2\/types\/post"}],"author":[{"embeddable":true,"href":"https:\/\/www.europesays.com\/fi\/wp-json\/wp\/v2\/users\/2"}],"replies":[{"embeddable":true,"href":"https:\/\/www.europesays.com\/fi\/wp-json\/wp\/v2\/comments?post=23423"}],"version-history":[{"count":0,"href":"https:\/\/www.europesays.com\/fi\/wp-json\/wp\/v2\/posts\/23423\/revisions"}],"wp:featuredmedia":[{"embeddable":true,"href":"https:\/\/www.europesays.com\/fi\/wp-json\/wp\/v2\/media\/23424"}],"wp:attachment":[{"href":"https:\/\/www.europesays.com\/fi\/wp-json\/wp\/v2\/media?parent=23423"}],"wp:term":[{"taxonomy":"category","embeddable":true,"href":"https:\/\/www.europesays.com\/fi\/wp-json\/wp\/v2\/categories?post=23423"},{"taxonomy":"post_tag","embeddable":true,"href":"https:\/\/www.europesays.com\/fi\/wp-json\/wp\/v2\/tags?post=23423"}],"curies":[{"name":"wp","href":"https:\/\/api.w.org\/{rel}","templated":true}]}}