{"id":23425,"date":"2025-09-02T12:10:08","date_gmt":"2025-09-02T12:10:08","guid":{"rendered":"https:\/\/www.europesays.com\/fi\/23425\/"},"modified":"2025-09-02T12:10:08","modified_gmt":"2025-09-02T12:10:08","slug":"uudessa-stephen-king-elokuvassa-tapetaan-julmasti-jopa-alaikaisia-jos-se-ei-sovi-ala-tee-sita-ohjeisti-kauhulegenda-ohjaajaa","status":"publish","type":"post","link":"https:\/\/www.europesays.com\/fi\/23425\/","title":{"rendered":"Uudessa Stephen King -elokuvassa tapetaan julmasti jopa alaik\u00e4isi\u00e4 &#8211; &#8221;Jos se ei sovi, \u00e4l\u00e4 tee sit\u00e4&#8221;, ohjeisti kauhulegenda ohjaajaa"},"content":{"rendered":"\n<p><strong>The Long Walk -elokuva pohjautuu Stephen Kingin salanimell\u00e4 Richard Bachman kirjoittamaan Pitk\u00e4 marssi -romaaniin vuodelta 1979.<\/strong><\/p>\n<p>N\u00e4lk\u00e4peli-elokuvista tutun Francis Lawrencen ohjaamassa <a href=\"https:\/\/muropaketti.com\/avainsana\/the-long-walk\/\" rel=\"nofollow noopener\" target=\"_blank\">The Long Walkissa<\/a> joukko nuorukaisia joutuu kisaamaan kesken\u00e4\u00e4n k\u00e4velem\u00e4ll\u00e4 loputonta taivalta, kunnes j\u00e4ljell\u00e4 on en\u00e4\u00e4 yksi.<\/p>\n<p>Mik\u00e4li vauhti ei pysy v\u00e4hint\u00e4\u00e4n kolmessa mailissa per tunti, eliminoidaan kilpailija raa\u2019asti.<\/p>\n<p>Kuten aikaisemmin julkaistu kohtausmaistiainen osoitti, on <a href=\"https:\/\/muropaketti.com\/elokuvat\/elokuvauutiset\/uusi-stephen-king-elokuva-on-suomessa-k16-eika-se-yllata-taman-videon-jalkeen-yhtaan\/\" rel=\"nofollow noopener\" target=\"_blank\">meno The Long Walkissa sangen brutaalia<\/a>, ja se oli my\u00f6s Stephen Kingin vaatimus.<\/p>\n<p><a href=\"https:\/\/www.thetimes.com\/culture\/books\/article\/stephen-king-author-77-writing-dementia-worries-interview-2w85zz6cq\" target=\"_blank\" rel=\"noopener nofollow\">The Times of Londonin<\/a> haastattelussa King painotti, ett\u00e4 h\u00e4nen romaanissaan nuoret miehet joutuvat osaksi samanlaista koneistoa kuin l\u00e4htiess\u00e4\u00e4n sotimaan Vietnamiin. Siksi kauhukirjailija vaati, ett\u00e4 asiat esitet\u00e4\u00e4n elokuvassakin rujon realistisella tavalla, ja n\u00e4in my\u00f6s teinit voivat saada kuulan kalloonsa.<\/p>\n<p>\u201dKun katsoo supersankarielokuvia\u2026 niiss\u00e4 n\u00e4hd\u00e4\u00e4n superpahisten tuhoavan kaupungeista kokonaisia kortteleita, mutta miss\u00e4\u00e4n ei n\u00e4y verta. Ja se on v\u00e4\u00e4rin. Se on melkein kuin pornografiaa. Min\u00e4 sanoinkin [The Long Walkin tekij\u00f6ille], ett\u00e4 jos ette n\u00e4yt\u00e4 verta, \u00e4lk\u00e4\u00e4 edes vaivautuko tekem\u00e4\u00e4n sit\u00e4. Niinp\u00e4 he tekiv\u00e4tkin aika brutaalin leffan\u201d.<\/p>\n<p>The Long Way saa ensi-iltansa Suomessa 12. syyskuuta K16-ik\u00e4rajalla.<\/p>\n<p>Elokuvaa t\u00e4hditt\u00e4v\u00e4t Cooper Hoffman, David Jonsson, Garrett Wareing, Tut Nyuot, Charlie Plummer, Ben Wang, Roman Griffin Davis, Jordan Gonzalez, Joshua Odjick, Josh Hamilton, Judy Greer ja Mark Hamill.<\/p>\n","protected":false},"excerpt":{"rendered":"The Long Walk -elokuva pohjautuu Stephen Kingin salanimell\u00e4 Richard Bachman kirjoittamaan Pitk\u00e4 marssi -romaaniin vuodelta 1979. N\u00e4lk\u00e4peli-elokuvista tutun&hellip;\n","protected":false},"author":2,"featured_media":23426,"comment_status":"","ping_status":"","sticky":false,"template":"","format":"standard","meta":{"footnotes":""},"categories":[131],"tags":[155,137,33,173,31,30,172,1620,32,4865,109],"class_list":{"0":"post-23425","1":"post","2":"type-post","3":"status-publish","4":"format-standard","5":"has-post-thumbnail","7":"category-elokuvat","8":"tag-elokuvat","9":"tag-entertainment","10":"tag-fi","11":"tag-film","12":"tag-finland","13":"tag-finnish","14":"tag-movies","15":"tag-stephen-king","16":"tag-suomi","17":"tag-the-long-walk","18":"tag-viihde"},"share_on_mastodon":{"url":"","error":""},"_links":{"self":[{"href":"https:\/\/www.europesays.com\/fi\/wp-json\/wp\/v2\/posts\/23425","targetHints":{"allow":["GET"]}}],"collection":[{"href":"https:\/\/www.europesays.com\/fi\/wp-json\/wp\/v2\/posts"}],"about":[{"href":"https:\/\/www.europesays.com\/fi\/wp-json\/wp\/v2\/types\/post"}],"author":[{"embeddable":true,"href":"https:\/\/www.europesays.com\/fi\/wp-json\/wp\/v2\/users\/2"}],"replies":[{"embeddable":true,"href":"https:\/\/www.europesays.com\/fi\/wp-json\/wp\/v2\/comments?post=23425"}],"version-history":[{"count":0,"href":"https:\/\/www.europesays.com\/fi\/wp-json\/wp\/v2\/posts\/23425\/revisions"}],"wp:featuredmedia":[{"embeddable":true,"href":"https:\/\/www.europesays.com\/fi\/wp-json\/wp\/v2\/media\/23426"}],"wp:attachment":[{"href":"https:\/\/www.europesays.com\/fi\/wp-json\/wp\/v2\/media?parent=23425"}],"wp:term":[{"taxonomy":"category","embeddable":true,"href":"https:\/\/www.europesays.com\/fi\/wp-json\/wp\/v2\/categories?post=23425"},{"taxonomy":"post_tag","embeddable":true,"href":"https:\/\/www.europesays.com\/fi\/wp-json\/wp\/v2\/tags?post=23425"}],"curies":[{"name":"wp","href":"https:\/\/api.w.org\/{rel}","templated":true}]}}