{"id":23495,"date":"2025-09-02T13:37:07","date_gmt":"2025-09-02T13:37:07","guid":{"rendered":"https:\/\/www.europesays.com\/fi\/23495\/"},"modified":"2025-09-02T13:37:07","modified_gmt":"2025-09-02T13:37:07","slug":"suomea-vastaan-loukkaantunut-huippupelaaja-puoli-vuotta-sivussa-jopa-liettuan-presidentti-kommentoi-asiaa-urheilu","status":"publish","type":"post","link":"https:\/\/www.europesays.com\/fi\/23495\/","title":{"rendered":"Suomea vastaan loukkaantunut huippupelaaja puoli vuotta sivussa \u2013 jopa Liettuan presidentti kommentoi asiaa | Urheilu"},"content":{"rendered":"<p>Suomea vastaan pelatussa koripallon EM-ottelussa maanantaina loukkaantunut Liettuan Rokas Jokubaitis on peleist\u00e4 v\u00e4hint\u00e4\u00e4n puoli vuotta sivussa.<\/p>\n<p>Pelinjohtaja Jokubaitis loukkaantui Tampereella pelatun EM-ottelun p\u00e4\u00e4t\u00f6snelj\u00e4nneksell\u00e4 ja j\u00e4tti kent\u00e4n. Liettuan koripalloliitto kertoi tiistaina <a href=\"https:\/\/ltu.basketball\/naujausia-informacija-apie-roko-jokubaicio-trauma\/\" rel=\"nofollow noopener\" target=\"_blank\">kotisivuillaan<\/a>, ett\u00e4 Jokubaitisin vasemmassa polvessa on nivelsidevamma.<\/p>\n<p>Seurajoukkuetasolla Bayern M\u00fcncheni\u00e4 edustavan Jokubaitisin loukkaantuminen on iso isku Liettuan menestyshaaveille. Suomea vastaan h\u00e4n ehti heitt\u00e4\u00e4 16 pistett\u00e4 ja antaa yhdeks\u00e4n korisy\u00f6tt\u00f6\u00e4.<\/p>\n<p>Ottelua olivat seuraamassa my\u00f6s presidentti Alexander Stubb ja Liettuan presidentti Gitanas Nauseda. Tiistaina he palasivat viel\u00e4 tiedotustilaisuutensa alussa hetkeksi maanantain pelin tapahtumiin.<\/p>\n<p>\u2013\u2009Voitto oli hieno, mutta jouduimme maksamaan siit\u00e4 todella kovan hinnan, Nauseda sanoi viitaten Jokubaitisin loukkaantumiseen.<\/p>\n<p>Liettua voitti ottelun 81\u201378.<\/p>\n","protected":false},"excerpt":{"rendered":"Suomea vastaan pelatussa koripallon EM-ottelussa maanantaina loukkaantunut Liettuan Rokas Jokubaitis on peleist\u00e4 v\u00e4hint\u00e4\u00e4n puoli vuotta sivussa. Pelinjohtaja Jokubaitis&hellip;\n","protected":false},"author":2,"featured_media":23496,"comment_status":"","ping_status":"","sticky":false,"template":"","format":"standard","meta":{"footnotes":""},"categories":[5],"tags":[3406,22,23,26,27,33,31,30,17,24,25,41,28,29,15,18,21,142,637,32,551,712,19,20,161,16],"class_list":{"0":"post-23495","1":"post","2":"type-post","3":"status-publish","4":"format-standard","5":"has-post-thumbnail","7":"category-otsikot","8":"tag-alexander-stubb","9":"tag-breaking-news","10":"tag-breakingnews","11":"tag-featured-news","12":"tag-featurednews","13":"tag-fi","14":"tag-finland","15":"tag-finnish","16":"tag-headlines","17":"tag-latest-news","18":"tag-latestnews","19":"tag-liikunta-ja-urheilu","20":"tag-main-news","21":"tag-mainnews","22":"tag-news","23":"tag-otsikot","24":"tag-paauutiset","25":"tag-poliitikot","26":"tag-politiikka","27":"tag-suomi","28":"tag-tampere","29":"tag-tampereen-seutukunta","30":"tag-top-stories","31":"tag-topstories","32":"tag-urheilutapahtumat","33":"tag-uutiset"},"share_on_mastodon":{"url":"","error":""},"_links":{"self":[{"href":"https:\/\/www.europesays.com\/fi\/wp-json\/wp\/v2\/posts\/23495","targetHints":{"allow":["GET"]}}],"collection":[{"href":"https:\/\/www.europesays.com\/fi\/wp-json\/wp\/v2\/posts"}],"about":[{"href":"https:\/\/www.europesays.com\/fi\/wp-json\/wp\/v2\/types\/post"}],"author":[{"embeddable":true,"href":"https:\/\/www.europesays.com\/fi\/wp-json\/wp\/v2\/users\/2"}],"replies":[{"embeddable":true,"href":"https:\/\/www.europesays.com\/fi\/wp-json\/wp\/v2\/comments?post=23495"}],"version-history":[{"count":0,"href":"https:\/\/www.europesays.com\/fi\/wp-json\/wp\/v2\/posts\/23495\/revisions"}],"wp:featuredmedia":[{"embeddable":true,"href":"https:\/\/www.europesays.com\/fi\/wp-json\/wp\/v2\/media\/23496"}],"wp:attachment":[{"href":"https:\/\/www.europesays.com\/fi\/wp-json\/wp\/v2\/media?parent=23495"}],"wp:term":[{"taxonomy":"category","embeddable":true,"href":"https:\/\/www.europesays.com\/fi\/wp-json\/wp\/v2\/categories?post=23495"},{"taxonomy":"post_tag","embeddable":true,"href":"https:\/\/www.europesays.com\/fi\/wp-json\/wp\/v2\/tags?post=23495"}],"curies":[{"name":"wp","href":"https:\/\/api.w.org\/{rel}","templated":true}]}}