{"id":23497,"date":"2025-09-02T13:49:08","date_gmt":"2025-09-02T13:49:08","guid":{"rendered":"https:\/\/www.europesays.com\/fi\/23497\/"},"modified":"2025-09-02T13:49:08","modified_gmt":"2025-09-02T13:49:08","slug":"aku-louhimies-on-saanut-vakavan-sairauskohtauksen","status":"publish","type":"post","link":"https:\/\/www.europesays.com\/fi\/23497\/","title":{"rendered":"Aku Louhimies on saanut vakavan sairauskohtauksen"},"content":{"rendered":"<p>Aku Louhimies on sairaalahoidossa saatuaan vakavan sairauskohtauksen.<\/p>\n<p><img decoding=\"async\" class=\"image image-show image-preview\" src=\"https:\/\/www.europesays.com\/fi\/wp-content\/uploads\/2025\/09\/6b12d5a345774778c2194181e91b1e5429755f56e64895c37bad1aedfa4bd2d8.jpg\" alt=\"\"\/><img decoding=\"async\" class=\"image image-show\" src=\"https:\/\/www.europesays.com\/fi\/wp-content\/uploads\/2025\/09\/1756820948_891_6b12d5a345774778c2194181e91b1e5429755f56e64895c37bad1aedfa4bd2d8.jpg\" alt=\"\"\/><\/p>\n<p>Aku Louhimies on sairaalahoidossa vakavan sairauskohtauksen vuoksi. ATTE KAJOVA<\/p>\n<p class=\"paragraph\">Elokuvaohjaaja <a href=\"https:\/\/www.iltalehti.fi\/henkilot\/Aku Louhimies\" class=\"article-link-person-page\" rel=\"nofollow noopener\" target=\"_blank\">Aku Louhimies<\/a>, 57, on saanut vakavan sairauskohtauksen sunnuntaina 31. elokuuta. H\u00e4n on t\u00e4ll\u00e4 hetkell\u00e4 sairaalahoidossa.<\/p>\n<p class=\"paragraph\">Asiasta kertoo n\u00e4yttelij\u00e4 ja k\u00e4sikirjoittaja <a href=\"https:\/\/www.iltalehti.fi\/henkilot\/Andrei Al\u00e9n\" class=\"article-link-person-page\" rel=\"nofollow noopener\" target=\"_blank\">Andrei Al\u00e9n<\/a> tiedotteessa Lapin Sota -elokuvan tuotannon puolesta.<\/p>\n<p class=\"paragraph\">\u2013 Louhimies toipuu parhaillaan sairaalassa ja ennuste on hyv\u00e4. Sairaskohtaus tapahtui vapaa-ajalla. Lapin Sota -elokuva on t\u00e4ll\u00e4 hetkell\u00e4 kuvaussuunnitelman mukaisella tuotantotauolla, Al\u00e9n kertoo tiedotteessa.<\/p>\n<p class=\"paragraph\">Elokuvan tuotantoyhti\u00f6 Backmann &amp; Hoderoff tiedotti tiistaina 2. syyskuuta elokuvan ty\u00f6ryhm\u00e4\u00e4, kumppaneita ja sijoittajia Louhimiehen sairauslomasta. Al\u00e9n on tuotantoyhti\u00f6n perustajaosakas.<\/p>\n<p class=\"paragraph\">Tiedotteen mukaan yhti\u00f6n tavoitteena on varmistaa, ett\u00e4 tuotanto jatkuu mahdollisimman normaalisti alkuper\u00e4isen suunnitelman mukaisesti. Elokuvaa on kuvattu t\u00e4h\u00e4n menness\u00e4 kahdeksan kuvausp\u00e4iv\u00e4\u00e4, ja tavoite on palata suunnitellulta kuvaustauolta syyskuun aikana.<\/p>\n<p class=\"paragraph\">\u2013 Tuotantoyhti\u00f6 on p\u00e4\u00e4tynyt v\u00e4liaikaiseen ratkaisuun, jossa pitk\u00e4aikaisena yhti\u00f6kumppanina sek\u00e4 Louhimien n\u00e4kemyksen ja tuotannon tuntevana henkil\u00f6n\u00e4 Al\u00e9n vie tuotantoa v\u00e4liaikaisesti eteenp\u00e4in hyv\u00e4ss\u00e4 yhteisty\u00f6ss\u00e4 ty\u00f6ryhm\u00e4n kanssa.<\/p>\n<p class=\"paragraph\">Louhimiehen sairausloman kestoa ei ole viel\u00e4 tiedossa, mutta tiedotteen mukaan ohjaaja palaa tuotantoon heti, kun toipuminen sen sallii.<\/p>\n<p class=\"paragraph\">\u2013 Pyyd\u00e4mme antamaan rauhaa\u00a0Louhimiehelle ja h\u00e4nen omaisilleen toipumista varten, tiedote p\u00e4\u00e4ttyy.<\/p>\n<p class=\"paragraph\">Juttu p\u00e4ivittyy&#8230;<\/p>\n","protected":false},"excerpt":{"rendered":"Aku Louhimies on sairaalahoidossa saatuaan vakavan sairauskohtauksen. Aku Louhimies on sairaalahoidossa vakavan sairauskohtauksen vuoksi. ATTE KAJOVA Elokuvaohjaaja Aku&hellip;\n","protected":false},"author":2,"featured_media":23498,"comment_status":"","ping_status":"","sticky":false,"template":"","format":"standard","meta":{"footnotes":""},"categories":[136],"tags":[35,153,407,137,33,31,30,408,1616,718,32,485,140,109],"class_list":{"0":"post-23497","1":"post","2":"type-post","3":"status-publish","4":"format-standard","5":"has-post-thumbnail","7":"category-julkkikset","8":"tag-24h","9":"tag-audiovisuaalinen-media","10":"tag-celebrities","11":"tag-entertainment","12":"tag-fi","13":"tag-finland","14":"tag-finnish","15":"tag-julkkikset","16":"tag-media-viestinta","17":"tag-nayttamotaide","18":"tag-suomi","19":"tag-taide-yleista","20":"tag-tv-ja-elokuvat","21":"tag-viihde"},"share_on_mastodon":{"url":"","error":""},"_links":{"self":[{"href":"https:\/\/www.europesays.com\/fi\/wp-json\/wp\/v2\/posts\/23497","targetHints":{"allow":["GET"]}}],"collection":[{"href":"https:\/\/www.europesays.com\/fi\/wp-json\/wp\/v2\/posts"}],"about":[{"href":"https:\/\/www.europesays.com\/fi\/wp-json\/wp\/v2\/types\/post"}],"author":[{"embeddable":true,"href":"https:\/\/www.europesays.com\/fi\/wp-json\/wp\/v2\/users\/2"}],"replies":[{"embeddable":true,"href":"https:\/\/www.europesays.com\/fi\/wp-json\/wp\/v2\/comments?post=23497"}],"version-history":[{"count":0,"href":"https:\/\/www.europesays.com\/fi\/wp-json\/wp\/v2\/posts\/23497\/revisions"}],"wp:featuredmedia":[{"embeddable":true,"href":"https:\/\/www.europesays.com\/fi\/wp-json\/wp\/v2\/media\/23498"}],"wp:attachment":[{"href":"https:\/\/www.europesays.com\/fi\/wp-json\/wp\/v2\/media?parent=23497"}],"wp:term":[{"taxonomy":"category","embeddable":true,"href":"https:\/\/www.europesays.com\/fi\/wp-json\/wp\/v2\/categories?post=23497"},{"taxonomy":"post_tag","embeddable":true,"href":"https:\/\/www.europesays.com\/fi\/wp-json\/wp\/v2\/tags?post=23497"}],"curies":[{"name":"wp","href":"https:\/\/api.w.org\/{rel}","templated":true}]}}