{"id":23509,"date":"2025-09-02T14:01:08","date_gmt":"2025-09-02T14:01:08","guid":{"rendered":"https:\/\/www.europesays.com\/fi\/23509\/"},"modified":"2025-09-02T14:01:08","modified_gmt":"2025-09-02T14:01:08","slug":"pekingin-paraati-paljastaa-naiden-maiden-johtajat-eivat-mielistele-lantta-ulkomaat","status":"publish","type":"post","link":"https:\/\/www.europesays.com\/fi\/23509\/","title":{"rendered":"Pekingin paraati paljastaa: n\u00e4iden maiden johtajat eiv\u00e4t mielistele l\u00e4ntt\u00e4 | Ulkomaat"},"content":{"rendered":"<p class=\"sc-jYczwO sc-dNFkOE bUKqJd eiHPxO yle__article__paragraph\">Pekingin sotilasparaatin kansainv\u00e4linen vierasjoukko n\u00e4ytt\u00e4\u00e4, mitk\u00e4 maat seisovat lujimmin id\u00e4n nousevan supervallan rinnalla.<\/p>\n<p><img decoding=\"async\" alt=\"Slovakian p\u00e4\u00e4ministeri Robert Fico, Ven\u00e4j\u00e4n presidentti Vladimir Putin ja Pohjois-Korean johtaja Kim Jong-un.\" src=\"https:\/\/www.europesays.com\/fi\/wp-content\/uploads\/2025\/09\/39-151594368b6b045360fa.jpeg\" class=\"sc-dntSTA iywpZY\"\/><\/p>\n<p>Avaa kuvien katselu<\/p>\n<p>Ennakkotietojen mukaan 25 valtion johtajat matkustavat Pekingiin osallistuakseen toisen maailman sodan p\u00e4\u00e4ttymisen muistoksi j\u00e4rjestett\u00e4v\u00e4\u00e4n sotilasparaatiin. Kuva: Jakub Gavlak \/ EPA, Vyacheslav Prokofyev \/ Sputnik, Kremlin Pool \/ AOP, Openstreetmap, Mapcreator<\/p>\n<p class=\"sc-jYczwO sc-ciCoXh bUKqJd cIOueB yle__article__paragraph\">Kiina j\u00e4rjest\u00e4\u00e4 keskiviikkona <a class=\"sc-jDJeIs gotUgl yle__article__link\" href=\"https:\/\/yle.fi\/a\/74-20179379\" role=\"link\" rel=\"nofollow noopener\" target=\"_blank\">Pekingiss\u00e4 j\u00e4ttim\u00e4isen sotilasparaatin<\/a> toisen maailmansodan p\u00e4\u00e4ttymisen muistoksi. Sota loppui tasan 80 vuotta sitten.<\/p>\n<p class=\"sc-jYczwO sc-ciCoXh bUKqJd cIOueB yle__article__paragraph\">Kyse ei kuitenkaan ole vain menneisyydest\u00e4.<\/p>\n<p class=\"sc-jYczwO sc-ciCoXh bUKqJd cIOueB yle__article__paragraph\">Sotilasparaatia seuraamaan saapuneiden ulkomaisten <a class=\"sc-jDJeIs gotUgl yle__article__link\" href=\"https:\/\/thediplomat.com\/2025\/08\/whos-coming-to-chinas-2025-victory-day-military-parade\" role=\"link\" rel=\"nofollow noopener\" target=\"_blank\">arvovieraiden edustus n\u00e4ytt\u00e4\u00e4<\/a>, millaiset voimat muovaavat maailmaa nyt ja tulevaisuudessa. Tiananmenin aukiolle saapuvat maailman johtajat osoittavat l\u00e4sn\u00e4olollaan tukevansa id\u00e4n nousevaa supervaltaa \u2013 vaikka se samalla tarkoittaa pyllistyst\u00e4 l\u00e4nteen.<\/p>\n<p class=\"sc-jYczwO sc-ciCoXh bUKqJd cIOueB yle__article__paragraph\">Kiinan johtajan <strong class=\"sc-eEHciv gtNhAX yle__article__strong\">Xi Jinpingin<\/strong> rinnalla paraatia seuraa Ven\u00e4j\u00e4n <strong class=\"sc-eEHciv gtNhAX yle__article__strong\">Vladimir Putin<\/strong>. Paikalle saapuvat my\u00f6s muun muassa Iranin presidentti <strong class=\"sc-eEHciv gtNhAX yle__article__strong\">Masoud Peze\u0161kian<\/strong> ja Pohjois-Korean diktaattori <strong class=\"sc-eEHciv gtNhAX yle__article__strong\">Kim Jong-un<\/strong>. Kaikki kolme maata ovat l\u00e4nnen ankarien pakotteiden kohteena.<\/p>\n<p>Video n\u00e4ytt\u00e4\u00e4 sotilasparaatiin valmistautumista sek\u00e4 Pekingiin matkustavia ulkomaisia p\u00e4\u00e4miehi\u00e4. <\/p>\n<p class=\"sc-jYczwO sc-ciCoXh bUKqJd cIOueB yle__article__paragraph\">Juuri Ukrainassa hy\u00f6kk\u00e4yssotaa k\u00e4yv\u00e4n Putinin ja muiden l\u00e4nnen hylkimien johtajien edustus on saanut useat muut maailman johtajat kielt\u00e4ytym\u00e4\u00e4n kutsusta. L\u00e4nnen johtajista paraatia on tulossa seuraamaan EU-maa Slovakian p\u00e4\u00e4ministeri <strong class=\"sc-eEHciv gtNhAX yle__article__strong\">Robert Fico<\/strong>.<\/p>\n<p class=\"sc-jYczwO sc-ciCoXh bUKqJd cIOueB yle__article__paragraph\">Kiusallisia kohtaamisia v\u00e4lttelev\u00e4t my\u00f6s Intian p\u00e4\u00e4ministeri <strong class=\"sc-eEHciv gtNhAX yle__article__strong\">Narendra Modi<\/strong> ja Turkin presidentti <strong class=\"sc-eEHciv gtNhAX yle__article__strong\">Recep Tayyip Erdo\u011fan<\/strong>. He saapuivat Kiinaan sotilasparaatin kynnyksell\u00e4 Shanghain <a class=\"sc-jDJeIs gotUgl yle__article__link\" href=\"https:\/\/yle.fi\/a\/74-20180347\" role=\"link\" rel=\"nofollow noopener\" target=\"_blank\">yhteisty\u00f6j\u00e4rjest\u00f6 SCO:n huippukokoukseen<\/a>, mutta poistuivat sielt\u00e4 heti kokouksen j\u00e4lkeen.<\/p>\n<p class=\"sc-jYczwO sc-ciCoXh bUKqJd cIOueB yle__article__paragraph\">Kiinalle toinen maailmansota p\u00e4\u00e4ttyi Japanin viralliseen antautumiseen kolmas syyskuuta vuonna 1945. Maa pit\u00e4\u00e4 symbolisesti eritt\u00e4in t\u00e4rke\u00e4n\u00e4 sit\u00e4, ett\u00e4 muut maat kunnioittaisivat tapahtuman muistoksi j\u00e4rjestetty\u00e4 paraatia p\u00e4\u00e4miestasolla.<\/p>\n<p class=\"sc-jYczwO sc-ciCoXh bUKqJd cIOueB yle__article__paragraph\"><strong class=\"sc-eEHciv gtNhAX yle__article__strong\">Alla oleva kartta n\u00e4ytt\u00e4\u00e4 ne 25 maata, joiden johtajat ovat ennakkotietojen mukaan osallistumassa kutsuvieraina sotilasparaatin seuraamiseen Pekingiss\u00e4.<\/strong><\/p>\n<p class=\"sc-jYczwO sc-ciCoXh bUKqJd cIOueB yle__article__paragraph\">Pekingiss\u00e4 n\u00e4hd\u00e4\u00e4n sekalainen joukko maailman johtajia. Yle nosti esiin kiinnostavimmat hahmot, jotka seuraavat Kiinan presidentin kanssa mahtipontista sotilasparaatia.<\/p>\n<p>Vladimir Putin, Ven\u00e4j\u00e4n presidentti<\/p>\n<p class=\"sc-jYczwO sc-ciCoXh bUKqJd cIOueB yle__article__paragraph\">Suomi ja muut l\u00e4nsimaat boikotoivat paraatia my\u00f6s suurl\u00e4hettil\u00e4stasolla, sill\u00e4 eiv\u00e4t halua esiinty\u00e4 samassa tilaisuudessa hy\u00f6kk\u00e4yssotaa k\u00e4yv\u00e4n Vladimir Putinin kanssa.<\/p>\n<p class=\"sc-jYczwO sc-ciCoXh bUKqJd cIOueB yle__article__paragraph\">Putinin ja Xin v\u00e4lit ovat parantuneet sit\u00e4 mukaa, kun Ven\u00e4j\u00e4 on k\u00e4\u00e4ntynyt yh\u00e4 kauemmas l\u00e4nnest\u00e4. Edellisen kerran herrat tapasivat Moskovassa, kun he <a class=\"sc-jDJeIs gotUgl yle__article__link\" href=\"https:\/\/yle.fi\/a\/74-20160541\" role=\"link\" rel=\"nofollow noopener\" target=\"_blank\">seurasivat toukokuussa voitonp\u00e4iv\u00e4n\u00e4<\/a> Ven\u00e4j\u00e4n j\u00e4rjest\u00e4m\u00e4\u00e4 sotilasparaatia Punaisella torilla.<\/p>\n<p><img decoding=\"async\" alt=\"Xi Jinping ja Vladimir Putin k\u00e4velev\u00e4t ulkona.\" src=\"https:\/\/www.europesays.com\/fi\/wp-content\/uploads\/2025\/09\/39-151600768b6c6e3eabd1.jpeg\" loading=\"lazy\" class=\"sc-dntSTA iywpZY\"\/><\/p>\n<p>Avaa kuvien katselu<\/p>\n<p>Presidentit Vladimir Putin ja Xi Jingping tapasivat Pekingiss\u00e4 syyskuun alussa sotilasparaatia edelt\u00e4v\u00e4n\u00e4 p\u00e4iv\u00e4n\u00e4. Kuva: Alexander Kazakov \/ AFPKim Jong-un, Pohjois-Korean diktaattori<\/p>\n<p class=\"sc-jYczwO sc-ciCoXh bUKqJd cIOueB yle__article__paragraph\">Toinen johtaja, jonka l\u00e4sn\u00e4olo sotilasparaatin katsomossa saattoi mietitytt\u00e4\u00e4 monia tapahtumaan kutsuttuja kansainv\u00e4lisi\u00e4 arvovieraita, on Pohjois-Korean diktaattori Kim Jong-un.<\/p>\n<p class=\"sc-jYczwO sc-ciCoXh bUKqJd cIOueB yle__article__paragraph\">Kimin matkustaminen Kiinaan on historiallinen monesta eri syyt\u00e4. Kyseess\u00e4 on pohjoiskorealaisen diktaattorin <a class=\"sc-jDJeIs gotUgl yle__article__link\" href=\"https:\/\/yle.fi\/a\/74-20180551\" role=\"link\" rel=\"nofollow noopener\" target=\"_blank\">ensimm\u00e4inen vierailu Kiinaan<\/a> yli kuuteen vuoteen.<\/p>\n<p class=\"sc-jYczwO sc-ciCoXh bUKqJd cIOueB yle__article__paragraph\">Diktaattori Kim ei ole my\u00f6sk\u00e4\u00e4n <a class=\"sc-jDJeIs gotUgl yle__article__link\" href=\"https:\/\/www.reuters.com\/world\/china\/xi-flaunt-chinas-vision-new-global-order-military-parade-2025-09-02\/\" role=\"link\" rel=\"nofollow noopener\" target=\"_blank\">koskaan aiemmin osallistunut<\/a> mihink\u00e4\u00e4n merkitt\u00e4v\u00e4\u00e4n maailman johtajien monenv\u00e4liseen tapaamiseen. Pekingiss\u00e4 my\u00f6s Kim, Xi ja Putin tapaavat ensi kertaa kolmen kesken.<\/p>\n<p><img decoding=\"async\" alt=\"Pohjois-Korean johtaja Kim jong-un seisoo junan vieress\u00e4 tupakka k\u00e4dess\u00e4\u00e4n.\" src=\"https:\/\/www.europesays.com\/fi\/wp-content\/uploads\/2025\/09\/39-151600968b6c6e531a75.jpeg\" loading=\"lazy\" class=\"sc-dntSTA iywpZY\"\/><\/p>\n<p>Avaa kuvien katselu<\/p>\n<p>Pohjois-Korean johtaja Kim Jong-un seisoi tupakka k\u00e4dess\u00e4 Pjongjangissa syyskuun alussa ennen l\u00e4ht\u00f6\u00e4\u00e4n erikoisvarusteisella junalla Pekingiin.  Kuva: KCNA \/ AFPRoberto Fico, Slovakian p\u00e4\u00e4ministeri<\/p>\n<p class=\"sc-jYczwO sc-ciCoXh bUKqJd cIOueB yle__article__paragraph\">Slovakian p\u00e4\u00e4ministeri Roberto Fico edustaa EU-johtajana Pekingiss\u00e4 \u201dvapaata l\u00e4ntt\u00e4\u201d. Todellisuudessa Fico tunnetaan avoimesta tuestaan hy\u00f6kk\u00e4yssotaa k\u00e4yv\u00e4\u00e4 Ven\u00e4j\u00e4\u00e4 kohtaan.<\/p>\n<p class=\"sc-jYczwO sc-ciCoXh bUKqJd cIOueB yle__article__paragraph\">Osallistumalla sotilasparaatiin Fico voi tiivist\u00e4\u00e4 entisest\u00e4\u00e4n maansa suhteita Kiinaan.<\/p>\n<p class=\"sc-jYczwO sc-ciCoXh bUKqJd cIOueB yle__article__paragraph\">Kun Slovakian p\u00e4\u00e4ministeri vieraili Pekingiss\u00e4 edellisen kerran viime vuonna, maat sopivat kesken\u00e4\u00e4n strategisesta kumppanuudesta.<\/p>\n<p><img decoding=\"async\" alt=\"Slovakian p\u00e4\u00e4ministeri Robert Fico laskeutuu alas lentokoneen portaita Pekingiss\u00e4.\" src=\"https:\/\/www.europesays.com\/fi\/wp-content\/uploads\/2025\/09\/39-151600868b6c6e466415.jpeg\" loading=\"lazy\" class=\"sc-dntSTA iywpZY\"\/><\/p>\n<p>Avaa kuvien katselu<\/p>\n<p>Slovakian p\u00e4\u00e4ministeri Robert Fico saapui Pekingiin syyskuun alussa. Kuva: Jade Gao \/ AFP<\/p>\n","protected":false},"excerpt":{"rendered":"Pekingin sotilasparaatin kansainv\u00e4linen vierasjoukko n\u00e4ytt\u00e4\u00e4, mitk\u00e4 maat seisovat lujimmin id\u00e4n nousevan supervallan rinnalla. Avaa kuvien katselu Ennakkotietojen mukaan&hellip;\n","protected":false},"author":2,"featured_media":23510,"comment_status":"","ping_status":"","sticky":false,"template":"","format":"standard","meta":{"footnotes":""},"categories":[14],"tags":[4372,22,23,7742,26,27,33,31,30,17,7743,70,510,7646,24,25,28,29,15,18,21,7741,32,3417,19,20,1303,56,16,547,2257,59,60,61,7744],"class_list":{"0":"post-23509","1":"post","2":"type-post","3":"status-publish","4":"format-standard","5":"has-post-thumbnail","7":"category-ulkomaat","8":"tag-aasia","9":"tag-breaking-news","10":"tag-breakingnews","11":"tag-diktaattorit","12":"tag-featured-news","13":"tag-featurednews","14":"tag-fi","15":"tag-finland","16":"tag-finnish","17":"tag-headlines","18":"tag-juhlaparaati","19":"tag-kansainvalinen-politiikka","20":"tag-kiina","21":"tag-kim-jong-un","22":"tag-latest-news","23":"tag-latestnews","24":"tag-main-news","25":"tag-mainnews","26":"tag-news","27":"tag-otsikot","28":"tag-paauutiset","29":"tag-pohjois-korea","30":"tag-suomi","31":"tag-toinen-maailmansota","32":"tag-top-stories","33":"tag-topstories","34":"tag-ukraina","35":"tag-ulkomaat","36":"tag-uutiset","37":"tag-venaja","38":"tag-vladimir-putin","39":"tag-world","40":"tag-world-news","41":"tag-worldnews","42":"tag-xi-jinping"},"share_on_mastodon":{"url":"","error":""},"_links":{"self":[{"href":"https:\/\/www.europesays.com\/fi\/wp-json\/wp\/v2\/posts\/23509","targetHints":{"allow":["GET"]}}],"collection":[{"href":"https:\/\/www.europesays.com\/fi\/wp-json\/wp\/v2\/posts"}],"about":[{"href":"https:\/\/www.europesays.com\/fi\/wp-json\/wp\/v2\/types\/post"}],"author":[{"embeddable":true,"href":"https:\/\/www.europesays.com\/fi\/wp-json\/wp\/v2\/users\/2"}],"replies":[{"embeddable":true,"href":"https:\/\/www.europesays.com\/fi\/wp-json\/wp\/v2\/comments?post=23509"}],"version-history":[{"count":0,"href":"https:\/\/www.europesays.com\/fi\/wp-json\/wp\/v2\/posts\/23509\/revisions"}],"wp:featuredmedia":[{"embeddable":true,"href":"https:\/\/www.europesays.com\/fi\/wp-json\/wp\/v2\/media\/23510"}],"wp:attachment":[{"href":"https:\/\/www.europesays.com\/fi\/wp-json\/wp\/v2\/media?parent=23509"}],"wp:term":[{"taxonomy":"category","embeddable":true,"href":"https:\/\/www.europesays.com\/fi\/wp-json\/wp\/v2\/categories?post=23509"},{"taxonomy":"post_tag","embeddable":true,"href":"https:\/\/www.europesays.com\/fi\/wp-json\/wp\/v2\/tags?post=23509"}],"curies":[{"name":"wp","href":"https:\/\/api.w.org\/{rel}","templated":true}]}}