{"id":235262,"date":"2026-04-30T19:46:11","date_gmt":"2026-04-30T19:46:11","guid":{"rendered":"https:\/\/www.europesays.com\/fi\/235262\/"},"modified":"2026-04-30T19:46:11","modified_gmt":"2026-04-30T19:46:11","slug":"antti-luusuaniemi-esittelee-uuden-tyylinsa-hitti-vai-huti-parta-ja-hiukset-hakevat-mallia-menneesta","status":"publish","type":"post","link":"https:\/\/www.europesays.com\/fi\/235262\/","title":{"rendered":"Antti Luusuaniemi esittelee uuden tyylins\u00e4 \u2013 hitti vai huti? Parta ja hiukset hakevat mallia menneest\u00e4"},"content":{"rendered":"<p>            ATTE KAJOVA\n        <\/p>\n<p class=\"subtitle \">Omaa elokuvajuhlaakin py\u00f6ritt\u00e4v\u00e4 n\u00e4yttelij\u00e4 v\u00e4itt\u00e4\u00e4 kyll\u00e4styneens\u00e4 olemaan aina samann\u00e4k\u00f6inen.<\/p>\n<p class=\"article-content article-content-width !bg-background\"> julkaisi kuvan itsest\u00e4\u00e4n t\u00e4ysin uudessa tyyliss\u00e4. Samalla h\u00e4n kysyy, onko kyseess\u00e4 seuraajien mielest\u00e4 hitti vai huti.<\/p>\n<p class=\"font-weight-bold m-font-weight-bold article-content article-content-width !bg-background\">Video: Antin tyyli tammikuulta sek\u00e4 romanttinen yll\u00e4tys tytt\u00f6yst\u00e4v\u00e4lle<\/p>\n<p class=\"article-content article-content-width !bg-background\">Instagram-julkaisussaan Antti istuu teddykauluksellisessa farkkutakissaan auton ratissa ja hymyilee kameraan. Kulmikkaat silm\u00e4lasit ovat tutut, mutta hiukset ja varsinkin parta kertovat halusta irrotella ja pit\u00e4\u00e4 hauskaa.<\/p>\n<p class=\"article-content article-content-width !bg-background\">Antilla on usein ollut valokuvissa joko hyvin lyhyt (ja siisti) kokoparta, jossa parta kulkee leuan takaa eteen ja alle ja kiert\u00e4\u00e4 viel\u00e4 suun viiksin\u00e4.<\/p>\n<p>        <a itemprop=\"url\" href=\"https:\/\/www.seiska.fi\/kotimaa\/antti-luusuaniemi-romanttinen-paljastus\/2054387\" rel=\"nofollow noopener\" target=\"_blank\"><\/p>\n<p>\nAntti Luusuaniemi\n<\/p>\n<p class=\"section-date\">\n        <strong class=\"article-section\" data-section=\"kotimaa\"><br \/>\n            kotimaa<br \/>\n        <\/strong><br \/>\n        24.1. 12:00\n    <\/p>\n<p>Antti Luusuaniemi: Romanttinen paljastus\n    <\/p>\n<p itemprop=\"description\" class=\"subtitle \">\n    Antti matkustaa s\u00e4\u00e4nn\u00f6llisesti Suomen, Unkarin ja Espanjan v\u00e4lill\u00e4.\n<\/p>\n<p>        <\/a><\/p>\n<p class=\"article-content article-content-width !bg-background\">Toinen Antin suosima tyyli on ollut parrattomana joko n\u00e4kyv\u00e4ll\u00e4 s\u00e4ngell\u00e4 tai t\u00e4ysin paljain poskin ja leuoin.<\/p>\n<p>Uusi karvasto<\/p>\n<p class=\"article-content article-content-width !bg-background\">Nyt Antti on kuitenkin noudatellut retrohenkisen farkkutakkinsa juuria, ja ammentanut rohkeasti aiemmin muodissa olleesta partatyylist\u00e4.<\/p>\n<p>        <a itemprop=\"url\" href=\"https:\/\/www.seiska.fi\/kotimaa\/anna-antti-luusuaniemen-avioeron-taustat-paljastuivat\/2066742\" rel=\"nofollow noopener\" target=\"_blank\"><\/p>\n<p>\nAnna:\n<\/p>\n<p class=\"section-date\">\n        <strong class=\"article-section\" data-section=\"kotimaa\"><br \/>\n            kotimaa<br \/>\n        <\/strong><br \/>\n        6.2. 09:56\n    <\/p>\n<p>Anna: Antti Luusuaniemen avioeron taustat paljastuivat\n    <\/p>\n<p itemprop=\"description\" class=\"subtitle \">\n    Antti oli ex-puolisonsa Lilin kanssa yli kymmenen vuoden ajan.\n<\/p>\n<p>        <\/a><\/p>\n<p class=\"article-content article-content-width !bg-background\">Ainakin  on tehnyt partamallia tutuksi, tosin h\u00e4nen mutton chops -partansa hieman vaihteli malliltaan. Antti on valinnut kasvokarvoituksekseen parran, joka poikkeaa kokoparrasta siten, ett\u00e4 leukapartaa ei ole lainkaan.<\/p>\n<p class=\"article-content article-content-width !bg-background\">Parta kiert\u00e4\u00e4 korvien tuntumasta leukaperi\u00e4 pitkin, mutta kaartaa suun ylitse pelkkin\u00e4 viiksin\u00e4 ja j\u00e4tt\u00e4\u00e4 leuan paljaaksi. Englanninkielinen nimi parralle on &#8221;yst\u00e4v\u00e4lliset pulisongit&#8221;.<\/p>\n<p>        <a itemprop=\"url\" href=\"https:\/\/www.seiska.fi\/katso\/antti-luusuaniemi-yllattava-rahaongelma\/2050142\" rel=\"nofollow noopener\" target=\"_blank\"><\/p>\n<p>\nAntti Luusuaniemi\n<\/p>\n<p class=\"section-date\">\n        <strong class=\"article-section\" data-section=\"katso\"><br \/>\n            katso<br \/>\n        <\/strong><br \/>\n        19.1. 15:15\n    <\/p>\n<p>Antti Luusuaniemi: Yll\u00e4tt\u00e4v\u00e4 rahaongelma\n    <\/p>\n<p itemprop=\"description\" class=\"subtitle \">\n    Antti Luusuaniemi on sek\u00e4 n\u00e4yttelij\u00e4 ett\u00e4 tuottaja Luottomies-elokuvassa Lepoloma.\n<\/p>\n<p>        <\/a><\/p>\n<p class=\"article-content article-content-width !bg-background\">Hiusmallissa Antti on luopunut ohimoiden hiuksista l\u00e4hes kokonaan. Vain tumma s\u00e4nki kehyst\u00e4\u00e4 kasvoja reunoilta. P\u00e4\u00e4laella tukka on vaalennettu \u2013 tai ohimot tummennettu \u2013 ja siistit kolmen sormenleveyden mittaiset hiukset kammattu pystyyn.<\/p>\n<p class=\"article-content article-content-width !bg-background\">Tiedossa ei ole, liittyyk\u00f6 tyyli esimerkiksi johonkin roolity\u00f6h\u00f6n. Antin tytt\u00f6yst\u00e4v\u00e4n, Espanjassa toimivan julkkiskiinteist\u00f6v\u00e4litt\u00e4j\u00e4n  kommentti voidaan tulkita sek\u00e4 roolioletuksen puolesta ett\u00e4 vastaan.<\/p>\n<p class=\"article-content article-content-width !bg-background\">\u2013 Bisnesidea &#8211; vaihteeksi sellainen rooli, jossa olet komea oma itsesi <\/p>\n<p>        <a itemprop=\"url\" href=\"https:\/\/www.seiska.fi\/kotimaa\/anne-ramsay-podcastissa-paljastus-antti-luusuaniemesta\/2136468\" rel=\"nofollow noopener\" target=\"_blank\"><\/p>\n<p>\nAnne Ramsay podcastissa:\n<\/p>\n<p class=\"section-date\">\n        <strong class=\"article-section\" data-section=\"kotimaa\"><br \/>\n            kotimaa<br \/>\n        <\/strong><br \/>\n        27.4. 08:32\n    <\/p>\n<p>Anne Ramsay podcastissa: Paljastus Antti Luusuaniemest\u00e4\n    <\/p>\n<p itemprop=\"description\" class=\"subtitle \">\n    Anne Ramsay on viihtynyt useamman vuoden n\u00e4yttelij\u00e4 Antti Luusuaniemen kanssa.\n<\/p>\n<p>        <\/a><\/p>\n<p>Ammattilaiselta kannustus<\/p>\n<p class=\"article-content article-content-width !bg-background\">Julkaisunsa kuvatekstiss\u00e4 Antti antaa yleis\u00f6lleen sek\u00e4 selityksen ett\u00e4 kysymyksen.<\/p>\n<p class=\"article-content article-content-width !bg-background\">\u2013\u00a0\u00a0Kyll\u00e4styin n\u00e4ytt\u00e4m\u00e4\u00e4n aina samalta &#8211; hitti vai huti? <\/p>\n<p class=\"article-content article-content-width !bg-background\">Vastauksen tarjoaa muun muassa mallina toiminut, laulu-urallaankin loistanut .<\/p>\n<p>        <a itemprop=\"url\" href=\"https:\/\/www.seiska.fi\/kotimaa\/oho-antti-luusuaniemi-ja-anne-ramsay-harvinaisissa-kuvissa\/2096635\" rel=\"nofollow noopener\" target=\"_blank\"><\/p>\n<p>\nOho!\n<\/p>\n<p class=\"section-date\">\n        <strong class=\"article-section\" data-section=\"kotimaa\"><br \/>\n            kotimaa<br \/>\n        <\/strong><br \/>\n        9.3. 09:28\n    <\/p>\n<p>Oho! Antti Luusuaniemi ja Anne Ramsay harvinaisissa kuvissa\n    <\/p>\n<p itemprop=\"description\" class=\"subtitle \">\n    Antti ja Anne ovat viihtyneet yhdess\u00e4 hyv\u00e4n tovin, mutta yhteiskuvissa heit\u00e4 ei juuri ole n\u00e4hty.\n<\/p>\n<p>        <\/a><\/p>\n<p class=\"article-content article-content-width !bg-background\">\u2013 Hitti, kuuluu ammattimallin vastaus kaikessa ytimekkyydess\u00e4\u00e4n.<\/p>\n<p class=\"article-content article-content-width !bg-background\">Antin saamista vastauksista vain yksi sanoo huti, muut kannustavat.<\/p>\n<p>                <img decoding=\"async\" src=\"https:\/\/www.europesays.com\/fi\/wp-content\/uploads\/2026\/04\/2141334.webp.jpeg\" width=\"576\" height=\"274\" alt=\"T\u00e4ss\u00e4 on Antti Luusuaniemen tyyli 16 vuoden takaa 30-vuotiaana.\" loading=\"lazy\" \/>            <\/p>\n<p>\n            T\u00e4ss\u00e4 on Antti Luusuaniemen tyyli 16 vuoden takaa 30-vuotiaana.<br \/>\n            Ari Lahti\n        <\/p>\n<p class=\"article-content article-content-width !bg-background\">N\u00e4yttelij\u00e4kollega, Syke-sarjasta tuttu  antaa monitulkintaisemman vastauksen.<\/p>\n<p class=\"article-content article-content-width !bg-background\">\u2013\u00a0Uskon, ett\u00e4 muutoksesta huolimatta edelleen yli 50% swaippais Tinderiss\u00e4 oikeelle.<\/p>\n","protected":false},"excerpt":{"rendered":"ATTE KAJOVA Omaa elokuvajuhlaakin py\u00f6ritt\u00e4v\u00e4 n\u00e4yttelij\u00e4 v\u00e4itt\u00e4\u00e4 kyll\u00e4styneens\u00e4 olemaan aina samann\u00e4k\u00f6inen. julkaisi kuvan itsest\u00e4\u00e4n t\u00e4ysin uudessa tyyliss\u00e4. Samalla&hellip;\n","protected":false},"author":2,"featured_media":235263,"comment_status":"","ping_status":"","sticky":false,"template":"","format":"standard","meta":{"footnotes":"","_share_on_mastodon":"0"},"categories":[130],"tags":[15853,2562,137,33,31,30,33687,6422,6972,2682,22109,32,8411,33686,2677,6101,14969,3884,15994,33589,5280,109],"class_list":["post-235262","post","type-post","status-publish","format-standard","has-post-thumbnail","category-viihde","tag-anne-ramsay","tag-antti-luusuaniemi","tag-entertainment","tag-fi","tag-finland","tag-finnish","tag-hitti-vai-huti","tag-hiukset","tag-kampaus","tag-kauneus","tag-parta","tag-suomi","tag-tukka","tag-tukkamuutos","tag-tyyli","tag-tyylimuutos","tag-tyylitaju","tag-ulkonako","tag-ulkonakomuutos","tag-uusi-tukka","tag-uusi-tyyli","tag-viihde"],"share_on_mastodon":{"url":"https:\/\/pubeurope.com\/@fi\/116495383547668284","error":""},"_links":{"self":[{"href":"https:\/\/www.europesays.com\/fi\/wp-json\/wp\/v2\/posts\/235262","targetHints":{"allow":["GET"]}}],"collection":[{"href":"https:\/\/www.europesays.com\/fi\/wp-json\/wp\/v2\/posts"}],"about":[{"href":"https:\/\/www.europesays.com\/fi\/wp-json\/wp\/v2\/types\/post"}],"author":[{"embeddable":true,"href":"https:\/\/www.europesays.com\/fi\/wp-json\/wp\/v2\/users\/2"}],"replies":[{"embeddable":true,"href":"https:\/\/www.europesays.com\/fi\/wp-json\/wp\/v2\/comments?post=235262"}],"version-history":[{"count":0,"href":"https:\/\/www.europesays.com\/fi\/wp-json\/wp\/v2\/posts\/235262\/revisions"}],"wp:featuredmedia":[{"embeddable":true,"href":"https:\/\/www.europesays.com\/fi\/wp-json\/wp\/v2\/media\/235263"}],"wp:attachment":[{"href":"https:\/\/www.europesays.com\/fi\/wp-json\/wp\/v2\/media?parent=235262"}],"wp:term":[{"taxonomy":"category","embeddable":true,"href":"https:\/\/www.europesays.com\/fi\/wp-json\/wp\/v2\/categories?post=235262"},{"taxonomy":"post_tag","embeddable":true,"href":"https:\/\/www.europesays.com\/fi\/wp-json\/wp\/v2\/tags?post=235262"}],"curies":[{"name":"wp","href":"https:\/\/api.w.org\/{rel}","templated":true}]}}