{"id":23556,"date":"2025-09-02T15:16:10","date_gmt":"2025-09-02T15:16:10","guid":{"rendered":"https:\/\/www.europesays.com\/fi\/23556\/"},"modified":"2025-09-02T15:16:10","modified_gmt":"2025-09-02T15:16:10","slug":"jyvaskylan-yliopiston-uusi-professori-tuomas-grahn-auttaa-ymmartamaan-maailmankaikkeutta-keskisuomalainen","status":"publish","type":"post","link":"https:\/\/www.europesays.com\/fi\/23556\/","title":{"rendered":"Jyv\u00e4skyl\u00e4n yliopiston uusi professori Tuomas Grahn auttaa ymm\u00e4rt\u00e4m\u00e4\u00e4n maailmankaikkeutta &#8211; Keskisuomalainen"},"content":{"rendered":"<ol>\n<li><a href=\"https:\/\/news.google.com\/rss\/articles\/CBMiUEFVX3lxTE1KTHhoU09lMnNWR1ZTNER5dGhDZFo2RDJHcER3ZnlvSkdObXpjUVlpdXc4ZTZaVWFxSnA2R2QteTliMkRNTHc0TjhqelNSSndN?oc=5\" target=\"_blank\" rel=\"nofollow noopener\">Jyv\u00e4skyl\u00e4n yliopiston uusi professori Tuomas Grahn auttaa ymm\u00e4rt\u00e4m\u00e4\u00e4n maailmankaikkeutta<\/a>&nbsp;&nbsp;Keskisuomalainen<\/li>\n<li><a href=\"https:\/\/news.google.com\/rss\/articles\/CBMiT0FVX3lxTE9tNmpUV0lRam9WM2pueHgyX01aT1BEc0dlUGlWRTNZSUNCWTlxTFJMd0ZvS0NRSVhfcG9yTlVYTWRmaks2bTV0RUxDcnlsNlk?oc=5\" target=\"_blank\" rel=\"nofollow noopener\">H\u00e4meen poliisi valvoi liikennett\u00e4 koulujen l\u00e4hist\u00f6ll\u00e4 \u2013 ylinopeuksia reilusti<\/a>&nbsp;&nbsp;Etel\u00e4-Suomen Sanomat<\/li>\n<li><a href=\"https:\/\/news.google.com\/rss\/articles\/CBMie0FVX3lxTE1vdlhxTTBqVEQ5WnZqWHh1Yld1VElTUGdLV1ZxOXl4em1lSG9MOHNEclFkWFBPVVd2a3RNRDZwdi1jdE9YdEtMT25WTE5KV3M1SjVwWWFtUlljbi1Sb0JxLUEwYVJZV3o4TV81Tk9tSGZKR2lxLUxZZlJGdw?oc=5\" target=\"_blank\" rel=\"nofollow noopener\">15-vuotias poika meni 52-vuotiaan miehen asunnolle \u2013 Pian aviomies teki j\u00e4rkytt\u00e4v\u00e4n l\u00f6yd\u00f6n<\/a>&nbsp;&nbsp;Iltalehti<\/li>\n<li><a href=\"https:\/\/news.google.com\/rss\/articles\/CBMiWkFVX3lxTFBNS1A4Uk1SZ3NfbHFHQW5GRHNONkJzdHpvY0E3R214YTRQRkNzc2FTMUdkNTN6Rm15UVRsUVVEQ2p1UzN3dUdXdVR0V0NvRHpUVURDMlVuWG9ZQQ?oc=5\" target=\"_blank\" rel=\"nofollow noopener\">HS Iitiss\u00e4 | Taposta ep\u00e4illyll\u00e4 alaik\u00e4isell\u00e4 on \u201dpitk\u00e4 syntilista\u201d, kertoo paikallinen<\/a>&nbsp;&nbsp;HS.fi<\/li>\n<li><a href=\"https:\/\/news.google.com\/rss\/articles\/CBMijgFBVV95cUxNMXliSExRQUN3VDJTLXEwWV92WGpXZXZKakw4bEVLSVI3am9waXFtS2hSMVpNX3l0c2tUMlNsWlFpZTk3UnlGRGE4T0FFMVNzbURYUW9GbjczV0M2TjBKVDUtUHFhZGstWjdfckttbnBuMmxpNzB5WTNLVjRZUEh1Slhwbk5kWmNnMTFXendB?oc=5\" target=\"_blank\" rel=\"nofollow noopener\">Iitin taposta ep\u00e4ilty on 15-vuotias poika<\/a>&nbsp;&nbsp;mtvuutiset.fi<\/li>\n<\/ol>\n","protected":false},"excerpt":{"rendered":"Jyv\u00e4skyl\u00e4n yliopiston uusi professori Tuomas Grahn auttaa ymm\u00e4rt\u00e4m\u00e4\u00e4n maailmankaikkeutta&nbsp;&nbsp;Keskisuomalainen H\u00e4meen poliisi valvoi liikennett\u00e4 koulujen l\u00e4hist\u00f6ll\u00e4 \u2013 ylinopeuksia reilusti&nbsp;&nbsp;Etel\u00e4-Suomen&hellip;\n","protected":false},"author":2,"featured_media":23557,"comment_status":"","ping_status":"","sticky":false,"template":"","format":"standard","meta":{"footnotes":""},"categories":[112],"tags":[7749,33,31,30,425,426,603,607,118,32,119,472,2291],"class_list":{"0":"post-23556","1":"post","2":"type-post","3":"status-publish","4":"format-standard","5":"has-post-thumbnail","7":"category-tiede","8":"tag-akateemiset-tittelit","9":"tag-fi","10":"tag-finland","11":"tag-finnish","12":"tag-jyvaskyla","13":"tag-jyvaskylan-yliopisto","14":"tag-korkeakoulu","15":"tag-korkeakoulutus","16":"tag-science","17":"tag-suomi","18":"tag-tiede","19":"tag-tutkimus","20":"tag-yliopisto"},"share_on_mastodon":{"url":"","error":""},"_links":{"self":[{"href":"https:\/\/www.europesays.com\/fi\/wp-json\/wp\/v2\/posts\/23556","targetHints":{"allow":["GET"]}}],"collection":[{"href":"https:\/\/www.europesays.com\/fi\/wp-json\/wp\/v2\/posts"}],"about":[{"href":"https:\/\/www.europesays.com\/fi\/wp-json\/wp\/v2\/types\/post"}],"author":[{"embeddable":true,"href":"https:\/\/www.europesays.com\/fi\/wp-json\/wp\/v2\/users\/2"}],"replies":[{"embeddable":true,"href":"https:\/\/www.europesays.com\/fi\/wp-json\/wp\/v2\/comments?post=23556"}],"version-history":[{"count":0,"href":"https:\/\/www.europesays.com\/fi\/wp-json\/wp\/v2\/posts\/23556\/revisions"}],"wp:featuredmedia":[{"embeddable":true,"href":"https:\/\/www.europesays.com\/fi\/wp-json\/wp\/v2\/media\/23557"}],"wp:attachment":[{"href":"https:\/\/www.europesays.com\/fi\/wp-json\/wp\/v2\/media?parent=23556"}],"wp:term":[{"taxonomy":"category","embeddable":true,"href":"https:\/\/www.europesays.com\/fi\/wp-json\/wp\/v2\/categories?post=23556"},{"taxonomy":"post_tag","embeddable":true,"href":"https:\/\/www.europesays.com\/fi\/wp-json\/wp\/v2\/tags?post=23556"}],"curies":[{"name":"wp","href":"https:\/\/api.w.org\/{rel}","templated":true}]}}