{"id":235705,"date":"2026-05-01T08:22:13","date_gmt":"2026-05-01T08:22:13","guid":{"rendered":"https:\/\/www.europesays.com\/fi\/235705\/"},"modified":"2026-05-01T08:22:13","modified_gmt":"2026-05-01T08:22:13","slug":"mikko-alatalo-muistelee-hurjaa-nuoruuttaan-ja-myontaa-sen-hinnan","status":"publish","type":"post","link":"https:\/\/www.europesays.com\/fi\/235705\/","title":{"rendered":"Mikko Alatalo muistelee hurjaa nuoruuttaan ja my\u00f6nt\u00e4\u00e4 sen hinnan"},"content":{"rendered":"<p>            Atte Kajova\n        <\/p>\n<p class=\"subtitle \">Kansantaiteilija rokkaa pian Tavastialla 75-vuotiaana.<\/p>\n<p class=\"article-content article-content-width !bg-background\">Vapunp\u00e4iv\u00e4n\u00e4<br \/>\n75 vuotta t\u00e4ytt\u00e4v\u00e4  ei ole ihan se tavallisin el\u00e4kel\u00e4inen. Suomalaisen musiikin legenda,<br \/>\nkansantaiteilija ja entinen kansanedustaja on menossa kaiken aikaa.\u00a0<\/p>\n<p class=\"font-weight-bold m-font-weight-bold article-content article-content-width !bg-background\">Video: Mikko ei luovu sinisist\u00e4 laseistaan<\/p>\n<p class=\"article-content article-content-width !bg-background\">Pian ik\u00e4vuosiakin<br \/>\njuhlistetaan rockpyh\u00e4kk\u00f6 Tavastialla<br \/>\ntoukokuun kuudentena.<\/p>\n<p class=\"article-content article-content-width !bg-background\">\u2013 El\u00e4m\u00e4<br \/>\non nykyisin kyll\u00e4 aika rauhallista. Vaimo bilett\u00e4\u00e4 enemm\u00e4n kuin min\u00e4! Toki<br \/>\ndiabetes vaikuttaa my\u00f6s siihen, ett\u00e4 juhlimiset ovat j\u00e4\u00e4neet. Se on se hinta<br \/>\nmenneist\u00e4 el\u00e4m\u00e4ntavoista, Mikko miettii nyt.<\/p>\n<p>                <img decoding=\"async\" src=\"https:\/\/www.europesays.com\/fi\/wp-content\/uploads\/2026\/05\/2134323.webp.jpeg\" width=\"576\" height=\"720\" alt=\"75-vuotias Mikko suuntaa edelleen kohti uusia seikkailuja.\" loading=\"lazy\" \/>            <\/p>\n<p>\n            75-vuotias Mikko suuntaa edelleen kohti uusia seikkailuja.<br \/>\n            Atte Kajova\n        <\/p>\n<p>Rokki<br \/>\nsoi edelleen<\/p>\n<p class=\"article-content article-content-width !bg-background\">700 tehdyn<br \/>\nkappaleen j\u00e4lkeen kev\u00e4\u00e4ll\u00e4 julkaistiin ehk\u00e4 se viimeinen levy, Se on rokkii\u2026ja sinfoniaa.<br \/>\nSiihenkin paloi omakustanteena rahaa pikkuauton verran.<\/p>\n<p class=\"article-content article-content-width !bg-background\">kanssa tehty vuosien 1972\u20131975<br \/>\nb\u00e4ndiprojektin uusintaversio Coitus Int 50 Revival on kuin varkain tehnyt<br \/>\nkolmessa vuodessa 65 keikkaa.<\/p>\n<p class=\"article-content article-content-width !bg-background\">\u2013 Ja<br \/>\nkeikkailen min\u00e4 joka vuosi Espanjan Fuengirolassa ja Ruotsissa my\u00f6s. Yleis\u00f6 on samaa kuin<br \/>\nennenkin, mutta hiustenv\u00e4ri on vain muuttunut, Mikko luonnehtii.<\/p>\n<p>        <a itemprop=\"url\" href=\"https:\/\/www.seiska.fi\/kotimaa\/tiesitko-nama-suomalaisartistit-tulevat-julkkisperheista\/2101202\" rel=\"nofollow noopener\" target=\"_blank\"><\/p>\n<p>\nTiesitk\u00f6?\n<\/p>\n<p class=\"section-date\">\n        <strong class=\"article-section\" data-section=\"kotimaa\"><br \/>\n            kotimaa<br \/>\n        <\/strong><br \/>\n        4.4. 12:00\n    <\/p>\n<p>Tiesitk\u00f6? N\u00e4m\u00e4 suomalaisartistit tulevat julkkisperheist\u00e4\n    <\/p>\n<p itemprop=\"description\" class=\"subtitle \">\n    Pojasta polvi paranee, ja tottakai tytt\u00e4rest\u00e4kin. N\u00e4m\u00e4 suomalaiset laulajat ovat taiteilijasukujen vesoja.\n<\/p>\n<p>        <\/a><\/p>\n<p>                <img decoding=\"async\" src=\"https:\/\/www.europesays.com\/fi\/wp-content\/uploads\/2026\/05\/2134327.webp.jpeg\" width=\"576\" height=\"322\" alt=\"2023 Mikko oli mukana kannustamassa, kun pojantyt\u00e4r Maisa Alatalo kruunattiin Miss Suomen perint\u00f6prinsessaksi.\" loading=\"lazy\" \/>            <\/p>\n<p>\n            2023 Mikko oli mukana kannustamassa, kun pojantyt\u00e4r Maisa Alatalo kruunattiin Miss Suomen perint\u00f6prinsessaksi.<br \/>\n            ATTE KAJOVA\n        <\/p>\n<p class=\"article-content article-content-width !bg-background\">Taiteilija<br \/>\non saanut huomata, ett\u00e4 laajasta tekemisest\u00e4 huolimatta aika tekee teht\u00e4v\u00e4ns\u00e4.<\/p>\n<p class=\"article-content article-content-width !bg-background\">\u2013 No<br \/>\nK\u00e4nkk\u00e4r\u00e4nk\u00e4n muistavat kaikki! Monet sitten ajattelevat, ett\u00e4 ei sit\u00e4 varmaan<br \/>\nole ollut olemassa sit\u00e4 ennen. Nuorempi v\u00e4ki ei tied\u00e4 tv-t\u00f6ist\u00e4ni tai 16 vuoden<br \/>\nkansanedustajuudestakaan, musiikkineuvos naureskelee.<\/p>\n<p>                <img decoding=\"async\" src=\"https:\/\/www.europesays.com\/fi\/wp-content\/uploads\/2026\/05\/2134345.webp.jpeg\" width=\"576\" height=\"720\" alt=\"Mikon ja Juice Leskisen yst\u00e4vyys j\u00e4tti pysyv\u00e4n j\u00e4ljen suomalaiseen musiikkimaailmaan.\" loading=\"lazy\" \/>            <\/p>\n<p>\n            Mikon ja Juice Leskisen yst\u00e4vyys j\u00e4tti pysyv\u00e4n j\u00e4ljen suomalaiseen musiikkimaailmaan.<br \/>\n            Kaukolehto Tomi\n        <\/p>\n<p class=\"font-weight-bold m-font-weight-bold article-content article-content-width !bg-background\">Juhlakeikallasi<br \/>\nkuullaan Coitus Int -hittej\u00e4 El\u00e4m\u00e4ss\u00e4 pit\u00e4\u00e4 olla runkkua, Panomies ja<br \/>\nHeinolassa jyt\u00e4\u00e4. Mik\u00e4 niist\u00e4 kuvaa parhaiten sinua?<\/p>\n<p class=\"article-content article-content-width !bg-background\">\u2013 Oi,<br \/>\nne ovat hyvi\u00e4 biisej\u00e4! Ja toimme muutenkin seksin sanoituksiin kun vanhoillinen<br \/>\nSuomi alkoi muuttua farkku-Suomeksi. Kun Juice oli naisen kanssa, h\u00e4n teki<br \/>\nsiit\u00e4 aina kappaleen. Minua kuvaa silti parhaiten tekem\u00e4ni H\u00e4n hymyilee kuin<br \/>\nlapsi. Aina puhutaan siit\u00e4, kun Juicen kanssa juotiin niin kamalasti viinaa,<br \/>\nmutta oli meill\u00e4 hauskaakin!<\/p>\n<p>        <a itemprop=\"url\" href=\"https:\/\/www.seiska.fi\/kotimaa\/mikko-alatalo-osasi-odottaa-pate-mustajarven-kuolinuutista-nyt-on-paha-juttu\/2031268\" rel=\"nofollow noopener\" target=\"_blank\"><\/p>\n<p>\nPate Mustaj\u00e4rven viimeiset vaiheet\n<\/p>\n<p class=\"section-date\">\n        <strong class=\"article-section\" data-section=\"kotimaa\"><br \/>\n            kotimaa<br \/>\n        <\/strong><br \/>\n        26.12.2025 16:02\n    <\/p>\n<p>Mikko Alatalo osasi odottaa Pate Mustaj\u00e4rven kuolinuutista: &#8221;Nyt on paha juttu&#8221;\n    <\/p>\n<p itemprop=\"description\" class=\"subtitle \">\n    Pate Mustaj\u00e4rven menehtyminen j\u00e4tt\u00e4\u00e4 kotimaisen musiikin kentt\u00e4\u00e4n ison aukon.\n<\/p>\n<p>        <\/a><\/p>\n<p>                <img decoding=\"async\" src=\"https:\/\/www.europesays.com\/fi\/wp-content\/uploads\/2026\/05\/2134325.webp.jpeg\" width=\"576\" height=\"303\" alt=\"Vain el\u00e4m\u00e4\u00e4 oli Mikolle mieluinen kokemus.\" loading=\"lazy\" \/>            <\/p>\n<p>\n            Vain el\u00e4m\u00e4\u00e4 oli Mikolle mieluinen kokemus.<br \/>\n            Petri Aho\n        <\/p>\n<p class=\"font-weight-bold m-font-weight-bold article-content article-content-width !bg-background\">Oliko<br \/>\nvapauttavaa olla 2022 Vain el\u00e4m\u00e4\u00e4 -kokoonpanossa, kun ihmiset muistivat taas,<br \/>\nett\u00e4 olet rokkari?<\/p>\n<p class=\"article-content article-content-width !bg-background\">\u2013 Joo!<br \/>\nSiin\u00e4 olet t\u00e4ysin oikeassa! Ei ihmiset muistaneet ett\u00e4 mulla on ollut vaikka<br \/>\nAnna mulle lovee ja Hengit\u00e4 sisko -kappale jossa laulettiin \u201cEi ole helppoo<br \/>\nolla mies\u201d.<\/p>\n<p class=\"font-weight-bold m-font-weight-bold article-content article-content-width !bg-background\">Mit\u00e4<br \/>\ntekisit t\u00e4ll\u00e4 el\u00e4m\u00e4nkokemuksella toisin, jos voisit p\u00e4\u00e4tt\u00e4\u00e4 uudelleen?<\/p>\n<p class=\"article-content article-content-width !bg-background\">\u2013Tuli<br \/>\nvarmasti ylily\u00f6ntej\u00e4, mutta ne kuuluvat rokkiel\u00e4m\u00e4\u00e4n! Lasten kanssa olisin<br \/>\nvoinut viett\u00e4\u00e4 enemm\u00e4n aikaa. Heid\u00e4n ollessa pieni\u00e4 oli juuri kovin<br \/>\nkeikkatahti p\u00e4\u00e4ll\u00e4. Toki meill\u00e4 oli laatuaikaakin laskettelureissuineen. Kaikki<br \/>\nnelj\u00e4 poikaa musisoivat jossain m\u00e4\u00e4rin, hekin ovat jo 30-50 vuoden ik\u00e4ryhm\u00e4ss\u00e4.<\/p>\n<p>                <img decoding=\"async\" src=\"https:\/\/www.europesays.com\/fi\/wp-content\/uploads\/2026\/05\/2134339.webp.jpeg\" width=\"576\" height=\"720\" alt=\"Mikko ja Seija-vaimo Linnan juhlissa 2015.\" loading=\"lazy\" \/>            <\/p>\n<p>\n            Mikko ja Seija-vaimo Linnan juhlissa 2015.<br \/>\n            Seiskan arkisto\n        <\/p>\n<p class=\"font-weight-bold m-font-weight-bold article-content article-content-width !bg-background\">Mik\u00e4 oli<br \/>\nparasta ja pahinta nelj\u00e4ss\u00e4 eduskuntakaudessa?<\/p>\n<p class=\"article-content article-content-width !bg-background\">\u2013 Oli<br \/>\nhienoa olla koko ajan liikennevaliokunnassa ja saada siell\u00e4 aikaan. Puolustin<br \/>\nmy\u00f6s taiteilijoiden oikeuksia tuotantoonsa. On ihan ik\u00e4v\u00e4 sit\u00e4, kun sai k\u00e4yd\u00e4<br \/>\nmaailmalla kertomassa Suomen agendoista tulevaisuusvaliokunnan j\u00e4senen\u00e4. Seh\u00e4n<br \/>\nharmitti, ettei maailmantilaan voinut kuitenkaan vaikuttaa paljon Suomen eduskunnasta<br \/>\nk\u00e4sin. Se my\u00f6s alkoi p\u00e4nni\u00e4, kun ihmiset alkoivat laittaa ihan kamalia viestej\u00e4<br \/>\nkansanedustajille somen my\u00f6t\u00e4. Sit\u00e4 on varmasti monen vaikea jaksaa.<\/p>\n<p>                <img decoding=\"async\" src=\"https:\/\/www.europesays.com\/fi\/wp-content\/uploads\/2026\/05\/2134353.webp.jpeg\" width=\"576\" height=\"317\" alt=\"Nelinkertainan Syksyn s\u00e4vel -voittaja vuonna 1980 Katri Helenan ja Fredin kanssa.\" loading=\"lazy\" \/>            <\/p>\n<p>\n            Nelinkertainan Syksyn s\u00e4vel -voittaja vuonna 1980 Katri Helenan ja Fredin kanssa.<br \/>\n            Urpo Rouhiainen\/Museovirasto\n        <\/p>\n<p class=\"font-weight-bold m-font-weight-bold article-content article-content-width !bg-background\">Miten<br \/>\noman puolison hautaamisesta selvi\u00e4\u00e4?<\/p>\n<p class=\"article-content article-content-width !bg-background\">\u2013 Ei<br \/>\nsiit\u00e4 koskaan selvi\u00e4. Se on aina muistoissa. T\u00e4rkeint\u00e4 on jaksaa eteenp\u00e4in<br \/>\nmuiden takia. Surullista on my\u00f6s se, kun viikatemies on vienyt yst\u00e4vi\u00e4. ,  ja Juice jo 20 vuotta sitten. Sitten mina t\u00e4\u00e4ll\u00e4<br \/>\npalloilen seitsem\u00e4nkymppisen\u00e4 papparaisena.<\/p>\n<p class=\"font-weight-bold m-font-weight-bold article-content article-content-width !bg-background\">Suuntasi<br \/>\non edelleen eteenp\u00e4in, mit\u00e4 on haaveissa ja suunnitelmissa tulevaisuudelle?<\/p>\n<p class=\"article-content article-content-width !bg-background\">\u2013 On<br \/>\nuusi kiertuekin suunnitteilla, jossa muistellaan my\u00f6s kuvien kautta. Lis\u00e4ksi<br \/>\nhaluaisin saada k\u00e4yty\u00e4 kolmessa puuttuvassa Yhdysvaltojen osavaltiossa. Pohjois-Dakota,<br \/>\nMontana ja Alaska on k\u00e4ym\u00e4tt\u00e4. V\u00e4lill\u00e4 k\u00e4yd\u00e4\u00e4n my\u00f6s vaimon kanssa teatterissa<br \/>\nHelsingiss\u00e4.<\/p>\n<p>                <img decoding=\"async\" src=\"https:\/\/www.europesays.com\/fi\/wp-content\/uploads\/2026\/05\/2134333.webp.jpeg\" width=\"576\" height=\"720\" alt=\"Kukas se siell\u00e4? Mikkoa ei ole tunnistaa ilman ikonisia laseja.\" loading=\"lazy\" \/>            <\/p>\n<p>\n            Kukas se siell\u00e4? Mikkoa ei ole tunnistaa ilman ikonisia laseja.<br \/>\n            Atte Kajova\n        <\/p>\n<p class=\"font-weight-bold m-font-weight-bold article-content article-content-width !bg-background\">Olisitko<br \/>\nuskonut, ett\u00e4 sinusta tulee ikoni my\u00f6s sinisten silm\u00e4lasien puolesta?<\/p>\n<p class=\"article-content article-content-width !bg-background\">\u2013 Se<br \/>\noli kyll\u00e4 sattumaa. Jo kauan aikaa sitten City-lehti j\u00e4rjesti tilaisuuden<br \/>\nmainostamalla, ett\u00e4 Mikko Alatalo riisuu siniset lasit. Tilalle tulivat<br \/>\nruskeat, mutta kyll\u00e4 siniset piti ottaa takaisin jo yleis\u00f6nkin pyynn\u00f6st\u00e4. Alkujaan<br \/>\nv\u00e4rej\u00e4 oli enemm\u00e4n, mutta siniset j\u00e4iv\u00e4t. L\u00f6ysin my\u00f6s itselleni Saksasta hyv\u00e4n,<br \/>\nsinisen salkun.<\/p>\n<p>        <a itemprop=\"url\" href=\"https:\/\/www.seiska.fi\/kotimaa\/me-naiset-juice-leskisen-sari-leski-kertoo-totuuden-muusikon-viimeisista-hetkista\/1927088\" rel=\"nofollow noopener\" target=\"_blank\"><\/p>\n<p>\nMe Naiset:\n<\/p>\n<p class=\"section-date\">\n        <strong class=\"article-section\" data-section=\"kotimaa\"><br \/>\n            kotimaa<br \/>\n        <\/strong><br \/>\n        10.9.2025 15:28\n    <\/p>\n<p>Me Naiset: Juice Leskisen Sari-leski kertoo totuuden muusikon viimeisist\u00e4 hetkist\u00e4\n    <\/p>\n<p itemprop=\"description\" class=\"subtitle \">\n    Juicen kuolemasta tulee ensi vuonna kuluneeksi 20 vuotta.\n<\/p>\n<p>        <\/a><\/p>\n","protected":false},"excerpt":{"rendered":"Atte Kajova Kansantaiteilija rokkaa pian Tavastialla 75-vuotiaana. Vapunp\u00e4iv\u00e4n\u00e4 75 vuotta t\u00e4ytt\u00e4v\u00e4 ei ole ihan se tavallisin el\u00e4kel\u00e4inen. Suomalaisen&hellip;\n","protected":false},"author":2,"featured_media":235706,"comment_status":"","ping_status":"","sticky":false,"template":"","format":"standard","meta":{"footnotes":"","_share_on_mastodon":"0"},"categories":[130],"tags":[4166,137,33,31,30,8438,33733,12404,3018,32,12055,109],"class_list":["post-235705","post","type-post","status-publish","format-standard","has-post-thumbnail","category-viihde","tag-75-vuotta","tag-entertainment","tag-fi","tag-finland","tag-finnish","tag-kansanedustaja","tag-kansantaiteilija","tag-mikko-alatalo","tag-muusikko","tag-suomi","tag-tv-kasvo","tag-viihde"],"share_on_mastodon":{"url":"https:\/\/pubeurope.com\/@fi\/116498356375732105","error":""},"_links":{"self":[{"href":"https:\/\/www.europesays.com\/fi\/wp-json\/wp\/v2\/posts\/235705","targetHints":{"allow":["GET"]}}],"collection":[{"href":"https:\/\/www.europesays.com\/fi\/wp-json\/wp\/v2\/posts"}],"about":[{"href":"https:\/\/www.europesays.com\/fi\/wp-json\/wp\/v2\/types\/post"}],"author":[{"embeddable":true,"href":"https:\/\/www.europesays.com\/fi\/wp-json\/wp\/v2\/users\/2"}],"replies":[{"embeddable":true,"href":"https:\/\/www.europesays.com\/fi\/wp-json\/wp\/v2\/comments?post=235705"}],"version-history":[{"count":0,"href":"https:\/\/www.europesays.com\/fi\/wp-json\/wp\/v2\/posts\/235705\/revisions"}],"wp:featuredmedia":[{"embeddable":true,"href":"https:\/\/www.europesays.com\/fi\/wp-json\/wp\/v2\/media\/235706"}],"wp:attachment":[{"href":"https:\/\/www.europesays.com\/fi\/wp-json\/wp\/v2\/media?parent=235705"}],"wp:term":[{"taxonomy":"category","embeddable":true,"href":"https:\/\/www.europesays.com\/fi\/wp-json\/wp\/v2\/categories?post=235705"},{"taxonomy":"post_tag","embeddable":true,"href":"https:\/\/www.europesays.com\/fi\/wp-json\/wp\/v2\/tags?post=235705"}],"curies":[{"name":"wp","href":"https:\/\/api.w.org\/{rel}","templated":true}]}}