{"id":23572,"date":"2025-09-02T15:37:08","date_gmt":"2025-09-02T15:37:08","guid":{"rendered":"https:\/\/www.europesays.com\/fi\/23572\/"},"modified":"2025-09-02T15:37:08","modified_gmt":"2025-09-02T15:37:08","slug":"ozzy-osbournen-kitaristi-kadehti-metallicaa-erikoisessa-asiassa-naiden-yhteiskiertueella-siina-oli-punk-asennetta","status":"publish","type":"post","link":"https:\/\/www.europesays.com\/fi\/23572\/","title":{"rendered":"Ozzy Osbournen kitaristi kadehti Metallicaa erikoisessa asiassa n\u00e4iden yhteiskiertueella &#8211; &#8221;Siin\u00e4 oli punk-asennetta&#8221;"},"content":{"rendered":"<p>Kun Ozzy Osbourne l\u00e4hti kiertueelle The Ultimate Sin -albuminsa (1986) tiimoilta, otti t\u00e4m\u00e4 rundin ensimm\u00e4iselle Pohjois-Amerikan-osuudelle l\u00e4mmittelij\u00e4ksi Metallican, joka oli vasta tekem\u00e4ss\u00e4 nousua heavy metalin raskaaseen sarjaan. Ozzy Osbournen b\u00e4ndin silloinen kitaristi Jake E. Lee muisteli kyseist\u00e4 kiertuetta hiljattain <a href=\"https:\/\/bravewords.com\/interviews\/jake-e-lee-says-sharon-told-ozzy-osbournes-band-they-couldnt-look-like-metallica-in-1986-you-cant-dress-like-the-punters\/\" target=\"_blank\" rel=\"noreferrer noopener nofollow\">BraveWordsille antamassaan haastattelussa<\/a>.<\/p>\n<p>\u201dHe olivat hyvin erilaisia ja pidin heist\u00e4 kovastsi. Varsinkin Cliffist\u00e4 (Burton, Metallican basisti). Kaikki kunnia muille basisteille, mutta h\u00e4ness\u00e4 oli jotain taianomaista. Olen iloinen, ett\u00e4 n\u00e4in heid\u00e4t Cliffin kanssa. He olivat vihaisia eik\u00e4 siin\u00e4 touhussa ollut mit\u00e4\u00e4n siloiteltua ja n\u00e4tti\u00e4. Se oli aivan upeaa\u201d, Lee hehkuttaa ja my\u00f6nt\u00e4\u00e4 olleensa b\u00e4ndille kateellinen my\u00f6s ulkoisesta habituksesta.<\/p>\n<p>\u201dSill\u00e4 kiertueella meid\u00e4n piti pukeutua tietyll\u00e4 tavalla. Ozzyll\u00e4 oli kultainen ja kimalteleva h\u00e4rp\u00e4ke isoine olkatoppauksineen. H\u00e4nell\u00e4 oli tyyppi, joka teki meid\u00e4n kaikkien vaatteet. Jos olit Ozzyn b\u00e4ndiss\u00e4, et saanut pukeutua miten haluat siihen aikaan. Muistan n\u00e4hneeni Ozzyn kuteet ja sitten basistin kuteet ja ajatelleeni: \u2019Hitto, voitko hieman hillit\u00e4 minun kohdallani, kiitos?\u2019 Suurin osa minun vaatteistani oli mustavalkoista ilman kimalletta, mutta tunsin silti oloni ep\u00e4mukavaksi.\u201d<\/p>\n<p>\u201dMuistan Sharonin (Osbourne, Ozzyn vaimo ja manageri) sanoneen, ett\u00e4 \u2019Et voi pukeutua kuin rahvas. Et voi olla lavalla ja n\u00e4ytt\u00e4\u00e4 silt\u00e4, ett\u00e4 voisit yht\u00e4 hyvin seisoa yleis\u00f6ss\u00e4 eturiviss\u00e4.\u2019 N\u00e4in h\u00e4n sanoi, kun liityin b\u00e4ndiin. En kuitenkaan ajatellut, ett\u00e4 se menee noin pitk\u00e4lle.\u201d<\/p>\n<p>\u201dRakastin Metallicassa sit\u00e4, miten he meniv\u00e4t lavalle farkuissa ja t-paidoissa ja pistiv\u00e4t koko paikan matalaksi. Se oli mahtavaa. Siin\u00e4 oli punk-asennetta.\u201d<\/p>\n<p><img loading=\"lazy\" decoding=\"async\" alt=\"YouTube video\" width=\"480\" height=\"360\" data-pin-nopin=\"true\" nopin=\"nopin\" class=\"perfmatters-lazy\" src=\"https:\/\/www.europesays.com\/fi\/wp-content\/uploads\/2025\/09\/1756827428_314_hqdefault.jpg\"\/><\/p>\n<p>Lue my\u00f6s: <a href=\"https:\/\/www.soundi.fi\/uutiset\/kukaan-meista-ei-ajatellut-etta-se-olisi-viimeinen-kerta-kun-naemme-hanet-lars-ulrich-palaa-ozzyn-jaahyvaiskeikan-tunnelmiin\/\" title=\"\u201dKukaan meist\u00e4 ei ajatellut, ett\u00e4 se olisi viimeinen kerta, kun n\u00e4emme h\u00e4net\u201d \u2013 Lars Ulrich palaa Ozzyn j\u00e4\u00e4hyv\u00e4iskeikan tunnelmiin\" class=\"underline-custom !font-montserrat !font-bold !underline-offset-4 !decoration-4 !decoration-tilt-light\" rel=\"nofollow noopener\" target=\"_blank\">\u201dKukaan meist\u00e4 ei ajatellut, ett\u00e4 se olisi viimeinen kerta, kun n\u00e4emme h\u00e4net\u201d \u2013 Lars Ulrich palaa Ozzyn j\u00e4\u00e4hyv\u00e4iskeikan tunnelmiin<\/a><\/p>\n<p>Lue my\u00f6s: <a href=\"https:\/\/www.soundi.fi\/uutiset\/metallica-suree-ozzya-on-mahdotonta-pukea-sanoiksi-sita-mita-ozzy-osbourne-merkitsee-meille\/\" title=\"Metallica suree Ozzya: \u201dOn mahdotonta pukea sanoiksi sit\u00e4, mit\u00e4 Ozzy Osbourne merkitsee meille\u201d\" class=\"underline-custom !font-montserrat !font-bold !underline-offset-4 !decoration-4 !decoration-tilt-light\" rel=\"nofollow noopener\" target=\"_blank\">Metallica suree Ozzya: \u201dOn mahdotonta pukea sanoiksi sit\u00e4, mit\u00e4 Ozzy Osbourne merkitsee meille\u201d<\/a><\/p>\n","protected":false},"excerpt":{"rendered":"Kun Ozzy Osbourne l\u00e4hti kiertueelle The Ultimate Sin -albuminsa (1986) tiimoilta, otti t\u00e4m\u00e4 rundin ensimm\u00e4iselle Pohjois-Amerikan-osuudelle l\u00e4mmittelij\u00e4ksi Metallican,&hellip;\n","protected":false},"author":2,"featured_media":23573,"comment_status":"","ping_status":"","sticky":false,"template":"","format":"standard","meta":{"footnotes":""},"categories":[132],"tags":[137,33,31,30,195,47,32,109],"class_list":{"0":"post-23572","1":"post","2":"type-post","3":"status-publish","4":"format-standard","5":"has-post-thumbnail","7":"category-musiikki","8":"tag-entertainment","9":"tag-fi","10":"tag-finland","11":"tag-finnish","12":"tag-music","13":"tag-musiikki","14":"tag-suomi","15":"tag-viihde"},"share_on_mastodon":{"url":"","error":""},"_links":{"self":[{"href":"https:\/\/www.europesays.com\/fi\/wp-json\/wp\/v2\/posts\/23572","targetHints":{"allow":["GET"]}}],"collection":[{"href":"https:\/\/www.europesays.com\/fi\/wp-json\/wp\/v2\/posts"}],"about":[{"href":"https:\/\/www.europesays.com\/fi\/wp-json\/wp\/v2\/types\/post"}],"author":[{"embeddable":true,"href":"https:\/\/www.europesays.com\/fi\/wp-json\/wp\/v2\/users\/2"}],"replies":[{"embeddable":true,"href":"https:\/\/www.europesays.com\/fi\/wp-json\/wp\/v2\/comments?post=23572"}],"version-history":[{"count":0,"href":"https:\/\/www.europesays.com\/fi\/wp-json\/wp\/v2\/posts\/23572\/revisions"}],"wp:featuredmedia":[{"embeddable":true,"href":"https:\/\/www.europesays.com\/fi\/wp-json\/wp\/v2\/media\/23573"}],"wp:attachment":[{"href":"https:\/\/www.europesays.com\/fi\/wp-json\/wp\/v2\/media?parent=23572"}],"wp:term":[{"taxonomy":"category","embeddable":true,"href":"https:\/\/www.europesays.com\/fi\/wp-json\/wp\/v2\/categories?post=23572"},{"taxonomy":"post_tag","embeddable":true,"href":"https:\/\/www.europesays.com\/fi\/wp-json\/wp\/v2\/tags?post=23572"}],"curies":[{"name":"wp","href":"https:\/\/api.w.org\/{rel}","templated":true}]}}