{"id":235764,"date":"2026-05-01T10:05:16","date_gmt":"2026-05-01T10:05:16","guid":{"rendered":"https:\/\/www.europesays.com\/fi\/235764\/"},"modified":"2026-05-01T10:05:16","modified_gmt":"2026-05-01T10:05:16","slug":"yhdysvaltojen-rajaviranomaiset-nappasivat-rallitahti-jonne-halttusen","status":"publish","type":"post","link":"https:\/\/www.europesays.com\/fi\/235764\/","title":{"rendered":"Yhdysvaltojen rajaviranomaiset nappasivat rallit\u00e4hti Jonne Halttusen."},"content":{"rendered":"<p>            All Over Press\n        <\/p>\n<p class=\"subtitle \">Jonne kertoo Seiskalle erikoisesta episodista.<\/p>\n<p class=\"article-content article-content-width !bg-background\">Maailmalla matkatessa voi sattua kaikenlaisia kommervenkkej\u00e4 ja muita yll\u00e4tt\u00e4vi\u00e4 tilanteita.<\/p>\n<p class=\"article-content article-content-width !bg-background\">T\u00e4m\u00e4n tiet\u00e4\u00e4 hyvin my\u00f6s rallit\u00e4hti , 40, joka sai vastik\u00e4\u00e4n todellisen unelmapestin Yhdysvalloista.<\/p>\n<p class=\"article-content article-content-width !bg-background\">Rallij\u00e4tti Toyota palkkasi Jonnen vet\u00e4m\u00e4\u00e4n japanilaistallin Amerikan valloitusta, jossa on todella isot panokset.<\/p>\n<p class=\"article-content article-content-width !bg-background\">\u2013 Ty\u00f6skentelen projektip\u00e4\u00e4llikk\u00f6n\u00e4 Toyotan American Rally Association ARA-projektissa, Jonne selitt\u00e4\u00e4 Seiskalle.<\/p>\n<p class=\"article-content article-content-width !bg-background\">\u2013 Minulla on rallin MM-sarjasta vankka kokemus, jonka tuon t\u00e4h\u00e4n USA-projektiin. Viet\u00e4n Jenkeiss\u00e4 noin viikon joka kuukausi.<\/p>\n<p>        <a itemprop=\"url\" href=\"https:\/\/www.seiska.fi\/urheilu\/sai-kaytannossa-potkut-kalle-rovanperan-kartturi-tilittaa-seiskalle-jai-paska-fiilis\/1958674\" rel=\"nofollow noopener\" target=\"_blank\"><\/p>\n<p>\nKallen kartturin shokkitilitys\n<\/p>\n<p class=\"section-date\">\n        <strong class=\"article-section\" data-section=\"urheilu\"><br \/>\n            urheilu<br \/>\n        <\/strong><br \/>\n        15.10.2025 05:30\n    <\/p>\n<p>Sai k\u00e4yt\u00e4nn\u00f6ss\u00e4 potkut! Kalle Rovanper\u00e4n kartturi tilitt\u00e4\u00e4 Seiskalle: \u201dJ\u00e4i paska fiilis\u201d\n    <\/p>\n<p itemprop=\"description\" class=\"subtitle \">\n    \u2013 En saanut kenk\u00e4\u00e4, mutta lopputulos oli t\u00e4ysin sama, Jonne Halttunen harmittelee.\n<\/p>\n<p>        <\/a><\/p>\n<p>                <img decoding=\"async\" src=\"https:\/\/www.europesays.com\/fi\/wp-content\/uploads\/2026\/05\/2140018.webp.jpeg\" width=\"576\" height=\"639\" alt=\"Jonne l\u00e4hetti Seiskalle itsest\u00e4\u00e4n kuvan Seattlesta, jossa ajettiin paikallinen rallikilpailu.\" loading=\"lazy\" \/>            <\/p>\n<p>\n            Jonne l\u00e4hetti Seiskalle itsest\u00e4\u00e4n kuvan Seattlesta, jossa ajettiin paikallinen rallikilpailu.<br \/>\n            Jonnen kotialbumi\n        <\/p>\n<p>Viranomaiset vetiv\u00e4t sivuun<\/p>\n<p class=\"article-content article-content-width !bg-background\">Yhdysvaltojen rajatarkastukset tunnetaan tiukkuudestaan. Rapakon taakse ei matkusteta noin vain.<\/p>\n<p class=\"article-content article-content-width !bg-background\">Vaikka Jonne on tottunut Amerikan-matkaaja, h\u00e4nellekin k\u00e4vi hiljattain kylm\u00e4t Chicagon kansainv\u00e4lisell\u00e4 lentoasemalla.<\/p>\n<p class=\"article-content article-content-width !bg-background\">\u2013 Minut vedettiin viranomaisten toimesta yll\u00e4tt\u00e4en sivuun, kun piti menn\u00e4 odottelemaan jatkolentoa Seattleen.<\/p>\n<p class=\"article-content article-content-width !bg-background\">\u2013 Ojensin ihan normaalisti passini, ja sen j\u00e4lkeen he pyysiv\u00e4t minut maahantulon lis\u00e4tarkastuksiin.<\/p>\n<p>        <a itemprop=\"url\" href=\"https:\/\/www.seiska.fi\/urheilu\/kalle-rovanperan-kartturilta-raadollinen-avautuminen-en-todellakaan-tieda-mita-teen\/1959840\" rel=\"nofollow noopener\" target=\"_blank\"><\/p>\n<p>\nKartturilta raadollinen avautuminen\n<\/p>\n<p class=\"section-date\">\n        <strong class=\"article-section\" data-section=\"urheilu\"><br \/>\n            urheilu<br \/>\n        <\/strong><br \/>\n        17.10.2025 06:00\n    <\/p>\n<p>Kalle Rovanper\u00e4n kartturilta raadollinen avautuminen: \u201dEn todellakaan tied\u00e4, mit\u00e4 teen\u201d\n    <\/p>\n<p itemprop=\"description\" class=\"subtitle \">\n    Jonne Halttunen tilitt\u00e4\u00e4 tuntojaan Seiskalle.\n<\/p>\n<p>        <\/a><\/p>\n<p>                <img decoding=\"async\" src=\"https:\/\/www.europesays.com\/fi\/wp-content\/uploads\/2026\/05\/2140024.webp.jpeg\" width=\"576\" height=\"399\" alt=\"Chicagon O'Haren kansainv\u00e4linen lentoasema on yksi maailman vilkkaimmista.\" loading=\"lazy\" \/>            <\/p>\n<p>\n            Chicagon O&#8217;Haren kansainv\u00e4linen lentoasema on yksi maailman vilkkaimmista.<br \/>\n            AOP\n        <\/p>\n<p>Jonne: outo kokemus<\/p>\n<p class=\"article-content article-content-width !bg-background\">Chicagon O\u2019Haren j\u00e4ttil\u00e4ism\u00e4inen lentoasema on yksi maailman vilkkaimmista.<\/p>\n<p class=\"article-content article-content-width !bg-background\">Jonnelle tuli tutuksi lentoaseman viranomaishuone, jossa suomalaista rallit\u00e4hte\u00e4 istutettiin vailla selityksi\u00e4.<\/p>\n<p>\n            Eiv\u00e4t edes katsoneet passiani.\n            <\/p>\n<p class=\"article-content article-content-width !bg-background\">\u2013 Oli jopa hieman outoa, etteiv\u00e4t he kysyneet minulta yht\u00e4k\u00e4\u00e4n kysymyst\u00e4. Eiv\u00e4t edes katsoneet passiani, istuttivat vain siell\u00e4 reilun tunnin, Jonne ihmettelee.<\/p>\n<p class=\"article-content article-content-width !bg-background\">\u2013 Tied\u00e4n, ett\u00e4 siell\u00e4 tehd\u00e4\u00e4n vastaavia random-tsekkauksia matkustajille. Muillekin suomalaisille on k\u00e4ynyt samoin. Mutta oli erikoista, ettei minulle annettu mit\u00e4\u00e4n syyt\u00e4.<\/p>\n<p>Mik\u00e4\u00e4n ei auttanut<\/p>\n<p class=\"article-content article-content-width !bg-background\">Jonne kertoo lopulta itse rikkoneensa hiljaisuuden. H\u00e4n uteli herrasmiehen\u00e4 kohteliaita vinkkej\u00e4 USA:n rajaviranomaisilta.<\/p>\n<p class=\"article-content article-content-width !bg-background\">\u2013 Yritin kysell\u00e4 heilt\u00e4, olisiko jatkoa varten jotakin sellaista, jota voisin tehd\u00e4 eri tavalla tai paremmin, Jonne muistelee.<\/p>\n<p class=\"article-content article-content-width !bg-background\">\u2013 Vastasivat vain, ett\u00e4 mit\u00e4\u00e4n ei tarvitse tehd\u00e4 eri tavalla. Olin sitten, ett\u00e4 jaaha.<\/p>\n<p>        <a itemprop=\"url\" href=\"https:\/\/www.seiska.fi\/urheilu\/jonne-halttunen-paljastaa-seiskalle-tamanko-takia-kalle-rovanpera-lopettaa-rallin\/1961462\" rel=\"nofollow noopener\" target=\"_blank\"><\/p>\n<p>\nN\u00e4ink\u00f6 siin\u00e4 k\u00e4vi?\n<\/p>\n<p class=\"section-date\">\n        <strong class=\"article-section\" data-section=\"urheilu\"><br \/>\n            urheilu<br \/>\n        <\/strong><br \/>\n        18.10.2025 09:00\n    <\/p>\n<p>Jonne Halttunen paljastaa Seiskalle: t\u00e4m\u00e4nk\u00f6 takia Kalle Rovanper\u00e4 lopettaa rallin?\n    <\/p>\n<p itemprop=\"description\" class=\"subtitle \">\n    Luottokartturin mukaan maailmanmestarilla tuli mitta t\u00e4yteen.\n<\/p>\n<p>        <\/a><\/p>\n<p>                <img decoding=\"async\" src=\"https:\/\/www.europesays.com\/fi\/wp-content\/uploads\/2026\/05\/2140026.webp.jpeg\" width=\"576\" height=\"336\" alt=\"Jonne missasi paluulentonsa viivyttelyn vuoksi.\" loading=\"lazy\" \/>            <\/p>\n<p>\n            Jonne missasi paluulentonsa viivyttelyn vuoksi.<br \/>\n            AOP\n        <\/p>\n<p>Tyly kohtalo kent\u00e4ll\u00e4<\/p>\n<p class=\"article-content article-content-width !bg-background\">Suomesta Yhdysvaltoihin matkustaneella Jonnella oli Chicagossa parin tunnin vaihtoaika Seattlen koneeseen.<\/p>\n<p class=\"article-content article-content-width !bg-background\">\u2013 Sen olisi pit\u00e4nyt riitt\u00e4\u00e4, mutta sen sivuunvedon takia missasin lopulta jatkolentoni, Halttunen harmittelee.<\/p>\n<p>\n            Heid\u00e4n suhtautumisensa on kyll\u00e4 j\u00e4nn\u00e4\u00e4.\n            <\/p>\n<p class=\"article-content article-content-width !bg-background\">\u2013 Kysyin piruuttani, ett\u00e4 mit\u00e4s nyt, kun missasin jatkolennon. Vastasivat vain, ett\u00e4 ota ensi kerralla pidempi vaihtoaika.<\/p>\n<p class=\"article-content article-content-width !bg-background\">\u2013 Heid\u00e4n suhtautumisensa on kyll\u00e4 j\u00e4nn\u00e4\u00e4. Ik\u00e4\u00e4n kuin koko juttu olisi ollut omaa syyt\u00e4ni, vaikken tehnyt mit\u00e4\u00e4n.<\/p>\n<p>                <img decoding=\"async\" src=\"https:\/\/www.europesays.com\/fi\/wp-content\/uploads\/2026\/05\/2140031.webp.jpeg\" width=\"576\" height=\"629\" alt=\"Jonnelle k\u00e4vi kylm\u00e4t Yhdysvalloissa.\" loading=\"lazy\" \/>            <\/p>\n<p>\n            Jonnelle k\u00e4vi kylm\u00e4t Yhdysvalloissa.<br \/>\n            Vesa P\u00f6pp\u00f6nen \/ AOP\n        <\/p>\n<p>Onnellinen loppu<\/p>\n<p class=\"article-content article-content-width !bg-background\">Tarinalla on kuitenkin onnellinen loppu, sill\u00e4 lopulta Jonne p\u00e4\u00e4si jatkamaan matkaansa menestyksekk\u00e4\u00e4sti Seattleen.<\/p>\n<p class=\"article-content article-content-width !bg-background\">Perill\u00e4 odotti paras mahdollinen palkinto, kun Jonnen rallitiimi nappasi  johdolla voiton rallikisasta.<\/p>\n<p>        <a itemprop=\"url\" href=\"https:\/\/www.seiska.fi\/urheilu\/kalle-rovanperan-kartturi-jonne-halttunen-kertoo-kauhunhetkistaan-oli-vahalla-kuolla\/1451307\" rel=\"nofollow noopener\" target=\"_blank\"><\/p>\n<p class=\"section-date\">\n        <strong class=\"article-section\" data-section=\"urheilu\"><br \/>\n            urheilu<br \/>\n        <\/strong><br \/>\n        8.9.2024 15:00\n    <\/p>\n<p>Kalle Rovanper\u00e4n kartturi Jonne Halttunen kertoo kauhunhetkist\u00e4\u00e4n: Oli v\u00e4h\u00e4ll\u00e4 kuolla\n    <\/p>\n<p itemprop=\"description\" class=\"subtitle \">\n    Kaksinkertaisen maailmanmestarin el\u00e4m\u00e4 oli p\u00e4\u00e4tty\u00e4 traagiseen onnettomuuteen.\n<\/p>\n<p>        <\/a><\/p>\n<p class=\"article-content article-content-width !bg-background\">Eik\u00e4 Chicagon episodista j\u00e4\u00e4nyt suinkaan mit\u00e4\u00e4n hampaankoloon.<\/p>\n<p class=\"article-content article-content-width !bg-background\">\u2013 Olen matkustellut niin paljon, ett\u00e4 kyll\u00e4 t\u00e4ss\u00e4 on aika paljon pahempiakin tilanteita sattunut vuosien varrelle.<\/p>\n<p>        Kuvaa omaa tv-sarjaa<\/p>\n<p>Vaativan USA-projektin lis\u00e4ksi Jonne py\u00f6ritt\u00e4\u00e4 my\u00f6s omia bisneksi\u00e4\u00e4n.<\/p>\n<p>H\u00e4nen yrityksens\u00e4 on ottanut merkitt\u00e4v\u00e4n taloudellisen riskin ryhdytty\u00e4\u00e4n tekem\u00e4\u00e4n t\u00e4ysin kylmilt\u00e4\u00e4n omaa tv-sarjaa.<\/p>\n<p>Jonnen junailema Kartturista Kuskiksi py\u00f6rii jo MTV:ll\u00e4 ja Subilla. Rallireality\u00e4 n\u00e4ytet\u00e4\u00e4n 10 jakson verran MM-Rallin powerstage-l\u00e4hetyksen yhteydess\u00e4.<\/p>\n<p>\u2013 Koko juttu l\u00e4hti siit\u00e4, ett\u00e4 omistan oman ralliauton. Olen pikkupojasta asti haaveillut, ett\u00e4 olisin joskus itsekin rallikuski.<\/p>\n<p>Siihen tarjoutui tilaisuus, kun Kalle Rovanper\u00e4 l\u00e4hti l\u00e4tkim\u00e4\u00e4n formuloihin.<\/p>\n<p>\u2013 Keksin alkaa harjoitella ralliajamista ja my\u00f6s kuvata sit\u00e4. Aluksi YouTubeen, mutta sitten Maikkarillakin innostuttiin siit\u00e4, Jonne naurahtaa.<\/p>\n<p>\u2013 En olisi vuosi sitten miss\u00e4\u00e4n nimess\u00e4 uskonut, ett\u00e4 kuvaisin omaa ralliohjelmaa Maikkarille. Siin\u00e4 on hirve\u00e4sti opettelua, mutta se on tosi innostavaa.<\/p>\n","protected":false},"excerpt":{"rendered":"All Over Press Jonne kertoo Seiskalle erikoisesta episodista. Maailmalla matkatessa voi sattua kaikenlaisia kommervenkkej\u00e4 ja muita yll\u00e4tt\u00e4vi\u00e4 tilanteita.&hellip;\n","protected":false},"author":2,"featured_media":235765,"comment_status":"","ping_status":"","sticky":false,"template":"","format":"standard","meta":{"footnotes":"","_share_on_mastodon":"0"},"categories":[158],"tags":[722,5860,33,31,30,13785,6401,1478,33736,16153,3240,159,32,7465,4600,160,4125,15099,4645,619],"class_list":["post-235764","post","type-post","status-publish","format-standard","has-post-thumbnail","category-urheilu","tag-amerikka","tag-chicago","tag-fi","tag-finland","tag-finnish","tag-jonne-halttunen","tag-lentokentta","tag-matkailu","tag-oharen-lentoasema","tag-passi","tag-ralli","tag-sports","tag-suomi","tag-toyota","tag-toyota-gazoo-racing","tag-urheilu","tag-usa","tag-valikohtaus","tag-viranomaiset","tag-yhdysvallat"],"share_on_mastodon":{"url":"https:\/\/pubeurope.com\/@fi\/116498761741258602","error":""},"_links":{"self":[{"href":"https:\/\/www.europesays.com\/fi\/wp-json\/wp\/v2\/posts\/235764","targetHints":{"allow":["GET"]}}],"collection":[{"href":"https:\/\/www.europesays.com\/fi\/wp-json\/wp\/v2\/posts"}],"about":[{"href":"https:\/\/www.europesays.com\/fi\/wp-json\/wp\/v2\/types\/post"}],"author":[{"embeddable":true,"href":"https:\/\/www.europesays.com\/fi\/wp-json\/wp\/v2\/users\/2"}],"replies":[{"embeddable":true,"href":"https:\/\/www.europesays.com\/fi\/wp-json\/wp\/v2\/comments?post=235764"}],"version-history":[{"count":0,"href":"https:\/\/www.europesays.com\/fi\/wp-json\/wp\/v2\/posts\/235764\/revisions"}],"wp:featuredmedia":[{"embeddable":true,"href":"https:\/\/www.europesays.com\/fi\/wp-json\/wp\/v2\/media\/235765"}],"wp:attachment":[{"href":"https:\/\/www.europesays.com\/fi\/wp-json\/wp\/v2\/media?parent=235764"}],"wp:term":[{"taxonomy":"category","embeddable":true,"href":"https:\/\/www.europesays.com\/fi\/wp-json\/wp\/v2\/categories?post=235764"},{"taxonomy":"post_tag","embeddable":true,"href":"https:\/\/www.europesays.com\/fi\/wp-json\/wp\/v2\/tags?post=235764"}],"curies":[{"name":"wp","href":"https:\/\/api.w.org\/{rel}","templated":true}]}}