{"id":23578,"date":"2025-09-02T15:41:08","date_gmt":"2025-09-02T15:41:08","guid":{"rendered":"https:\/\/www.europesays.com\/fi\/23578\/"},"modified":"2025-09-02T15:41:08","modified_gmt":"2025-09-02T15:41:08","slug":"taas-raskaana-meteorologi-liisa-rintaniemelta-46-poyristyttava-paljastus","status":"publish","type":"post","link":"https:\/\/www.europesays.com\/fi\/23578\/","title":{"rendered":"&#8221;Taas raskaana?&#8221; Meteorologi Liisa Rintaniemelt\u00e4, 46, p\u00f6yristytt\u00e4v\u00e4 paljastus"},"content":{"rendered":"<p>            Timo Korhonen\n        <\/p>\n<p class=\"subtitle \">Suosikkimeteorologi antoi Seiskalle avoimen haastattelun.<\/p>\n<p class=\"article-content article-content-width !bg-background\">Telkkarista tutun Maikkarin meteorologi , 46, el\u00e4m\u00e4ss\u00e4 puhaltavat uudet tuulet.<\/p>\n<p class=\"font-weight-bold m-font-weight-bold article-content article-content-width !bg-background\">Videolla Liisa Rintaniemi kertoo katsojapalautteesta:<\/p>\n<p class=\"article-content article-content-width !bg-background\">Kahden teini-ik\u00e4isen pojan \u00e4iti tuli muutama vuosi sitten uudelleen raskaaksi. Pian huushollissa juhlitaan jo pikkuprinsessan 3-vuotissyntt\u00e4reit\u00e4.<\/p>\n<p class=\"article-content article-content-width !bg-background\">Iltat\u00e4hden lis\u00e4ksi huushollista l\u00f6ytyy kuudesluokkalainen herrasmies sek\u00e4 vastik\u00e4\u00e4n ripille p\u00e4\u00e4ssyt esikoispoika.<\/p>\n<p>\n            Onhan siin\u00e4 aikamoinen b\u00e4ndi kasassa.\n            <\/p>\n<p class=\"article-content article-content-width !bg-background\">\u2013 Onhan siin\u00e4 aikamoinen b\u00e4ndi kasassa. Mutta on se my\u00f6s aika mahtavaa, Liisa iloitsee Seiskalle Maikkarin mediap\u00e4iv\u00e4n\u00e4.<\/p>\n<p>        <a itemprop=\"url\" href=\"https:\/\/www.seiska.fi\/kotimaa\/suomen-kuumin-uutisankkuri-maikkarin-shahin-doagu-saa-treffikutsuja-nain-han-niihin-reagoi\/1465244\" rel=\"nofollow noopener\" target=\"_blank\"><\/p>\n<p class=\"section-date\">\n        <strong class=\"article-section\" data-section=\"kotimaa\"><br \/>\n            kotimaa<br \/>\n        <\/strong><br \/>\n        21.9.2024 18:30\n    <\/p>\n<p>    Suomen kuumin uutisankkuri? Maikkarin Shahin Doagu saa treffikutsuja \u2013 n\u00e4in h\u00e4n niihin reagoi<\/p>\n<p itemprop=\"description\" class=\"subtitle \">\n    Suomalais-kurdilainen Shahin saa monien sukat py\u00f6rim\u00e4\u00e4n jaloissa.\n<\/p>\n<p>        <\/a><\/p>\n<p class=\"article-content article-content-width !bg-background\">\u2013 Isoveljet ovat kivasti ottaneet koppia pikkusiskosta. He ovat aika innokkaita lastenhoitajia. Suosittelen kaikille tekem\u00e4\u00e4n lastenhoitajat ensin!<\/p>\n<p>                <img decoding=\"async\" src=\"https:\/\/www.europesays.com\/fi\/wp-content\/uploads\/2025\/09\/1917926.webp\" width=\"576\" height=\"663\" alt=\"Liisa Rintaniemi on telkkarista tuttu meteorologi.\" loading=\"lazy\" \/>            <\/p>\n<p>\n            Liisa Rintaniemi on telkkarista tuttu meteorologi.<br \/>\n            Timo Korhonen\n        <\/p>\n<p>Suunniteltu juttu<\/p>\n<p class=\"article-content article-content-width !bg-background\">Liisa paljastaa p\u00e4hk\u00e4illeens\u00e4 pidemp\u00e4\u00e4n kolmatta lasta. Lopulta aika oli otollinen, ja h\u00e4n p\u00e4\u00e4tti miehens\u00e4 kanssa yritt\u00e4\u00e4.<\/p>\n<p>\n            Kyll\u00e4h\u00e4n yll\u00e4tyksi\u00e4kin tapahtuu.\n            <\/p>\n<p class=\"article-content article-content-width !bg-background\">\u2013 Kyll\u00e4 sit\u00e4 monta vuotta mietittiin. Mutta kun lapset kasvoivat ja alkoi vapautua aikaa, niin yht\u00e4kki\u00e4 tuntui, ett\u00e4 se ovi aukesi uudelleen.<\/p>\n<p>        <a itemprop=\"url\" href=\"https:\/\/www.seiska.fi\/kotimaa\/meteorologi-paljastaa-valttelee-julkisia-paikkoja-istuskelee-tuntikausia-yksin\/1466071\" rel=\"nofollow noopener\" target=\"_blank\"><\/p>\n<p class=\"section-date\">\n        <strong class=\"article-section\" data-section=\"kotimaa\"><br \/>\n            kotimaa<br \/>\n        <\/strong><br \/>\n        28.9.2024 13:00\n    <\/p>\n<p>    Meteorologi paljastaa: v\u00e4lttelee julkisia paikkoja \u2013 istuskelee tuntikausia yksin<\/p>\n<p itemprop=\"description\" class=\"subtitle \">\n    Maikkarin Jenna Salminen kertoo ty\u00f6kseen s\u00e4\u00e4st\u00e4 suomalaisille, mutta vapaa-ajalla on tyystin toisenlainen meininki.\n<\/p>\n<p>        <\/a><\/p>\n<p class=\"article-content article-content-width !bg-background\">\u2013 Tuli sellainen olo, ett\u00e4 kyll\u00e4h\u00e4n sit\u00e4 voisikin viel\u00e4 yhden lapsen tehd\u00e4. Ja hyv\u00e4 ett\u00e4 tehtiin, sill\u00e4 tyt\u00e4r on ollut eritt\u00e4in tervetullut lis\u00e4 meid\u00e4n perheeseemme.<\/p>\n<p>                <img decoding=\"async\" src=\"https:\/\/www.europesays.com\/fi\/wp-content\/uploads\/2025\/09\/1917928.webp\" width=\"576\" height=\"322\" alt=\"Liisalla on teini-ik\u00e4iset pojat ja iltat\u00e4hti-tyt\u00e4r.\" loading=\"lazy\" \/>            <\/p>\n<p>\n            Liisalla on teini-ik\u00e4iset pojat ja iltat\u00e4hti-tyt\u00e4r.<br \/>\n            Timo Korhonen\n        <\/p>\n<p>Lapsiluku t\u00e4ynn\u00e4<\/p>\n<p class=\"article-content article-content-width !bg-background\">Kolmas lapsi oli siis tarkkaan suunniteltu. Vaikka ei meteorologilla ole mit\u00e4\u00e4n sit\u00e4k\u00e4\u00e4n vastaan, ett\u00e4 asiat tapahtuisivat sattumalta ja luonnostaan.<\/p>\n<p>\n            Tyt\u00e4r on ollut eritt\u00e4in tervetullut lis\u00e4 meid\u00e4n perheeseemme.\n            <\/p>\n<p class=\"article-content article-content-width !bg-background\">\u2013 Kyll\u00e4h\u00e4n yll\u00e4tyksi\u00e4kin tapahtuu. Ja jos tapahtuu, niin niihin kannattaa suhtautua positiivisesti, meteorologi kehottaa.<\/p>\n<p>        <a itemprop=\"url\" href=\"https:\/\/www.seiska.fi\/urheilu\/jestas-maikkarin-uutisankkuri-loksautti-leuat-ylsi-melkoiseen-suoritukseen\/1465452\" rel=\"nofollow noopener\" target=\"_blank\"><\/p>\n<p class=\"section-date\">\n        <strong class=\"article-section\" data-section=\"urheilu\"><br \/>\n            urheilu<br \/>\n        <\/strong><br \/>\n        23.9.2024 06:30\n    <\/p>\n<p>    Jestas! Maikkarin uutisankkuri loksautti leuat \u2013 ylsi melkoiseen suoritukseen<\/p>\n<p itemprop=\"description\" class=\"subtitle \">\n    MTV3:n suosikkitoimittaja Shahin Doagulla on monipuolinen urheilutausta.\n<\/p>\n<p>        <\/a><\/p>\n<p class=\"article-content article-content-width !bg-background\">\u2013 Tosin min\u00e4 t\u00e4yt\u00e4n seuraavaksi 47 vuotta, joten eik\u00f6h\u00e4n meid\u00e4n lapsilukumme ole t\u00e4ynn\u00e4.<\/p>\n<p>                <img decoding=\"async\" src=\"https:\/\/www.europesays.com\/fi\/wp-content\/uploads\/2025\/09\/1917930.webp\" width=\"576\" height=\"322\" alt=\"Tv-kasvot saavat toisinaan p\u00f6yristytt\u00e4v\u00e4\u00e4 palautetta.\" loading=\"lazy\" \/>            <\/p>\n<p>\n            Tv-kasvot saavat toisinaan p\u00f6yristytt\u00e4v\u00e4\u00e4 palautetta.<br \/>\n            Timo Korhonen\n        <\/p>\n<p>P\u00f6yristytt\u00e4v\u00e4\u00e4 palautetta<\/p>\n<p class=\"article-content article-content-width !bg-background\">Liisan julkinen ty\u00f6 MTV3:lla tavoittaa monesti miljoonayleis\u00f6n. Se tuo tullessaan my\u00f6s monenlaista katsojapalautetta.<\/p>\n<p>\n            On se minustakin erikoista. Enk\u00e4 pid\u00e4 sit\u00e4 kauhean kohteliaana.\n            <\/p>\n<p class=\"article-content article-content-width !bg-background\">\u2013 Katsojien mielest\u00e4 olen ollut ainakin 17 kertaa raskaana. \u201dTaasko se on raskaana?\u201d Ihmiset syyn\u00e4\u00e4v\u00e4t niin tarkkaan sit\u00e4 nutunreunaa&#8230;<\/p>\n<p>        <a itemprop=\"url\" href=\"https:\/\/www.seiska.fi\/kotimaa\/mita-ihmetta-mtv3n-meteorologi-ruoskii-rajusti-itseaan-saa-poyristyttavaa-torkypalautetta\/1465733\" rel=\"nofollow noopener\" target=\"_blank\"><\/p>\n<p class=\"section-date\">\n        <strong class=\"article-section\" data-section=\"kotimaa\"><br \/>\n            kotimaa<br \/>\n        <\/strong><br \/>\n        24.9.2024 07:00\n    <\/p>\n<p>    Mit\u00e4 ihmett\u00e4? MTV3:n meteorologi ruoskii rajusti itse\u00e4\u00e4n \u2013 saa p\u00f6yristytt\u00e4v\u00e4\u00e4 t\u00f6rkypalautetta<\/p>\n<p itemprop=\"description\" class=\"subtitle \">\n    Maikkarin Jenna Salminen my\u00f6nt\u00e4\u00e4 olevansa itse itsens\u00e4 pahin kriitikko.\n<\/p>\n<p>        <\/a><\/p>\n<p class=\"font-weight-bold m-font-weight-bold article-content article-content-width !bg-background\">Milt\u00e4 moinen katsojapalaute oikein tuntuu? Eik\u00f6 se ole erikoista?<\/p>\n<p class=\"article-content article-content-width !bg-background\">\u2013 Tavallaan siihen on tottunut, mutta on se minustakin erikoista. Enk\u00e4 pid\u00e4 sit\u00e4 mitenk\u00e4\u00e4n kauhean kohteliaana.<\/p>\n<p>        H\u00e4mm\u00e4steli pallomeress\u00e4<\/p>\n<p>Pienen tytt\u00e4ren \u00e4itiys on tuonut tullessaan ahaa-el\u00e4myksi\u00e4 .<\/p>\n<p>Arki on toisinaan erilaista verrattuna siihen, kun h\u00e4nen kaksi pojankoltiaistaan olivat samanik\u00e4isi\u00e4.<\/p>\n<p>Maikkarin meteorologille tulee oitis mieleen konkreettinen esimerkki:<\/p>\n<p>\u2013 Kes\u00e4ll\u00e4 oltiin risteilyll\u00e4 ja istuskelin siin\u00e4 pallomeren reunalla. Panin merkille, ettei tytt\u00e4reni heitt\u00e4nyt yht\u00e4\u00e4n palloa eik\u00e4 kiusannut ket\u00e4\u00e4n.<\/p>\n<p>\u2013 Samalla sit\u00e4 muisteli 10 vuoden takaista risteily\u00e4 poikien kanssa. Sanotaan n\u00e4in, ett\u00e4 se oli aika erilaista silloin, h\u00e4n nauraa.<\/p>\n<p class=\"italic m-italic\" data-lab-italic=\"italic\">Eetu Ampuja<\/p>\n","protected":false},"excerpt":{"rendered":"Timo Korhonen Suosikkimeteorologi antoi Seiskalle avoimen haastattelun. Telkkarista tutun Maikkarin meteorologi , 46, el\u00e4m\u00e4ss\u00e4 puhaltavat uudet tuulet. Videolla&hellip;\n","protected":false},"author":2,"featured_media":23579,"comment_status":"","ping_status":"","sticky":false,"template":"","format":"standard","meta":{"footnotes":""},"categories":[130],"tags":[2454,137,33,31,30,3882,7343,7346,2376,905,98,7757,2443,32,7756,7755,156,3489,109],"class_list":{"0":"post-23578","1":"post","2":"type-post","3":"status-publish","4":"format-standard","5":"has-post-thumbnail","7":"category-viihde","8":"tag-aitiys","9":"tag-entertainment","10":"tag-fi","11":"tag-finland","12":"tag-finnish","13":"tag-katsojapalaute","14":"tag-liisa-rintaniemi","15":"tag-meteorologi","16":"tag-mtv","17":"tag-mtv3","18":"tag-perhe","19":"tag-pollolaakso","20":"tag-raskaus","21":"tag-suomi","22":"tag-teinit","23":"tag-telkkari","24":"tag-tv","25":"tag-tytar","26":"tag-viihde"},"share_on_mastodon":{"url":"","error":""},"_links":{"self":[{"href":"https:\/\/www.europesays.com\/fi\/wp-json\/wp\/v2\/posts\/23578","targetHints":{"allow":["GET"]}}],"collection":[{"href":"https:\/\/www.europesays.com\/fi\/wp-json\/wp\/v2\/posts"}],"about":[{"href":"https:\/\/www.europesays.com\/fi\/wp-json\/wp\/v2\/types\/post"}],"author":[{"embeddable":true,"href":"https:\/\/www.europesays.com\/fi\/wp-json\/wp\/v2\/users\/2"}],"replies":[{"embeddable":true,"href":"https:\/\/www.europesays.com\/fi\/wp-json\/wp\/v2\/comments?post=23578"}],"version-history":[{"count":0,"href":"https:\/\/www.europesays.com\/fi\/wp-json\/wp\/v2\/posts\/23578\/revisions"}],"wp:featuredmedia":[{"embeddable":true,"href":"https:\/\/www.europesays.com\/fi\/wp-json\/wp\/v2\/media\/23579"}],"wp:attachment":[{"href":"https:\/\/www.europesays.com\/fi\/wp-json\/wp\/v2\/media?parent=23578"}],"wp:term":[{"taxonomy":"category","embeddable":true,"href":"https:\/\/www.europesays.com\/fi\/wp-json\/wp\/v2\/categories?post=23578"},{"taxonomy":"post_tag","embeddable":true,"href":"https:\/\/www.europesays.com\/fi\/wp-json\/wp\/v2\/tags?post=23578"}],"curies":[{"name":"wp","href":"https:\/\/api.w.org\/{rel}","templated":true}]}}