{"id":23603,"date":"2025-09-02T16:11:09","date_gmt":"2025-09-02T16:11:09","guid":{"rendered":"https:\/\/www.europesays.com\/fi\/23603\/"},"modified":"2025-09-02T16:11:09","modified_gmt":"2025-09-02T16:11:09","slug":"suuri-osa-turvapaikanhakijoista-tyollistyy-saksassa-jopa-kantavaestoa-paremmin-ulkomaat","status":"publish","type":"post","link":"https:\/\/www.europesays.com\/fi\/23603\/","title":{"rendered":"Suuri osa turvapaikan\u00adhakijoista ty\u00f6llistyy Saksassa jopa kantav\u00e4est\u00f6\u00e4 paremmin | Ulkomaat"},"content":{"rendered":"<p class=\"sc-jYczwO sc-dNFkOE bUKqJd eiHPxO yle__article__paragraph\">Syyriasta ja Afganistanista muuttaneiden miesten ty\u00f6llisyys on jopa korkeampi kuin saksalaisten. Sen sijaan turvapaikkaa hakeneista naisista vain noin joka kolmas on ty\u00f6llistynyt.<\/p>\n<p><img decoding=\"async\" alt=\"Tummatukkainen mies ottaa oikealla k\u00e4dell\u00e4\u00e4n selfiet\u00e4 vaalean keski-ik\u00e4isen naisen kanssa. Kumpikin hymyilee auringonpaisteessa.\" src=\"https:\/\/www.europesays.com\/fi\/wp-content\/uploads\/2025\/09\/39-151594568b6b3de1eb31.jpeg\" class=\"sc-dntSTA iywpZY\"\/><\/p>\n<p>Avaa kuvien katselu<\/p>\n<p>Kymmenen vuotta sitten silloinen liittokansleri Angela Merkel poseerasi syyrialaisten ja afganistanilaisten pakolaisten kanssa selfie-kuvissa. Saksaan tuli lyhyess\u00e4 ajassa miljoona siirtolaista. Kuva: Alamy \/ All Over Press<\/p>\n<p>18:29\u2022P\u00e4ivitetty 19:03<\/p>\n<p class=\"sc-jYczwO sc-ciCoXh bUKqJd cIOueB yle__article__paragraph\"><strong class=\"sc-eEHciv gtNhAX yle__article__strong\">BERLIINI<\/strong> Kymmenen vuotta sitten, kes\u00e4ll\u00e4 2015, Saksaan alkoi saapua satoja tuhansia turvapaikanhakijoita Syyriasta, Afganistanista ja muista L\u00e4hi-Id\u00e4n ja Pohjois-Afrikan maista.<\/p>\n<p class=\"sc-jYczwO sc-ciCoXh bUKqJd cIOueB yle__article__paragraph\">Vuoden loppuun menness\u00e4 tulijoiden m\u00e4\u00e4r\u00e4 oli ylitt\u00e4nyt jo miljoonan.<\/p>\n<p class=\"sc-jYczwO sc-ciCoXh bUKqJd cIOueB yle__article__paragraph\">Sen j\u00e4lkeen Saksassa on k\u00e4yty kiivasta keskustelua maahanmuuton haitoista ja hy\u00f6dyist\u00e4. Esimerkiksi turvapaikanhakijoiden tekem\u00e4t <a class=\"sc-jDJeIs gotUgl yle__article__link\" href=\"https:\/\/yle.fi\/a\/74-20146360\" role=\"link\" rel=\"nofollow noopener\" target=\"_blank\">terrori-iskut<\/a>, asuntopula ja koulujen ongelmat ovat ruokkineet <a class=\"sc-jDJeIs gotUgl yle__article__link\" href=\"https:\/\/yle.fi\/a\/74-20144245\" role=\"link\" rel=\"nofollow noopener\" target=\"_blank\">maahanmuuttovastaisuutta<\/a>.<\/p>\n<p class=\"sc-jYczwO sc-ciCoXh bUKqJd cIOueB yle__article__paragraph\">Siirtolaisvastainen laitaoikeisto ja laitavasemmisto ovat saaneet lis\u00e4\u00e4 <a class=\"sc-jDJeIs gotUgl yle__article__link\" href=\"https:\/\/yle.fi\/a\/74-20113255\" role=\"link\" rel=\"nofollow noopener\" target=\"_blank\">kannatusta<\/a> maahanmuuton seurauksena. AfD- eli Vaihtoehto Saksalle -puolue on kasvanut liittop\u00e4ivien suurimmaksi oppositioryhm\u00e4ksi ja Th\u00fcringenin osavaltion isoimmaksi poliittiseksi voimaksi.<\/p>\n<p class=\"sc-jYczwO sc-ciCoXh bUKqJd cIOueB yle__article__paragraph\">Yh\u00e4 useampi maahanmuuttaja kokee <a class=\"sc-jDJeIs gotUgl yle__article__link\" href=\"https:\/\/www.diw.de\/de\/diw_01.c.972140.de\/gefluechtete_fuehlen_sich_weniger_willkommen_in_deutschland_____98_prozent_wollen_einbuergerung.html\" role=\"link\" rel=\"nofollow noopener\" target=\"_blank\">uuden tutkimuksen<\/a> mukaan, ett\u00e4 ei ole en\u00e4\u00e4 tervetullut Saksaan.<\/p>\n<p class=\"sc-jYczwO sc-ciCoXh bUKqJd cIOueB yle__article__paragraph\">Maahanmuuttajien tukemiseksi on my\u00f6s j\u00e4rjestetty isoja mielenosoituksia. Yhteiskunnan ilmapiiri on kiristynyt.<\/p>\n<p><img decoding=\"async\" alt=\"Taustalla valkoisia telttoja ja kontteja kirkasta auringonpaistetta vasten, etualalla ihmisryhmi\u00e4 ja oranssipukuisia avustusty\u00f6ntekij\u00f6it\u00e4.\" src=\"https:\/\/www.europesays.com\/fi\/wp-content\/uploads\/2025\/09\/39-151599468b6c0782c669.jpeg\" loading=\"lazy\" class=\"sc-dntSTA iywpZY\"\/><\/p>\n<p>Avaa kuvien katselu<\/p>\n<p>Ven\u00e4j\u00e4n hy\u00f6k\u00e4tty\u00e4 Ukrainaan Saksaan alkoi saapua ukrainalaisia pakolaisia kev\u00e4ttalvella 2022. Heit\u00e4 on maassa nyt 1,25 miljoonaa. Ukrainalaiset ovat heikoimmin ty\u00f6llistynyt suuri pakolaisryhm\u00e4 Saksassa. Kuva: Alamy \/All Over Press<\/p>\n<p class=\"sc-jYczwO sc-ciCoXh bUKqJd cIOueB yle__article__paragraph\">P\u00e4\u00e4t\u00f6ksen pakolaisten vastaanottamisesta teki silloinen liittokansleri <strong class=\"sc-eEHciv gtNhAX yle__article__strong\">Angela Merkel<\/strong>.<\/p>\n<p class=\"sc-jYczwO sc-ciCoXh bUKqJd cIOueB yle__article__paragraph\">Merkel kertoi viime joulukuussa <a class=\"sc-jDJeIs gotUgl yle__article__link\" href=\"https:\/\/yle.fi\/a\/74-20131723\" role=\"link\" rel=\"nofollow noopener\" target=\"_blank\">Ylen haastattelussa<\/a>, ett\u00e4 h\u00e4n tekisi saman p\u00e4\u00e4t\u00f6ksen uudestaan.<\/p>\n<p>Saksa onnistunut integraatiossa muita paremmin<\/p>\n<p class=\"sc-jYczwO sc-ciCoXh bUKqJd cIOueB yle__article__paragraph\">Saksa on onnistunut integroimaan turvapaikanhakijat ty\u00f6markkinoille paremmin kuin monet muut Euroopan maat, asiantuntijat arvioivat talouslehti Handelsblattin <a class=\"sc-jDJeIs gotUgl yle__article__link\" href=\"https:\/\/www.handelsblatt.com\/politik\/deutschland\/migration-wir-schaffen-das-eine-arbeitsmarkt-bilanz-nach-zehn-jahren\/100145188.html\" role=\"link\" rel=\"nofollow noopener\" target=\"_blank\">selvityksess\u00e4<\/a>.<\/p>\n<p class=\"sc-jYczwO sc-ciCoXh bUKqJd cIOueB yle__article__paragraph\">Vuonna 2015 turvapaikkaa hakeneiden miesten ty\u00f6llisyysaste on nyt jopa korkeampi kuin syntyper\u00e4isten saksalaisten.<\/p>\n<p class=\"sc-jYczwO sc-ciCoXh bUKqJd cIOueB yle__article__paragraph\">Kun saksalaisten miesten ty\u00f6llisyysaste on 81 prosenttia, syyrialaisten ja muiden L\u00e4hi-id\u00e4st\u00e4 ja Afrikasta tulleiden ty\u00f6llisyysaste on 86 prosenttia.<\/p>\n<p class=\"sc-jYczwO sc-ciCoXh bUKqJd cIOueB yle__article__paragraph\">Turvapaikanhakijoina tulleiden naisten ty\u00f6llisyys taas on yh\u00e4 kymmenen vuoden j\u00e4lkeenkin vain 33 prosenttia.<\/p>\n<p class=\"sc-jYczwO sc-ciCoXh bUKqJd cIOueB yle__article__paragraph\">Saksan ty\u00f6llisyys kasvaa nyt k\u00e4yt\u00e4nn\u00f6ss\u00e4 ainoastaan maahanmuuton ansiosta. Se ei tietenk\u00e4\u00e4n johdu vain turvapaikanhakijoista vaan my\u00f6s EU-maista tai ty\u00f6- ja opiskeluviisumilla tulleista ihmisist\u00e4.<\/p>\n<p class=\"sc-jYczwO sc-ciCoXh bUKqJd cIOueB yle__article__paragraph\">Yll\u00e4oleva grafiikka osoittaa, ett\u00e4 ty\u00f6markkinoille integroituminen vie aikaa.<\/p>\n<p>Syyrialaiset l\u00e4\u00e4k\u00e4rit t\u00e4rkeit\u00e4 sairaaloille<\/p>\n<p class=\"sc-jYczwO sc-ciCoXh bUKqJd cIOueB yle__article__paragraph\">Saksalaisen <a class=\"sc-jDJeIs gotUgl yle__article__link\" href=\"https:\/\/mediendienst-integration.de\/artikel\/10-jahre-wir-schaffen-das.html#:~:text=%22Die%20Arbeitsmarktintegration%20der%20seit%202015%20zugezogenen%20Gefl%C3%BCchteten,63%20Prozent%20erwerbst%C3%A4tig%20%E2%80%93%20ein%20klarer%20Integrationsfortschritt%2C\" role=\"link\" rel=\"nofollow noopener\" target=\"_blank\">tutkimuksen mukaan <\/a>viiden vuoden kuluttua saapumisestaan \u200b\u200bl\u00e4hes puolet turvapaikkaa hakeneista on l\u00f6yt\u00e4nyt ty\u00f6t\u00e4.<\/p>\n<p class=\"sc-jYczwO sc-ciCoXh bUKqJd cIOueB yle__article__paragraph\">Kahdeksan vuoden kuluttua luku nousee 68 prosenttiin. Kymmenen vuoden kuluttua turvapaikkaa hakeneiden ty\u00f6llisyysaste l\u00e4henee jo 90 prosenttia.<\/p>\n<p class=\"sc-jYczwO sc-ciCoXh bUKqJd cIOueB yle__article__paragraph\">Ty\u00f6voimasta jo nelj\u00e4sosa on maahanmuuttajataustaisia. Esimerkiksi Saksan sairaaloissa ty\u00f6skentelee yli kuusi tuhatta syyrialaista l\u00e4\u00e4k\u00e4ri\u00e4, joita ilman moni maaseudun sairaala tai klinikka <a class=\"sc-jDJeIs gotUgl yle__article__link\" href=\"https:\/\/www.mdr.de\/nachrichten\/deutschland\/gesellschaft\/syrer-rueckkehr-aerzte-krankenhaus-mangel-100.html\" role=\"link\" rel=\"nofollow noopener\" target=\"_blank\">joutuisi ongelmiin<\/a>.<\/p>\n<p class=\"sc-jYczwO sc-ciCoXh bUKqJd cIOueB yle__article__paragraph\">Monet maahanmuuttajat ty\u00f6skentelev\u00e4t kuitenkin edelleen p\u00e4tevyytens\u00e4 alapuolella ja saavat keskim\u00e4\u00e4r\u00e4ist\u00e4 pienemp\u00e4\u00e4 palkkaa. Heill\u00e4 on keskim\u00e4\u00e4r\u00e4ist\u00e4 enemm\u00e4n my\u00f6s m\u00e4\u00e4r\u00e4aikaisia t\u00f6it\u00e4 tai he ty\u00f6skentelev\u00e4t niin kutsutuissa <a class=\"sc-jDJeIs gotUgl yle__article__link\" href=\"https:\/\/yle.fi\/a\/74-20153024\" role=\"link\" rel=\"nofollow noopener\" target=\"_blank\">minit\u00f6iss\u00e4<\/a>.<\/p>\n<p class=\"sc-jYczwO sc-ciCoXh bUKqJd cIOueB yle__article__paragraph\">Saksan ty\u00f6markkinat hy\u00f6tyv\u00e4t siksi, ett\u00e4 nuorten osuus kymmenen vuotta sitten saapuneista oli merkitt\u00e4v\u00e4.<\/p>\n<p class=\"sc-jYczwO sc-ciCoXh bUKqJd cIOueB yle__article__paragraph\">Maan maahanmuutto- ja pakolaisviraston mukaan vuonna 2016 j\u00e4tetyist\u00e4 turvapaikkahakemuksista l\u00e4hes kolmasosa oli alle 15-vuotiailta ja nelj\u00e4sosa 18\u201324-vuotiailta.<\/p>\n<p><img decoding=\"async\" alt=\"Rautakehikkoja riviss\u00e4 konttialueella, polkupy\u00f6ri\u00e4 niiden edess\u00e4. Nainen k\u00e4vele kohti kotteja.\" src=\"https:\/\/www.europesays.com\/fi\/wp-content\/uploads\/2025\/09\/39-151600668b6c4ef714e4.jpeg\" loading=\"lazy\" class=\"sc-dntSTA iywpZY\"\/><\/p>\n<p>Avaa kuvien katselu<\/p>\n<p>Berliiniss\u00e4 on ollut viime vuodet kova asuntopula. Pakolaisia majoitetaan kontteihin Tempelhofin k\u00e4yt\u00f6st\u00e4 poistetun lentokent\u00e4n laitamilla. Kuva: EPA-EFE<\/p>\n<p class=\"sc-jYczwO sc-ciCoXh bUKqJd cIOueB yle__article__paragraph\">Saksan DIW-taloustutkimuslaitoksen mukaan turvapaikanhakijoina tulleet aloittavat usein t\u00f6iss\u00e4, joissa ei tarvita erityist\u00e4 ammattitaitoa. Vasta vuosien varrella he siirtyv\u00e4t koulutusta vaativiin t\u00f6ihin.<\/p>\n<p>Saksa ei ole en\u00e4\u00e4 p\u00e4\u00e4kohde<\/p>\n<p class=\"sc-jYczwO sc-ciCoXh bUKqJd cIOueB yle__article__paragraph\">Vaikka Saksa on edistynyt huomattavasti maahanmuuttajien kotouttamisessa, isoja ongelmia on yh\u00e4, huomauttaa kuuluisan Ifo-talousinstituutin maahanmuuttotutkimusta johtava suomalainen professori <strong class=\"sc-eEHciv gtNhAX yle__article__strong\">Panu Poutvaara<\/strong> Handelsblattille.<\/p>\n<p class=\"sc-jYczwO sc-ciCoXh bUKqJd cIOueB yle__article__paragraph\">Turvapaikanhakijoiden ty\u00f6tt\u00f6myysaste on Poutvaaran mukaan l\u00e4hes nelj\u00e4 kertaa korkeampi kuin Saksan keskiarvo, ja ukrainalaisten keskuudessa ty\u00f6tt\u00f6myysaste on jopa yli viisi kertaa korkeampi.<\/p>\n<p class=\"sc-jYczwO sc-ciCoXh bUKqJd cIOueB yle__article__paragraph\">Saksan kokonaisty\u00f6tt\u00f6myysaste on vain vajaat <a class=\"sc-jDJeIs gotUgl yle__article__link\" href=\"https:\/\/www.destatis.de\/EN\/Themes\/Labour\/Labour-Market\/Unemployment\/_node.html\" role=\"link\" rel=\"nofollow noopener\" target=\"_blank\">nelj\u00e4 prosenttia<\/a>.<\/p>\n<p class=\"sc-jYczwO sc-ciCoXh bUKqJd cIOueB yle__article__paragraph\">Saksa on pyrkinyt v\u00e4hent\u00e4m\u00e4\u00e4n maahanmuuttoa viime aikoina eik\u00e4 se <a class=\"sc-jDJeIs gotUgl yle__article__link\" href=\"https:\/\/yle.fi\/a\/74-20173323\" role=\"link\" rel=\"nofollow noopener\" target=\"_blank\">ole en\u00e4\u00e4<\/a> turvapaikanhakijoiden p\u00e4\u00e4kohde Euroopassa. Nyt eniten heit\u00e4 tulee Espanjaan ja Ranskaan.<\/p>\n<p class=\"sc-jYczwO sc-ciCoXh bUKqJd cIOueB yle__article__paragraph\">My\u00f6s Suomeen tuli vuoden 2015 syksyll\u00e4 kymmeni\u00e4 tuhansia turvapaikanhakijoita. Allaolevassa videossa on tunnelmia Torniosta.<\/p>\n","protected":false},"excerpt":{"rendered":"Syyriasta ja Afganistanista muuttaneiden miesten ty\u00f6llisyys on jopa korkeampi kuin saksalaisten. Sen sijaan turvapaikkaa hakeneista naisista vain noin&hellip;\n","protected":false},"author":2,"featured_media":23604,"comment_status":"","ping_status":"","sticky":false,"template":"","format":"standard","meta":{"footnotes":""},"categories":[14],"tags":[22,23,26,27,33,31,30,17,24,25,3244,28,29,15,18,21,7760,637,3911,32,19,20,862,56,16,59,60,61],"class_list":{"0":"post-23603","1":"post","2":"type-post","3":"status-publish","4":"format-standard","5":"has-post-thumbnail","7":"category-ulkomaat","8":"tag-breaking-news","9":"tag-breakingnews","10":"tag-featured-news","11":"tag-featurednews","12":"tag-fi","13":"tag-finland","14":"tag-finnish","15":"tag-headlines","16":"tag-latest-news","17":"tag-latestnews","18":"tag-maahanmuutto","19":"tag-main-news","20":"tag-mainnews","21":"tag-news","22":"tag-otsikot","23":"tag-paauutiset","24":"tag-pakolaiset","25":"tag-politiikka","26":"tag-saksa","27":"tag-suomi","28":"tag-top-stories","29":"tag-topstories","30":"tag-tyollisyys","31":"tag-ulkomaat","32":"tag-uutiset","33":"tag-world","34":"tag-world-news","35":"tag-worldnews"},"share_on_mastodon":{"url":"","error":""},"_links":{"self":[{"href":"https:\/\/www.europesays.com\/fi\/wp-json\/wp\/v2\/posts\/23603","targetHints":{"allow":["GET"]}}],"collection":[{"href":"https:\/\/www.europesays.com\/fi\/wp-json\/wp\/v2\/posts"}],"about":[{"href":"https:\/\/www.europesays.com\/fi\/wp-json\/wp\/v2\/types\/post"}],"author":[{"embeddable":true,"href":"https:\/\/www.europesays.com\/fi\/wp-json\/wp\/v2\/users\/2"}],"replies":[{"embeddable":true,"href":"https:\/\/www.europesays.com\/fi\/wp-json\/wp\/v2\/comments?post=23603"}],"version-history":[{"count":0,"href":"https:\/\/www.europesays.com\/fi\/wp-json\/wp\/v2\/posts\/23603\/revisions"}],"wp:featuredmedia":[{"embeddable":true,"href":"https:\/\/www.europesays.com\/fi\/wp-json\/wp\/v2\/media\/23604"}],"wp:attachment":[{"href":"https:\/\/www.europesays.com\/fi\/wp-json\/wp\/v2\/media?parent=23603"}],"wp:term":[{"taxonomy":"category","embeddable":true,"href":"https:\/\/www.europesays.com\/fi\/wp-json\/wp\/v2\/categories?post=23603"},{"taxonomy":"post_tag","embeddable":true,"href":"https:\/\/www.europesays.com\/fi\/wp-json\/wp\/v2\/tags?post=23603"}],"curies":[{"name":"wp","href":"https:\/\/api.w.org\/{rel}","templated":true}]}}