{"id":23611,"date":"2025-09-02T16:27:07","date_gmt":"2025-09-02T16:27:07","guid":{"rendered":"https:\/\/www.europesays.com\/fi\/23611\/"},"modified":"2025-09-02T16:27:07","modified_gmt":"2025-09-02T16:27:07","slug":"joel-dickerin-villipeto-ei-peta-juonittelun-ystavaa","status":"publish","type":"post","link":"https:\/\/www.europesays.com\/fi\/23611\/","title":{"rendered":"Jo\u00ebl Dickerin Villipeto ei pet\u00e4 juonittelun yst\u00e4v\u00e4\u00e4"},"content":{"rendered":"<p>\n  Totuus Harry Quebertin tapauksesta oli kiehtova kudelma luettavaksi. Kudelmaa riitt\u00e4\u00e4 yh\u00e4, mutta kiehtovuutta karsii hahmojen tietynlainen kovuus.<\/p>\n<p><strong>Jo\u00ebl Dickerin<\/strong> Villipeto (Tammi) ilmestyi elokuussa 2025. Kirjan on k\u00e4\u00e4nt\u00e4nyt <strong>Kira Poutanen.<\/strong><\/p>\n<p>Miksi Jo\u00ebl Dickerin teos kiinnosti?<\/p>\n<p>\u201dKirjailijan esikoisteos Totuus Harry Quebertin tapauksesta oli kirja, joka aikoinaan vei minut t\u00e4ysin mukanaan. Vaikka seuraavat <strong>Jo\u0451l Dickerin<\/strong> romaanit eiv\u00e4t ole mielest\u00e4ni ylt\u00e4neet samaan, odotan seuraavaa teosta aina innolla. Siksi Villipeto oli heti ilmestytty\u00e4\u00e4n y\u00f6p\u00f6yd\u00e4ll\u00e4ni.\u201d<\/p>\n<p>Mit\u00e4 pidin lukemastani?<\/p>\n<p>\u201dJuonittelun ja yll\u00e4tysk\u00e4\u00e4nteiden yst\u00e4v\u00e4 ei koskaan pety, kun tarttuu Dickeriin. Nytkin jo kirjan alkuasetelma on mit\u00e4 mainioin. On ry\u00f6st\u00f6 ja kaksi pariskuntaa, hulppeassa lasipalatsissa asuvat Sophie ja Arpad Brown ja mukavassa mutta tavanomaisessa rivitaloasunnossa asuvat Karine ja Greg Li\u00e9gean.<\/p>\n<p>Pariskunnat tutustuvat lastensa koulun kautta ja alkavat viett\u00e4\u00e4 aikaa yhdess\u00e4. \u00adSiin\u00e4 ohessa etenee ry\u00f6st\u00f6 ja sen taustoitus omissa luvuissaan. <\/p>\n<p>Villipeto-kirjan p\u00e4\u00e4henkil\u00f6t ovat karun todellisia, kun kuvataan ihmisen varjopuolia kuten kateutta, himoa ja petollisuutta. Mutta hyv\u00e4 ja kaunis \u2013 jota kaikissa my\u00f6s on \u2013 tuntuu j\u00e4\u00e4v\u00e4n turhan vaatimattomaan asemaan. <\/p>\n<p>Kun lojaalius, yst\u00e4vyys ja rakkaus eiv\u00e4t saa tarinassa tilaa tai syvyytt\u00e4, kokonaisuus j\u00e4tt\u00e4\u00e4 lukijan kylm\u00e4ksi. Kun henkil\u00f6t eiv\u00e4t \u00adher\u00e4t\u00e4 riitt\u00e4v\u00e4sti tunteita, ei her\u00e4\u00e4 my\u00f6sk\u00e4\u00e4n tietynlaista himoa ahmia tarina loppuun.<\/p>\n<p>Onneksi juoni ja juonittelu olivat niin taidokasta ty\u00f6t\u00e4, ett\u00e4 kirjan sulki viimeisen lauseen j\u00e4lkeen ihan tyytyv\u00e4isen\u00e4.\u201d<\/p>\n<p><strong>Arvio:<\/strong> \u00a0\u2605\u2605\u2605<\/p>\n<p>Kirja sai minut\u2026<\/p>\n<p>\u201d\u2026miettim\u00e4\u00e4n, kuinka t\u00e4rke\u00e4\u00e4 on kokea kirjan hahmot jotenkin l\u00e4heisiksi tai edes kiinnostaviksi. Ilman sit\u00e4 tunnetta lukukokemus j\u00e4\u00e4 vajaaksi.#<\/p>\n<p><strong>Kirja: Villipeto<\/strong><\/p>\n<p><strong>Kirjoittaja:<\/strong> Jo\u00ebl Dicker<\/p>\n<p><strong>Suomentaja:<\/strong> Kira Poutanen<\/p>\n<p><strong>Kustantaja:<\/strong><a href=\"https:\/\/www.tammi.fi\/kirjat\/villipeto\/\" rel=\"nofollow noopener\" target=\"_blank\"><strong> <\/strong>Tammi<\/a><\/p>\n<p>Kiinnostavatko n\u00e4m\u00e4 teokset?<\/p>\n<p>Alec<\/p>\n<p><strong>Arttu Tuominen <\/strong>(Otava)<\/p>\n<p>Uusi Kide-sarja alkaa Lapista, Sallasta, jossa syrj\u00e4isell\u00e4 maatilalla ammutaan toistakymment\u00e4 juhlijaa. Veriteot todistaa 14-vuotias Liina, jolla on my\u00f6s valokuvia maatilalta.<\/p>\n<p>Horros<\/p>\n<p><strong>Helena Immonen<\/strong> (Docendo)<\/p>\n<p>Havu-sarjan ensimm\u00e4inen osa pureutuu Kiinan ja Yhdysvaltojen v\u00e4liseen kilpailuun ja sen aiheuttamiin maailmanlaajuisiin uhkakuviin.<\/p>\n<p>Arkkitehti<\/p>\n<p><strong>Jonas Mostr\u00f6m ja Arne Dahl<\/strong> (Into)<\/p>\n<p>Kahden palkitun rikoskirjailijan yhteisteos aloittaa uuden True Fiction -sarjan. Kirjassa kuuluisa rikoskirjailija joutuu murhan todistajaksi strippiklubilla.<\/p>\n<p><a href=\"https:\/\/seura.fi\/viihde\/kirjat\/kirja-arvio-keisarinvihrea-dekkarissa-kieli-valloittaa-ja-suorastaan-yllattaa\/\" rel=\"nofollow noopener\" target=\"_blank\">Kirja-arvio: Keisarinvihre\u00e4-dekkarissa kieli valloittaa ja suorastaan yll\u00e4tt\u00e4\u00e4<\/a><\/p>\n","protected":false},"excerpt":{"rendered":"Totuus Harry Quebertin tapauksesta oli kiehtova kudelma luettavaksi. Kudelmaa riitt\u00e4\u00e4 yh\u00e4, mutta kiehtovuutta karsii hahmojen tietynlainen kovuus. Jo\u00ebl&hellip;\n","protected":false},"author":2,"featured_media":23612,"comment_status":"","ping_status":"","sticky":false,"template":"","format":"standard","meta":{"footnotes":""},"categories":[134],"tags":[377,137,33,31,30,7173,378,32,7761,109],"class_list":{"0":"post-23611","1":"post","2":"type-post","3":"status-publish","4":"format-standard","5":"has-post-thumbnail","7":"category-kirjat","8":"tag-books","9":"tag-entertainment","10":"tag-fi","11":"tag-finland","12":"tag-finnish","13":"tag-kirja-arviot","14":"tag-kirjat","15":"tag-suomi","16":"tag-trillerit","17":"tag-viihde"},"share_on_mastodon":{"url":"","error":""},"_links":{"self":[{"href":"https:\/\/www.europesays.com\/fi\/wp-json\/wp\/v2\/posts\/23611","targetHints":{"allow":["GET"]}}],"collection":[{"href":"https:\/\/www.europesays.com\/fi\/wp-json\/wp\/v2\/posts"}],"about":[{"href":"https:\/\/www.europesays.com\/fi\/wp-json\/wp\/v2\/types\/post"}],"author":[{"embeddable":true,"href":"https:\/\/www.europesays.com\/fi\/wp-json\/wp\/v2\/users\/2"}],"replies":[{"embeddable":true,"href":"https:\/\/www.europesays.com\/fi\/wp-json\/wp\/v2\/comments?post=23611"}],"version-history":[{"count":0,"href":"https:\/\/www.europesays.com\/fi\/wp-json\/wp\/v2\/posts\/23611\/revisions"}],"wp:featuredmedia":[{"embeddable":true,"href":"https:\/\/www.europesays.com\/fi\/wp-json\/wp\/v2\/media\/23612"}],"wp:attachment":[{"href":"https:\/\/www.europesays.com\/fi\/wp-json\/wp\/v2\/media?parent=23611"}],"wp:term":[{"taxonomy":"category","embeddable":true,"href":"https:\/\/www.europesays.com\/fi\/wp-json\/wp\/v2\/categories?post=23611"},{"taxonomy":"post_tag","embeddable":true,"href":"https:\/\/www.europesays.com\/fi\/wp-json\/wp\/v2\/tags?post=23611"}],"curies":[{"name":"wp","href":"https:\/\/api.w.org\/{rel}","templated":true}]}}