{"id":236166,"date":"2026-05-01T20:57:15","date_gmt":"2026-05-01T20:57:15","guid":{"rendered":"https:\/\/www.europesays.com\/fi\/236166\/"},"modified":"2026-05-01T20:57:15","modified_gmt":"2026-05-01T20:57:15","slug":"talta-nayttaa-julkkisten-vappu-2026-kuvat","status":"publish","type":"post","link":"https:\/\/www.europesays.com\/fi\/236166\/","title":{"rendered":"T\u00e4lt\u00e4 n\u00e4ytt\u00e4\u00e4 julkkisten vappu 2026 &#8211; kuvat!"},"content":{"rendered":"<p>            All Over Press\n        <\/p>\n<p class=\"subtitle \">Vappu on monille riehakasta aikaa. T\u00e4n\u00e4 vuonna on saatu juhlia poikkeuksellisen aurinkoisessa s\u00e4\u00e4ss\u00e4.<\/p>\n<p class=\"article-content article-content-width !bg-background\">Toukokuun alussa Suomi kuhisee karnevaalitunnelmaa, kun kansa kokoontuu sankoin joukoin juhlimaan vappua.\u00a0<\/p>\n<p class=\"font-weight-bold m-font-weight-bold article-content article-content-width !bg-background\">Video: Tilip\u00e4iv\u00e4-duon vapputervehdys:<\/p>\n<p class=\"article-content article-content-width !bg-background\">My\u00f6s lukuisat julkisuudesta tutut henkil\u00f6t viett\u00e4v\u00e4t ty\u00f6v\u00e4en juhlaa. Alla olevasta koosteesta selvi\u00e4\u00e4, mill\u00e4 tavoin julkkikset ovat t\u00e4n\u00e4 vuonna vappufiiliksiss\u00e4 piehtaroineet.\u00a0<\/p>\n<p>Pippa ja performanssi<\/p>\n<p class=\"article-content article-content-width !bg-background\">Tv:st\u00e4 tuttu l\u00e4\u00e4k\u00e4ri  on viett\u00e4nyt vappua varsin perinteisiss\u00e4 tunnelmissa Helsingin keskustan juhlahumusta nautiskellen.\u00a0<\/p>\n<p>        <a itemprop=\"url\" href=\"https:\/\/www.seiska.fi\/kotimaa\/pippa-laukka-avoimena-raitistumisestaan\/2131899\" rel=\"nofollow noopener\" target=\"_blank\"><\/p>\n<p>\nPippa laittoi korkin kiinni\n<\/p>\n<p class=\"section-date\">\n        <strong class=\"article-section\" data-section=\"kotimaa\"><br \/>\n            kotimaa<br \/>\n        <\/strong><br \/>\n        20.4. 09:56\n    <\/p>\n<p>Pippa Laukka avoimena raitistumisestaan\n    <\/p>\n<p itemprop=\"description\" class=\"subtitle \">\n    Yst\u00e4v\u00e4n kysymys sai Pipan h\u00e4mm\u00e4stym\u00e4\u00e4n.\n<\/p>\n<p>        <\/a><\/p>\n<p class=\"article-content article-content-width !bg-background\">Ylioppilaslakin p\u00e4\u00e4h\u00e4ns\u00e4 painanut Pippa sai kaupunkikierrokselle seurakseen paitsi puolisonsa, my\u00f6s perheen Junnu-koiran. Karvaturri ei kuitenkaan ollut aivan em\u00e4nt\u00e4ns\u00e4 tapaan poseeraustuulella.<\/p>\n<p class=\"article-content article-content-width !bg-background\">\u2013\u00a0\u201dJunnu, otettaisiko kiva vappukuva\u201d Ensin vedet\u00e4\u00e4n pieni performanssi. Sitten muistetaan, mit\u00e4 piti tehd\u00e4, Pippa kuvailee Instagramissa lemmikkins\u00e4 touhuja.<\/p>\n<p>Satatuhatta samanmielist\u00e4<\/p>\n<p class=\"article-content article-content-width !bg-background\">Entinen uutisankkuri  suuntasi vapun kunniaksi Kaivopuistoon. Kuten tv-kasvon somejulkaisustakin ilmenee, my\u00f6s muutamat muut olivat saaneet saman ajatuksen.\u00a0<\/p>\n<p>        <a itemprop=\"url\" href=\"https:\/\/www.seiska.fi\/kotimaa\/oho-keijo-leppaselta-erikoista-huumoria-video\/2023740\" rel=\"nofollow noopener\" target=\"_blank\"><\/p>\n<p>\nKeijo Lepp\u00e4nen\n<\/p>\n<p class=\"section-date\">\n        <strong class=\"article-section\" data-section=\"kotimaa\"><br \/>\n            kotimaa<br \/>\n        <\/strong><br \/>\n        16.12.2025 16:30\n    <\/p>\n<p>Oho! Keijo Lepp\u00e4selt\u00e4 erikoista huumoria \u2013 video\n    <\/p>\n<p itemprop=\"description\" class=\"subtitle \">\n    Uutisel\u00e4kel\u00e4inen pist\u00e4ytyi parturissa ja n\u00e4ytti, ett\u00e4 entiselt\u00e4 ammattipuhujalta juttu lent\u00e4\u00e4.\n<\/p>\n<p>        <\/a><\/p>\n<p class=\"article-content article-content-width !bg-background\">\u2013 Veikkaan, ett\u00e4 t\u00e4\u00e4ll\u00e4 on paikalla tuommoiset satatuhatta nuppia, ett\u00e4 hyv\u00e4\u00e4 vappua vaan kaikille t\u00e4\u00e4ll\u00e4 ja siell\u00e4, aurinkolaseihin ja yo-lakkiin sonnustautunut Keke tokaisee videolla, jonka taustalla n\u00e4kyy valtava v\u00e4enpaljous.\u00a0<\/p>\n<p>Vappu 1969<\/p>\n<p class=\"article-content article-content-width !bg-background\">Juontaja  vietti vappuaattoa aterioimalla yst\u00e4vien kanssa. Toukokuun ensimm\u00e4isen\u00e4 vuorossa onkin bileet, joiden teema on 1969.\u00a0<\/p>\n<p>        <a itemprop=\"url\" href=\"https:\/\/www.seiska.fi\/katso\/huvila-huussi-suunnittelija-ei-pystykaan-toteuttamaan-toiveita-jannittaa\/2136070\" rel=\"nofollow noopener\" target=\"_blank\"><\/p>\n<p>\nHuvila &amp; huussi:\n<\/p>\n<p class=\"section-date\">\n        <strong class=\"article-section\" data-section=\"katso\"><br \/>\n            katso<br \/>\n        <\/strong><br \/>\n        27.4. 06:15\n    <\/p>\n<p>Huvila &amp; huussi -suunnittelija ei pystyk\u00e4\u00e4n toteuttamaan toiveita: &#8221;J\u00e4nnitt\u00e4\u00e4&#8221;\n    <\/p>\n<p itemprop=\"description\" class=\"subtitle \">\n    S\u00e4\u00e4nt\u00f6j\u00e4 t\u00e4ynn\u00e4 oleva 1890-luvun piha on hankala suunniteltava.\n<\/p>\n<p>        <\/a><\/p>\n<p class=\"article-content article-content-width !bg-background\">Marja suo someseuraajille vilauksen juhla-asustaan jo etuk\u00e4teen. Retrokuvioinen mekko on v\u00e4rilt\u00e4\u00e4n violetti-oranssi, ja samat s\u00e4vyt toistuvat my\u00f6s asusteissa. Silmilleen Marja laittaa py\u00f6re\u00e4t aurinkolasit. My\u00f6s kuontalo henkii 60-luvun lopun tunnelmaa.\u00a0<\/p>\n<p>Kuohut yll\u00e4ttiv\u00e4t<\/p>\n<p class=\"article-content article-content-width !bg-background\">Portion boys -yhtyeen energiapakkaus  eli  laittoi puolisonsa  ostoksille: Teht\u00e4v\u00e4n\u00e4 oli hankkia vappupallo, josta Mikael uskoo Tiinan pit\u00e4v\u00e4n.\u00a0<\/p>\n<p class=\"article-content article-content-width !bg-background\">\u2013\u00a0Ei tullu t\u00e4ll\u00e4 kertaa yksisarvista, eik\u00e4 pelk\u00e4st\u00e4\u00e4n yht\u00e4. Sen sijaan sain kolme ja ne oli: Perhonen, delfiini ja koira, <a href=\"https:\/\/www.instagram.com\/p\/DXwRVbyjdym\/?img_index=1\" target=\"_blank\" rel=\"nofollow noopener\">Tiina kirjoittaa somessa kuvien kera<\/a>.\u00a0<\/p>\n<p class=\"article-content article-content-width !bg-background\">Pelkkiin foliopalloihin ei ole ollut tyytyminen. Instagramin perusteella Tiina on ehtinyt viett\u00e4m\u00e4\u00e4n ty\u00f6v\u00e4en kemuja my\u00f6s puistoon yhdess\u00e4 b\u00e4nditovereidensa kanssa.\u00a0<\/p>\n<p>        <a itemprop=\"url\" href=\"https:\/\/www.seiska.fi\/kotimaa\/portion-boysin-jalotiina-marka-kommellus\/2098936\" rel=\"nofollow noopener\" target=\"_blank\"><\/p>\n<p>\nPortion Boysin JaloTiina:\n<\/p>\n<p class=\"section-date\">\n        <strong class=\"article-section\" data-section=\"kotimaa\"><br \/>\n            kotimaa<br \/>\n        <\/strong><br \/>\n        10.3. 20:45\n    <\/p>\n<p>Portion Boysin JaloTiina: M\u00e4rk\u00e4 kommellus\n    <\/p>\n<p itemprop=\"description\" class=\"subtitle \">\n    Rapatessa roiskuu \u2013 my\u00f6s t\u00e4htiartisteilla.\n<\/p>\n<p>        <\/a><\/p>\n<p class=\"article-content article-content-width !bg-background\">Kuten komppanialla on tapana, yhtye samistelee opiskelijahaalareita imitoivissa asuissa, joita koristaa b\u00e4ndin logo. Se komeilee my\u00f6s juhlajuomaa sis\u00e4lt\u00e4v\u00e4ss\u00e4 pullossa. <a href=\"https:\/\/www.instagram.com\/p\/DXyoM9DuqSs\/\" target=\"_blank\" rel=\"nofollow noopener\">Tiina poksauttaa korkin jakamallaan videolla<\/a>, ja tuloksena kuohu lent\u00e4\u00e4 metrien korkeuteen.\u00a0<\/p>\n<p>Vappu teki varkaan<\/p>\n<p class=\"article-content article-content-width !bg-background\">Kansanedustaja  viett\u00e4\u00e4 aurinkoista kev\u00e4tp\u00e4iv\u00e4\u00e4 merimaisemissa kumppaninsa  kanssa. Kaksikko on vaihtanut seesteisen Sipoon kenties viel\u00e4kin rauhaisampaan saaristoon. <a href=\"https:\/\/www.instagram.com\/p\/DXyxUAODIEL\/\" target=\"_blank\" rel=\"nofollow noopener\">Tyylist\u00e4 ei silti ole tingitty<\/a>.\u00a0<\/p>\n<p>        <a itemprop=\"url\" href=\"https:\/\/www.seiska.fi\/urheilu\/no-nyt-joel-harkimo-jakoi-upean-videon-melkoisessa-seurassa\/1966591\" rel=\"nofollow noopener\" target=\"_blank\"><\/p>\n<p>\nNo huh huh, mik\u00e4 video!\n<\/p>\n<p class=\"section-date\">\n        <strong class=\"article-section\" data-section=\"urheilu\"><br \/>\n            urheilu<br \/>\n        <\/strong><br \/>\n        18.10.2025 20:30\n    <\/p>\n<p>No nyt! Joel Harkimo jakoi upean videon melkoisessa seurassa\n    <\/p>\n<p itemprop=\"description\" class=\"subtitle \">\n    Jollen vuosi on ollut rankka monin tavoin. Nyt kuitenkin oli iloisten juttujen vuoro.\n<\/p>\n<p>        <\/a><\/p>\n<p class=\"article-content article-content-width !bg-background\">\u2013\u00a0Saaressa on l\u00e4mmint\u00e4 ja hyv\u00e4 tunnelma, t\u00e4\u00e4ll\u00e4 ollaan ihanan naiseni kanssa piknikill\u00e4. Plus Jollelta p\u00f6llitty ylioppilaslakki, Hjallis paljastaa Instagramissa.<\/p>\n<p><script async src=\"\/\/www.instagram.com\/embed.js\"><\/script><\/p>\n","protected":false},"excerpt":{"rendered":"All Over Press Vappu on monille riehakasta aikaa. T\u00e4n\u00e4 vuonna on saatu juhlia poikkeuksellisen aurinkoisessa s\u00e4\u00e4ss\u00e4. Toukokuun alussa&hellip;\n","protected":false},"author":2,"featured_media":236167,"comment_status":"","ping_status":"","sticky":false,"template":"","format":"standard","meta":{"footnotes":"","_share_on_mastodon":"0"},"categories":[130],"tags":[137,33,31,30,2175,6403,3520,19036,33770,33771,16516,3326,3446,6230,32,4560,7311,33769,109],"class_list":["post-236166","post","type-post","status-publish","format-standard","has-post-thumbnail","category-viihde","tag-entertainment","tag-fi","tag-finland","tag-finnish","tag-hjallis-harkimo","tag-jasmine-pajari","tag-joel-harkimo","tag-juhla","tag-juhlajuoma","tag-karnevaali","tag-keijo-leppanen","tag-marja-hintikka","tag-pippa-laukka","tag-portion-boys","tag-suomi","tag-tiina-forsby","tag-vappu","tag-vappupallo","tag-viihde"],"share_on_mastodon":{"url":"https:\/\/pubeurope.com\/@fi\/116501325076663368","error":""},"_links":{"self":[{"href":"https:\/\/www.europesays.com\/fi\/wp-json\/wp\/v2\/posts\/236166","targetHints":{"allow":["GET"]}}],"collection":[{"href":"https:\/\/www.europesays.com\/fi\/wp-json\/wp\/v2\/posts"}],"about":[{"href":"https:\/\/www.europesays.com\/fi\/wp-json\/wp\/v2\/types\/post"}],"author":[{"embeddable":true,"href":"https:\/\/www.europesays.com\/fi\/wp-json\/wp\/v2\/users\/2"}],"replies":[{"embeddable":true,"href":"https:\/\/www.europesays.com\/fi\/wp-json\/wp\/v2\/comments?post=236166"}],"version-history":[{"count":0,"href":"https:\/\/www.europesays.com\/fi\/wp-json\/wp\/v2\/posts\/236166\/revisions"}],"wp:featuredmedia":[{"embeddable":true,"href":"https:\/\/www.europesays.com\/fi\/wp-json\/wp\/v2\/media\/236167"}],"wp:attachment":[{"href":"https:\/\/www.europesays.com\/fi\/wp-json\/wp\/v2\/media?parent=236166"}],"wp:term":[{"taxonomy":"category","embeddable":true,"href":"https:\/\/www.europesays.com\/fi\/wp-json\/wp\/v2\/categories?post=236166"},{"taxonomy":"post_tag","embeddable":true,"href":"https:\/\/www.europesays.com\/fi\/wp-json\/wp\/v2\/tags?post=236166"}],"curies":[{"name":"wp","href":"https:\/\/api.w.org\/{rel}","templated":true}]}}