{"id":236748,"date":"2026-05-02T14:39:11","date_gmt":"2026-05-02T14:39:11","guid":{"rendered":"https:\/\/www.europesays.com\/fi\/236748\/"},"modified":"2026-05-02T14:39:11","modified_gmt":"2026-05-02T14:39:11","slug":"kristian-heiskari-kaameassa-kunnossa-kuvat","status":"publish","type":"post","link":"https:\/\/www.europesays.com\/fi\/236748\/","title":{"rendered":"Kristian Heiskari kaameassa kunnossa \u2013 kuvat!"},"content":{"rendered":"<p>\n            2021 Selviytyj\u00e4t Suomi, kausi 4. Kuvassa Kristian Heiskari. Kuva Lars Johnson \/ Nelonen Media<br \/>\n            Lars Johnson \/ Nelonen\n        <\/p>\n<p class=\"subtitle \">Vappup\u00e4iv\u00e4n\u00e4 dokattiinkin antaumuksella, ja erityisesti \u201dKrisulla\u201d oli vaikeuksia p\u00e4\u00e4st\u00e4 edes turvallisesti nukkumaan, saati vaihtaa vaatteita.<\/p>\n<p class=\"article-content article-content-width !bg-background\">PactHouse p\u00e4r\u00e4hti k\u00e4yntiin vappup\u00e4iv\u00e4n\u00e4.<\/p>\n<p class=\"font-weight-bold m-font-weight-bold article-content article-content-width !bg-background\">Video: PactHousen viime kaudella Kelly Kalonji suoritti teht\u00e4v\u00e4n juoda vett\u00e4 suoraan vessanp\u00f6nt\u00f6st\u00e4 ja tienasi samalla 500 euroa.<\/p>\n<p class=\"article-content article-content-width !bg-background\">Ateenassa kuvattava ohjelma n\u00e4hd\u00e4\u00e4n vain <a href=\"https:\/\/kick.com\/pact\" target=\"_blank\" rel=\"nofollow noopener\">Kick-palvelussa<\/a>, ja j\u00e4rjestyksess\u00e4\u00e4n kolmas kausi kest\u00e4\u00e4 kaikkiaan kymmenen p\u00e4iv\u00e4\u00e4.<\/p>\n<p class=\"article-content article-content-width !bg-background\">Siin\u00e4 miss\u00e4 viime kaudella ohjelmassa n\u00e4htiin julkkiksia   ja \u201d\u201d eli , ovat t\u00e4ll\u00e4 kertaa osallistujat eitt\u00e4m\u00e4tt\u00e4 tutumpia my\u00f6s suurelle yleis\u00f6lle.<\/p>\n<p class=\"article-content article-content-width !bg-background\">Siit\u00e4 pit\u00e4v\u00e4t huolen muun muassa ,  ja .<\/p>\n<p>        <a itemprop=\"url\" href=\"https:\/\/www.seiska.fi\/kotimaa\/jethro-rostedt-jattiyllatys\/2140860\" rel=\"nofollow noopener\" target=\"_blank\"><\/p>\n<p>\nNyt jys\u00e4hti\n<\/p>\n<p class=\"section-date\">\n        <strong class=\"article-section\" data-section=\"kotimaa\"><br \/>\n            kotimaa<br \/>\n        <\/strong><br \/>\n        1.5. 14:00\n    <\/p>\n<p>Jethro Rostedt: J\u00e4ttiyll\u00e4tys!\n    <\/p>\n<p itemprop=\"description\" class=\"subtitle \">\n    PactHouse on todella suosittu ja iso ohjelma, jota voisi kuvailla t\u00e4m\u00e4n p\u00e4iv\u00e4n Big Brotheriksi.\n<\/p>\n<p>        <\/a><\/p>\n<p class=\"article-content article-content-width !bg-background\">Toki talossa on my\u00f6s ajan tapaan useampikin OnlyFans-vaikuttaja.<\/p>\n<p class=\"article-content article-content-width !bg-background\">Tosi-tv-konkareitakin riitt\u00e4\u00e4, ja heihin kuuluu my\u00f6s .<\/p>\n<p>                <img decoding=\"async\" src=\"https:\/\/www.europesays.com\/fi\/wp-content\/uploads\/2026\/05\/2141699.webp.jpeg\" width=\"576\" height=\"274\" alt=\"Talossa oli toogabileet Delta-jengin (kuvassa) tapaan.\" loading=\"lazy\" \/>            <\/p>\n<p>\n            Talossa oli toogabileet Delta-jengin (kuvassa) tapaan.<br \/>\n            Alamy\n        <\/p>\n<p>&#8221;Tooga, tooga, tooga&#8221;<\/p>\n<p class=\"article-content article-content-width !bg-background\">Ensimm\u00e4inen p\u00e4iv\u00e4 piti sis\u00e4ll\u00e4\u00e4n muun muassa kuplapalloa sek\u00e4 klassikkoelokuva Delta-jengist\u00e4 tutut toogabileet.<\/p>\n<p class=\"article-content article-content-width !bg-background\">Alkoholilla on sarjassa iso rooli, sill\u00e4 ihmiset haluavat n\u00e4hd\u00e4 ohjelmassa leip\u00e4\u00e4 ja sirkushuveja.<\/p>\n<p>        <a itemprop=\"url\" href=\"https:\/\/www.seiska.fi\/kotimaa\/kristian-heiskari-tekee-paluun-talta-han-nayttaa-nyt\/2133460\" rel=\"nofollow noopener\" target=\"_blank\"><\/p>\n<p>\nKristian Heiskari\n<\/p>\n<p class=\"section-date\">\n        <strong class=\"article-section\" data-section=\"kotimaa\"><br \/>\n            kotimaa<br \/>\n        <\/strong><br \/>\n        21.4. 18:30\n    <\/p>\n<p>Kristian Heiskari tekee paluun \u2013 t\u00e4lt\u00e4 h\u00e4n n\u00e4ytt\u00e4\u00e4 nyt!\n    <\/p>\n<p itemprop=\"description\" class=\"subtitle \">\n    BB-Krisu eli Kristian Heiskari tekee paluun realityn pariin. Mies on viett\u00e4nyt pari vuotta hiljaiseloa.\n<\/p>\n<p>        <\/a><\/p>\n<p class=\"article-content article-content-width !bg-background\">Ihmisi\u00e4 \u00e4\u00e4nestet\u00e4\u00e4n pysym\u00e4\u00e4n talossa tavisten toimesta, joten \u201dtyls\u00e4t k\u00e4denl\u00e4mp\u00f6iset tyypit\u201d, jotka eiv\u00e4t her\u00e4t\u00e4 tunteita, tuskin p\u00e4\u00e4sev\u00e4t finaaliin asti, jossa siint\u00e4\u00e4 50 000 euron voittopotti.<\/p>\n<p>                <img decoding=\"async\" src=\"https:\/\/www.europesays.com\/fi\/wp-content\/uploads\/2026\/05\/2141701.webp.jpeg\" width=\"576\" height=\"615\" alt=\"BB-Krisuna aikanaan tunnetuksi tullut Kristian Heiskari veti rehelliset k\u00e4nnit.\" loading=\"lazy\" \/>            <\/p>\n<p>\n            BB-Krisuna aikanaan tunnetuksi tullut Kristian Heiskari veti rehelliset k\u00e4nnit.<br \/>\n            PactHouse\n        <\/p>\n<p>Popparit ja kahvi \u2013 ly\u00f6m\u00e4t\u00f6n yhdistelm\u00e4<\/p>\n<p class=\"article-content article-content-width !bg-background\">Vappup\u00e4iv\u00e4n\u00e4 dokattiinkin antaumuksella, ja erityisesti \u201dKrisulla\u201d oli vaikeuksia p\u00e4\u00e4st\u00e4 edes turvallisesti nukkumaan, saati vaihtaa vaatteita.<\/p>\n<p>        <a itemprop=\"url\" href=\"https:\/\/www.seiska.fi\/vain-seiskassa\/sovinismista-syytetty-sometahti-heratti-kummastusta-ravintolassa-salakuva\/2070573\" rel=\"nofollow noopener\" target=\"_blank\"><\/p>\n<p>\nSovinismista syytetty somet\u00e4hti\n<\/p>\n<p class=\"section-date\">\n        <strong class=\"article-section\" data-section=\"vain seiskassa\"><br \/>\n            vain seiskassa<br \/>\n        <\/strong><br \/>\n        10.2. 16:00\n    <\/p>\n<p>Sovinismista syytetty somet\u00e4hti her\u00e4tti kummastusta ravintolassa \u2013 salakuva!\n    <\/p>\n<p itemprop=\"description\" class=\"subtitle \">\n    Valioyksil\u00f6n\u00e4 itsest\u00e4\u00e4n puhuva Juhana Tegelberg on mies, joka on ter\u00e4v\u00e4ll\u00e4 sanans\u00e4il\u00e4ll\u00e4\u00e4n suututtanut monet. H\u00e4n sai my\u00f6s porttikiellon uimahalliin uhkailtuaan pikkupoikaa.\n<\/p>\n<p>        <\/a><\/p>\n<p class=\"article-content article-content-width !bg-background\">Mutta siit\u00e4kin selvittiin, ja aamun korjaussarja piti sis\u00e4ll\u00e4\u00e4n jotain muuta kuin alkoholia: nimitt\u00e4in popcornia ja kahvia.<\/p>\n<p class=\"article-content article-content-width !bg-background\">My\u00f6hemmin muutama talon kaunotar ja vapaaottelija  ihastelivat Krisun silmi\u00e4 sek\u00e4 sit\u00e4, kuinka hyv\u00e4ss\u00e4 kunnossa h\u00e4n edellisy\u00f6n antaumuksellisen bailaamisen j\u00e4lkeen oli.<\/p>\n<p>                <img decoding=\"async\" src=\"https:\/\/www.europesays.com\/fi\/wp-content\/uploads\/2026\/05\/2141702.webp.jpeg\" width=\"576\" height=\"274\" alt=\"Krisulla oli haasteita p\u00e4\u00e4st\u00e4 maaten.\" loading=\"lazy\" \/>            <\/p>\n<p>\n            Krisulla oli haasteita p\u00e4\u00e4st\u00e4 maaten.<br \/>\n            PactHouse\n        <\/p>\n<p class=\"article-content article-content-width !bg-background\">\u2013 Harvoin on t\u00e4mm\u00f6inen tilanne, ett\u00e4 kolme mimmi\u00e4 ja Aleksi, Krisu filosofoi, kunnes jatkaa kaksimielisyyden viitoittamalla tiell\u00e4.<\/p>\n<p>        <a itemprop=\"url\" href=\"https:\/\/www.seiska.fi\/vain-seiskassa\/suomalaisartisti-loukkaantui-jethro-rostedtille\/2023662\" rel=\"nofollow noopener\" target=\"_blank\"><\/p>\n<p>\nSuomalaisartisti\n<\/p>\n<p class=\"section-date\">\n        <strong class=\"article-section\" data-section=\"vain seiskassa\"><br \/>\n            vain seiskassa<br \/>\n        <\/strong><br \/>\n        20.12.2025 08:00\n    <\/p>\n<p>Suomalaisartisti loukkaantui Jethro Rostedtille\n    <\/p>\n<p itemprop=\"description\" class=\"subtitle \">\n    Artisti Janely eli Jaanika Leino joutui kohtamaan ala-arvoista k\u00e4yt\u00f6st\u00e4. H\u00e4nt\u00e4 muun muassa nimiteltiin &#8221;keih\u00e4\u00e4nheitt\u00e4j\u00e4ksi&#8221;.\n<\/p>\n<p>        <\/a><\/p>\n<p class=\"article-content article-content-width !bg-background\">Yht\u00e4 kaikki, olo on jo siin\u00e4 kohtaa, ett\u00e4 kuvaushetkell\u00e4 k\u00e4dess\u00e4 on t\u00f6lkki olutta.<\/p>\n<p class=\"article-content article-content-width !bg-background\">Muut<br \/>\nseurustelukumppanit luottivat viel\u00e4 tuossa kohtaa mit\u00e4 ilmeisimmin kahviin. <\/p>\n","protected":false},"excerpt":{"rendered":"2021 Selviytyj\u00e4t Suomi, kausi 4. Kuvassa Kristian Heiskari. Kuva Lars Johnson \/ Nelonen Media Lars Johnson \/ Nelonen&hellip;\n","protected":false},"author":2,"featured_media":236749,"comment_status":"","ping_status":"","sticky":false,"template":"","format":"standard","meta":{"footnotes":"","_share_on_mastodon":"0"},"categories":[133],"tags":[137,33,31,30,9301,3376,33069,3705,19958,2961,32,206,156,109],"class_list":["post-236748","post","type-post","status-publish","format-standard","has-post-thumbnail","category-televisiot","tag-entertainment","tag-fi","tag-finland","tag-finnish","tag-jethro-rostedt","tag-k18","tag-kristian-heiskari","tag-onlyfans","tag-pacthouse","tag-sara-chafak","tag-suomi","tag-televisiot","tag-tv","tag-viihde"],"share_on_mastodon":{"url":"https:\/\/pubeurope.com\/@fi\/116505501279870509","error":""},"_links":{"self":[{"href":"https:\/\/www.europesays.com\/fi\/wp-json\/wp\/v2\/posts\/236748","targetHints":{"allow":["GET"]}}],"collection":[{"href":"https:\/\/www.europesays.com\/fi\/wp-json\/wp\/v2\/posts"}],"about":[{"href":"https:\/\/www.europesays.com\/fi\/wp-json\/wp\/v2\/types\/post"}],"author":[{"embeddable":true,"href":"https:\/\/www.europesays.com\/fi\/wp-json\/wp\/v2\/users\/2"}],"replies":[{"embeddable":true,"href":"https:\/\/www.europesays.com\/fi\/wp-json\/wp\/v2\/comments?post=236748"}],"version-history":[{"count":0,"href":"https:\/\/www.europesays.com\/fi\/wp-json\/wp\/v2\/posts\/236748\/revisions"}],"wp:featuredmedia":[{"embeddable":true,"href":"https:\/\/www.europesays.com\/fi\/wp-json\/wp\/v2\/media\/236749"}],"wp:attachment":[{"href":"https:\/\/www.europesays.com\/fi\/wp-json\/wp\/v2\/media?parent=236748"}],"wp:term":[{"taxonomy":"category","embeddable":true,"href":"https:\/\/www.europesays.com\/fi\/wp-json\/wp\/v2\/categories?post=236748"},{"taxonomy":"post_tag","embeddable":true,"href":"https:\/\/www.europesays.com\/fi\/wp-json\/wp\/v2\/tags?post=236748"}],"curies":[{"name":"wp","href":"https:\/\/api.w.org\/{rel}","templated":true}]}}