{"id":23687,"date":"2025-09-02T18:15:09","date_gmt":"2025-09-02T18:15:09","guid":{"rendered":"https:\/\/www.europesays.com\/fi\/23687\/"},"modified":"2025-09-02T18:15:09","modified_gmt":"2025-09-02T18:15:09","slug":"kostajat-matanevat-pystyyn-katso-marvel-zombiesin-traileri","status":"publish","type":"post","link":"https:\/\/www.europesays.com\/fi\/23687\/","title":{"rendered":"Kostajat m\u00e4t\u00e4nev\u00e4t pystyyn \u2013 katso Marvel Zombiesin traileri"},"content":{"rendered":"<p>Kuun lopulla Dsiney Plussaan saapuva Marvel Zombies sai virallisen trailerin ja julisteensa.<\/p>\n<p>Ja siin\u00e4h\u00e4n on vaikka keit\u00e4 tuttuja sankareita aivan m\u00e4tin\u00e4.<\/p>\n<p>Lue my\u00f6s: <a href=\"https:\/\/www.episodi.fi\/uutiset\/elokuvahistorian-paras-alkukohtaus-marvel-elokuvat-noudattavat-tata-44-vuoden-takaista-kaavaa-vielakin\/\" title=\"Elokuvahistorian paras alkukohtaus? \u2013 Marvel-elokuvatkin noudattavat t\u00e4t\u00e4 44 vuoden takaista kaavaa\" class=\"underline-custom !font-montserrat !font-bold !underline-offset-4 !decoration-4 !decoration-episodi-blue !text-md\" rel=\"nofollow noopener\" target=\"_blank\">Elokuvahistorian paras alkukohtaus? \u2013 Marvel-elokuvatkin noudattavat t\u00e4t\u00e4 44 vuoden takaista kaavaa<\/a><\/p>\n<p>Lue my\u00f6s: <a href=\"https:\/\/www.episodi.fi\/uutiset\/paul-walter-hauser-ei-saanut-pidettya-varjeltua-marvel-salaisuutta-kerroin-70-tai-80-ihmiselle\/\" title=\"Paul Walter Hauser ei saanut pidetty\u00e4 varjeltua Marvel-salaisuutta: \u201dKerroin 70 tai 80 ihmiselle\u201d\" class=\"underline-custom !font-montserrat !font-bold !underline-offset-4 !decoration-4 !decoration-episodi-blue !text-md\" rel=\"nofollow noopener\" target=\"_blank\">Paul Walter Hauser ei saanut pidetty\u00e4 varjeltua Marvel-salaisuutta: \u201dKerroin 70 tai 80 ihmiselle\u201d<\/a><\/p>\n<p>Marvel Zombies on jatkoa What If\u2026? -sarjan ykk\u00f6skauden vitosjaksolle, jossa n\u00e4htiin tutut sankarit zombeina.<\/p>\n<p>Neliosaisessa sarjassa kuullaan \u00e4\u00e4nin\u00e4 ainakin<strong> Awkwafina, David Harbour, Simu Liu, Elizabeth Olsen, Randall Park, Florence Pugh, Paul Rudd, Wyatt Russell, Hailee Steinfeld, Tessa Thompson, Dominique Thorne, Iman Vellani<\/strong> ja<strong> Todd Williams.<\/strong><\/p>\n<p>Kyseess\u00e4 on ensimm\u00e4inen Marvel Studios Animationin aikuisille suunnattu sarja, joka on saanu TV-MA-leiman, eli k\u00e4yt\u00e4nn\u00f6ss\u00e4 K16.<\/p>\n<p>Sarja on osa kuudennen vaiheen MCU:ta.<\/p>\n<p>Marvel Zombies n\u00e4hd\u00e4\u00e4n Disney Plussassa 24. syyskuuta.<\/p>\n<p>Alla traileri ja juliste.<\/p>\n<p><img loading=\"lazy\" decoding=\"async\" alt=\"YouTube video\" width=\"480\" height=\"360\" data-pin-nopin=\"true\" nopin=\"nopin\" class=\"perfmatters-lazy\" src=\"https:\/\/www.europesays.com\/fi\/wp-content\/uploads\/2025\/09\/1756836908_983_hqdefault.jpg\"\/><\/p>\n<p><img loading=\"lazy\" height=\"960\" width=\"648\" class=\"wp-image-243005 sp-no-webp perfmatters-lazy\" alt=\"\" decoding=\"async\" src=\"https:\/\/www.europesays.com\/fi\/wp-content\/uploads\/2025\/09\/marvel-zombies-648x960.jpeg\"  data-\/> <\/p>\n<p>Lue my\u00f6s: <a href=\"https:\/\/www.episodi.fi\/uutiskirje\/?uutiskirjemainos=tekstilinkkimainos\" title=\"Tilaa Episodin uutiskirje ja voit voittaa leffalippuja! Nappaa tv-vinkit suoraan s\u00e4hk\u00f6postiin t\u00e4st\u00e4.\" class=\"underline-custom !font-montserrat !font-bold !underline-offset-4 !decoration-4 !decoration-episodi-blue !text-md\" rel=\"nofollow noopener\" target=\"_blank\">Tilaa Episodin uutiskirje ja voit voittaa leffalippuja! Nappaa katseluvinkit suoraan s\u00e4hk\u00f6postiin t\u00e4st\u00e4.<\/a><\/p>\n","protected":false},"excerpt":{"rendered":"Kuun lopulla Dsiney Plussaan saapuva Marvel Zombies sai virallisen trailerin ja julisteensa. Ja siin\u00e4h\u00e4n on vaikka keit\u00e4 tuttuja&hellip;\n","protected":false},"author":2,"featured_media":23688,"comment_status":"","ping_status":"","sticky":false,"template":"","format":"standard","meta":{"footnotes":""},"categories":[131],"tags":[566,155,137,33,173,31,30,3282,4765,172,32,5403,109],"class_list":{"0":"post-23687","1":"post","2":"type-post","3":"status-publish","4":"format-standard","5":"has-post-thumbnail","7":"category-elokuvat","8":"tag-disney-plus","9":"tag-elokuvat","10":"tag-entertainment","11":"tag-fi","12":"tag-film","13":"tag-finland","14":"tag-finnish","15":"tag-marvel","16":"tag-marvel-zombies","17":"tag-movies","18":"tag-suomi","19":"tag-supersankarit","20":"tag-viihde"},"share_on_mastodon":{"url":"","error":""},"_links":{"self":[{"href":"https:\/\/www.europesays.com\/fi\/wp-json\/wp\/v2\/posts\/23687","targetHints":{"allow":["GET"]}}],"collection":[{"href":"https:\/\/www.europesays.com\/fi\/wp-json\/wp\/v2\/posts"}],"about":[{"href":"https:\/\/www.europesays.com\/fi\/wp-json\/wp\/v2\/types\/post"}],"author":[{"embeddable":true,"href":"https:\/\/www.europesays.com\/fi\/wp-json\/wp\/v2\/users\/2"}],"replies":[{"embeddable":true,"href":"https:\/\/www.europesays.com\/fi\/wp-json\/wp\/v2\/comments?post=23687"}],"version-history":[{"count":0,"href":"https:\/\/www.europesays.com\/fi\/wp-json\/wp\/v2\/posts\/23687\/revisions"}],"wp:featuredmedia":[{"embeddable":true,"href":"https:\/\/www.europesays.com\/fi\/wp-json\/wp\/v2\/media\/23688"}],"wp:attachment":[{"href":"https:\/\/www.europesays.com\/fi\/wp-json\/wp\/v2\/media?parent=23687"}],"wp:term":[{"taxonomy":"category","embeddable":true,"href":"https:\/\/www.europesays.com\/fi\/wp-json\/wp\/v2\/categories?post=23687"},{"taxonomy":"post_tag","embeddable":true,"href":"https:\/\/www.europesays.com\/fi\/wp-json\/wp\/v2\/tags?post=23687"}],"curies":[{"name":"wp","href":"https:\/\/api.w.org\/{rel}","templated":true}]}}