{"id":236955,"date":"2026-05-02T20:05:28","date_gmt":"2026-05-02T20:05:28","guid":{"rendered":"https:\/\/www.europesays.com\/fi\/236955\/"},"modified":"2026-05-02T20:05:28","modified_gmt":"2026-05-02T20:05:28","slug":"2019-syksy-fysiikka-abitreenit","status":"publish","type":"post","link":"https:\/\/www.europesays.com\/fi\/236955\/","title":{"rendered":"2019 syksy: fysiikka | Abitreenit"},"content":{"rendered":"<p>Artikkeli on yli 6 vuotta vanha<\/p>\n<p>2.9.2019 12:56\u2022P\u00e4ivitetty 20.11.2019 13:22<\/p>\n<p class=\"aw-1gybjub aw-1p7kakr kEtdKx cEmitX yle__article__paragraph\">T\u00e4ll\u00e4 sivulla p\u00e4\u00e4set joko katselemaan Ylioppilastutkintolautakunnan laatimaa koetta (katseluversio) tai harjoittelemaan tekem\u00e4ll\u00e4 sen itse (harjoittelukoe). Katseluversio ja hyv\u00e4n vastauksen piirteet julkaistaan yo-koep\u00e4iv\u00e4n\u00e4 ja harjoitteluversio mahdollisimman pian kokeen j\u00e4lkeen.<\/p>\n<p>Ylioppilastutkintolautakunnan laatimat fysiikan yo-koe ja hyv\u00e4n vastauksen piirteetTreenaa Abitreenien harjoittelukokeella<\/p>\n<p class=\"aw-1gybjub aw-1p7kakr kEtdKx cEmitX yle__article__paragraph\">Abitreenien harjoittelukoe perustuu Ylioppilastutkintolautakunnan tekem\u00e4\u00e4n fysiikan 2019 ylioppilaskokeeseen.<\/p>\n<p class=\"aw-1gybjub aw-1p7kakr kEtdKx cEmitX yle__article__paragraph\">Huomioi harjoittelussa, ett\u00e4 vastaukset tallentuvat vain silloin, jos kirjaudut <a class=\"aw-iao6s4 iHOxEa yle__article__link\" href=\"https:\/\/yle.fi\/aihe\/yle-tunnus\" role=\"link\" rel=\"nofollow noopener\" target=\"_blank\">Yle Tunnuksella.<\/a> Osassa oppiaineista voit vastauksiesi j\u00e4lkeen verrata omaa vastaustasi Ylioppilastutkintolautakunnan laatimiin hyv\u00e4n vastauksen piirteisiin.<\/p>\n<p>Abien kysymyksi\u00e4 kokeesta \u2013 YTL vastaa<\/p>\n<p class=\"aw-1gybjub aw-1p7kakr kEtdKx cEmitX yle__article__paragraph\">Ylioppilastutkintolautakunnan sensori Ari H\u00e4m\u00e4l\u00e4inen vastaa yo-kokeeseen osallistuneiden kysymyksiin koep\u00e4iv\u00e4n\u00e4 Abitreenien sivuilla. Kysymyslomake aukeaa sivuillamme heti kokeen j\u00e4lkeen.<\/p>\n<p>Millainen fysiikan koe mielest\u00e4si oli?<\/p>\n<p class=\"aw-1gybjub aw-1p7kakr kEtdKx cEmitX yle__article__paragraph\">Kysely suljettu<\/p>\n<p class=\"aw-1gybjub aw-1p7kakr kEtdKx cEmitX yle__article__paragraph\">Aivan liian vaikea! 52% (214 \u00e4\u00e4nt\u00e4)<br \/>Melko vaativa 29% (119 \u00e4\u00e4nt\u00e4)<br \/>Juuri sopiva 12% (50 \u00e4\u00e4nt\u00e4)<br \/>Tosi helppo! 5% (19 \u00e4\u00e4nt\u00e4)<br \/>Aika helppo 2% (8 \u00e4\u00e4nt\u00e4)<br \/>Ei mik\u00e4\u00e4n edellisist\u00e4, kerro kommenteissa \u2193 1% (3 \u00e4\u00e4nt\u00e4)<\/p>\n<p class=\"aw-1gybjub aw-1p7kakr kEtdKx cEmitX yle__article__paragraph\">\u00c4\u00e4ni\u00e4 yhteens\u00e4: 413<\/p>\n<p class=\"aw-1gybjub aw-1p7kakr kEtdKx cEmitX yle__article__paragraph\"><a class=\"aw-iao6s4 iHOxEa yle__article__link\" href=\"https:\/\/yle.fi\/aihe\/a\/20-147727\" role=\"link\" rel=\"nofollow noopener\" target=\"_blank\">Yo-kokeet: fysiikka<\/a><\/p>\n","protected":false},"excerpt":{"rendered":"Artikkeli on yli 6 vuotta vanha 2.9.2019 12:56\u2022P\u00e4ivitetty 20.11.2019 13:22 T\u00e4ll\u00e4 sivulla p\u00e4\u00e4set joko katselemaan Ylioppilastutkintolautakunnan laatimaa koetta&hellip;\n","protected":false},"author":2,"featured_media":235021,"comment_status":"","ping_status":"","sticky":false,"template":"","format":"standard","meta":{"footnotes":"","_share_on_mastodon":"0"},"categories":[115],"tags":[794,33,31,30,455,793,454,118,32,119],"class_list":["post-236955","post","type-post","status-publish","format-standard","has-post-thumbnail","category-fysiikka","tag-abitreenit","tag-fi","tag-finland","tag-finnish","tag-fysiikka","tag-lukio","tag-physics","tag-science","tag-suomi","tag-tiede"],"share_on_mastodon":{"url":"https:\/\/pubeurope.com\/@fi\/116506782962101649","error":""},"_links":{"self":[{"href":"https:\/\/www.europesays.com\/fi\/wp-json\/wp\/v2\/posts\/236955","targetHints":{"allow":["GET"]}}],"collection":[{"href":"https:\/\/www.europesays.com\/fi\/wp-json\/wp\/v2\/posts"}],"about":[{"href":"https:\/\/www.europesays.com\/fi\/wp-json\/wp\/v2\/types\/post"}],"author":[{"embeddable":true,"href":"https:\/\/www.europesays.com\/fi\/wp-json\/wp\/v2\/users\/2"}],"replies":[{"embeddable":true,"href":"https:\/\/www.europesays.com\/fi\/wp-json\/wp\/v2\/comments?post=236955"}],"version-history":[{"count":0,"href":"https:\/\/www.europesays.com\/fi\/wp-json\/wp\/v2\/posts\/236955\/revisions"}],"wp:featuredmedia":[{"embeddable":true,"href":"https:\/\/www.europesays.com\/fi\/wp-json\/wp\/v2\/media\/235021"}],"wp:attachment":[{"href":"https:\/\/www.europesays.com\/fi\/wp-json\/wp\/v2\/media?parent=236955"}],"wp:term":[{"taxonomy":"category","embeddable":true,"href":"https:\/\/www.europesays.com\/fi\/wp-json\/wp\/v2\/categories?post=236955"},{"taxonomy":"post_tag","embeddable":true,"href":"https:\/\/www.europesays.com\/fi\/wp-json\/wp\/v2\/tags?post=236955"}],"curies":[{"name":"wp","href":"https:\/\/api.w.org\/{rel}","templated":true}]}}