{"id":237268,"date":"2026-05-03T05:56:09","date_gmt":"2026-05-03T05:56:09","guid":{"rendered":"https:\/\/www.europesays.com\/fi\/237268\/"},"modified":"2026-05-03T05:56:09","modified_gmt":"2026-05-03T05:56:09","slug":"the-summit-suomi-jannittava-rahojen-pelastusoperaatio-ja-vaarallinen-sukellus","status":"publish","type":"post","link":"https:\/\/www.europesays.com\/fi\/237268\/","title":{"rendered":"The Summit Suomi: J\u00e4nnitt\u00e4v\u00e4 rahojen pelastusoperaatio ja vaarallinen sukellus"},"content":{"rendered":"<p>\n            The Summit Suomi, kausi 2<br \/>\n            MTV\n        <\/p>\n<p class=\"subtitle \">Tilaisuus saada osa menetetyst\u00e4 rahapotista takaisin on vaarallisen teht\u00e4v\u00e4n takana.<\/p>\n<p class=\"article-content article-content-width !bg-background\"> MTV3:n The Summit Suomen dellisess\u00e4 jaksossa ulos \u00e4\u00e4nest\u00e4neet , ,  ja  rupattelevat iloisesti aamiaisella samalla, kun yst\u00e4v\u00e4ns\u00e4 pett\u00e4misest\u00e4 katkeroitunut  k\u00e4y yksin aamupesulla hyisess\u00e4 joessa.<\/p>\n<p class=\"font-weight-bold m-font-weight-bold article-content article-content-width !bg-background\">Varo juonipaljastuksia illan jaksosta!<\/p>\n<p class=\"article-content article-content-width !bg-background\">Pietari my\u00f6nt\u00e4\u00e4 olevansa erityisen pettynyt Tiinaan, joka oli aiemmin sanonut, kuinka h\u00e4n haluaa nousta huipulle juuri Venlan ja Pietarin kanssa.<\/p>\n<p class=\"article-content article-content-width !bg-background\">\u2013 Tiina on tosi uhkaava tyyppi, jolla on ollut paljon valtaa alusta asti. Tiina saattaa koitua viel\u00e4 my\u00f6s mun kohtaloksi, Pietari sanoo ja my\u00f6nt\u00e4\u00e4 halunneensa Tiinan jo pitk\u00e4\u00e4n ulos.<\/p>\n<p class=\"article-content article-content-width !bg-background\">\u2013 Mik\u00e4li saan valtaa jossain vaiheessa se voi tarjota ratkaisun, Pietari uhkailee.<\/p>\n<p>        <a itemprop=\"url\" href=\"https:\/\/www.seiska.fi\/katso\/the-summit-suomi-rahapotti-hupenee-shokeeraavalla-tavalla-epatoivo-iskee\/2136530\" rel=\"nofollow noopener\" target=\"_blank\"><\/p>\n<p>\nEp\u00e4toivo iskee The Summit Suomessa\n<\/p>\n<p class=\"section-date\">\n        <strong class=\"article-section\" data-section=\"katso\"><br \/>\n            katso<br \/>\n        <\/strong><br \/>\n        26.4. 07:15\n    <\/p>\n<p>The Summit Suomi: rahapotti hupenee shokeeraavalla tavalla \u2013 ep\u00e4toivo iskee\n    <\/p>\n<p itemprop=\"description\" class=\"subtitle \">\n    Kilpailun toistaiseksi vaikein teht\u00e4v\u00e4 pelottaa kilpailijoita aidosti.\n<\/p>\n<p>        <\/a><\/p>\n<p>Vaarallinen sukellus<\/p>\n<p class=\"article-content article-content-width !bg-background\">Saadakseen osan edellisess\u00e4 jaksossa menetetyist\u00e4 rahoista takaisin retkikunnan on suunnattava kuusi kilometri\u00e4 yl\u00f6sp\u00e4in vuoristoon.<\/p>\n<p class=\"article-content article-content-width !bg-background\">Pian eteen avautuu j\u00e4rvi, jonka keskell\u00e4 n\u00e4kyy poiju. Teht\u00e4v\u00e4nannon mukaan ryhm\u00e4n on rakennettava lautta ja l\u00e4hetett\u00e4v\u00e4 kaksi vapaaehtoista sukeltamaan rahoja poijun luota. Sukellusyrityksi\u00e4 annetaan vain yksi per kilpailija.<\/p>\n<p>                <img decoding=\"async\" src=\"https:\/\/www.europesays.com\/fi\/wp-content\/uploads\/2026\/05\/2141021.webp.jpeg\" width=\"576\" height=\"274\" title=\"Alexandra ja Wilma yritt\u00e4v\u00e4t rentouttaa itse\u00e4\u00e4n ennen sukellusta j\u00e4\u00e4kylm\u00e4\u00e4n veteen.\" alt=\"Alexandra ja Wilma, The Summit Suomi\" loading=\"lazy\" \/>            <\/p>\n<p>\n            Alexandra ja Wilma yritt\u00e4v\u00e4t rentouttaa itse\u00e4\u00e4n ennen sukellusta j\u00e4\u00e4kylm\u00e4\u00e4n veteen.<br \/>\n            MTV\n        <\/p>\n<p class=\"article-content article-content-width !bg-background\">Matkaan l\u00e4htev\u00e4t Alexandra sek\u00e4 laite- ja vapaasukellusta harrastava Wilma, joka kritisoi teht\u00e4v\u00e4n vaarallisuutta.<\/p>\n<p class=\"article-content article-content-width !bg-background\">\u2013 Harvoin noin kylm\u00e4\u00e4n veteen menn\u00e4\u00e4n ilman m\u00e4rk\u00e4pukua, saatikka, kun ei tied\u00e4 miten syv\u00e4lle pit\u00e4\u00e4 sukeltaa. T\u00e4m\u00e4 on oikeasti tosi vaarallista, sukeltajakoulutuksen saanut Wilma kritisoi.<\/p>\n<p class=\"article-content article-content-width !bg-background\">Parivaljakko kuitenkin onnistuu ja nostaa pintaan yhteens\u00e4 25 000 euroa. T\u00e4m\u00e4 palauttaa potin kokonaisarvoksi 80 000 euroa.<\/p>\n<p>        <a itemprop=\"url\" href=\"https:\/\/www.seiska.fi\/katso\/the-summit-suomi-pudotus-herattaa-katkeruutta\/2136638\" rel=\"nofollow noopener\" target=\"_blank\"><\/p>\n<p>\nThe Summit Suomi:\n<\/p>\n<p class=\"section-date\">\n        <strong class=\"article-section\" data-section=\"katso\"><br \/>\n            katso<br \/>\n        <\/strong><br \/>\n        26.4. 21:00\n    <\/p>\n<p>The Summit Suomi: pudotus her\u00e4tt\u00e4\u00e4 katkeruutta\n    <\/p>\n<p itemprop=\"description\" class=\"subtitle \">\n    Pudotetun l\u00e4heisin liittolainen vihjaa kostosta.\n<\/p>\n<p>        <\/a><\/p>\n<p>                <img decoding=\"async\" src=\"https:\/\/www.europesays.com\/fi\/wp-content\/uploads\/2026\/05\/2141023.webp.jpeg\" width=\"576\" height=\"274\" title=\"Alexandra valmistautuu sukellukseen.\" alt=\"Alexandra ja Wilma, The Summit Suomi\" loading=\"lazy\" \/>            <\/p>\n<p>\n            Alexandra valmistautuu sukellukseen.<br \/>\n            MTV\n        <\/p>\n<p>Iloinen yll\u00e4tys<\/p>\n<p class=\"article-content article-content-width !bg-background\">Seuraava teht\u00e4v\u00e4 on hakea laukku kalliosein\u00e4m\u00e4lt\u00e4 30 metrin korkeudesta. Teht\u00e4v\u00e4n suorittajaksi valitaan Milla, joka l\u00f6yt\u00e4\u00e4 hakemastaan laukusta mystisen aarrekartan.<\/p>\n<p class=\"article-content article-content-width !bg-background\">Riemu repe\u00e4\u00e4 ryhm\u00e4n keskuudessa, kun kartta johdattaa heid\u00e4t telttasaunan \u00e4\u00e4relle. Viel\u00e4 iloisempi reaktio saadaan, kun karttaan merkattu piste paljastaa vadillisen saunajuomia.<\/p>\n<p>        <a itemprop=\"url\" href=\"https:\/\/www.seiska.fi\/katso\/hollywood-tahti-sam-neill-pysayttava-uutinen-terveydesta\/2139341\" rel=\"nofollow noopener\" target=\"_blank\"><\/p>\n<p>\nJurassic Park -t\u00e4hti Sam Neill\n<\/p>\n<p class=\"section-date\">\n        <strong class=\"article-section\" data-section=\"katso\"><br \/>\n            katso<br \/>\n        <\/strong><br \/>\n        29.4. 13:15\n    <\/p>\n<p>Hollywood-t\u00e4hti Sam Neill: Pys\u00e4ytt\u00e4v\u00e4 uutinen terveydest\u00e4\n    <\/p>\n<p itemprop=\"description\" class=\"subtitle \">\n    Rakastettu Jurassic Park -t\u00e4hti on taistellut vuosia lymfoomaa vastaan.\n<\/p>\n<p>        <\/a><\/p>\n<p class=\"italic m-italic article-content article-content-width !bg-background\">The Summit Suomi MTV Katsomossa ja MTV3:lla sunnuntaina 3.5. kello 19.30.<\/p>\n","protected":false},"excerpt":{"rendered":"The Summit Suomi, kausi 2 MTV Tilaisuus saada osa menetetyst\u00e4 rahapotista takaisin on vaarallisen teht\u00e4v\u00e4n takana. MTV3:n The&hellip;\n","protected":false},"author":2,"featured_media":237269,"comment_status":"","ping_status":"","sticky":false,"template":"","format":"standard","meta":{"footnotes":"","_share_on_mastodon":"0"},"categories":[133],"tags":[137,33,31,30,7543,27711,18947,14549,32,206,29137,32359,156,8744,109,21035],"class_list":["post-237268","post","type-post","status-publish","format-standard","has-post-thumbnail","category-televisiot","tag-entertainment","tag-fi","tag-finland","tag-finnish","tag-jasper-paakkonen","tag-joonas","tag-milla","tag-pietari","tag-suomi","tag-televisiot","tag-the-summit-suomi","tag-tiina","tag-tv","tag-venla","tag-viihde","tag-wilma"],"share_on_mastodon":{"url":"https:\/\/pubeurope.com\/@fi\/116509107144320005","error":""},"_links":{"self":[{"href":"https:\/\/www.europesays.com\/fi\/wp-json\/wp\/v2\/posts\/237268","targetHints":{"allow":["GET"]}}],"collection":[{"href":"https:\/\/www.europesays.com\/fi\/wp-json\/wp\/v2\/posts"}],"about":[{"href":"https:\/\/www.europesays.com\/fi\/wp-json\/wp\/v2\/types\/post"}],"author":[{"embeddable":true,"href":"https:\/\/www.europesays.com\/fi\/wp-json\/wp\/v2\/users\/2"}],"replies":[{"embeddable":true,"href":"https:\/\/www.europesays.com\/fi\/wp-json\/wp\/v2\/comments?post=237268"}],"version-history":[{"count":0,"href":"https:\/\/www.europesays.com\/fi\/wp-json\/wp\/v2\/posts\/237268\/revisions"}],"wp:featuredmedia":[{"embeddable":true,"href":"https:\/\/www.europesays.com\/fi\/wp-json\/wp\/v2\/media\/237269"}],"wp:attachment":[{"href":"https:\/\/www.europesays.com\/fi\/wp-json\/wp\/v2\/media?parent=237268"}],"wp:term":[{"taxonomy":"category","embeddable":true,"href":"https:\/\/www.europesays.com\/fi\/wp-json\/wp\/v2\/categories?post=237268"},{"taxonomy":"post_tag","embeddable":true,"href":"https:\/\/www.europesays.com\/fi\/wp-json\/wp\/v2\/tags?post=237268"}],"curies":[{"name":"wp","href":"https:\/\/api.w.org\/{rel}","templated":true}]}}