{"id":237385,"date":"2026-05-03T08:55:08","date_gmt":"2026-05-03T08:55:08","guid":{"rendered":"https:\/\/www.europesays.com\/fi\/237385\/"},"modified":"2026-05-03T08:55:08","modified_gmt":"2026-05-03T08:55:08","slug":"veronica-verhon-kolmikymppiset-kolmiviikkoinen-bileputki-ja-yllattava-strippaus-johon-veronica-osallistui-lavalla","status":"publish","type":"post","link":"https:\/\/www.europesays.com\/fi\/237385\/","title":{"rendered":"Veronica Verhon Kolmikymppiset: Kolmiviikkoinen bileputki ja Yll\u00e4tt\u00e4v\u00e4 Strippaus, johon Veronica osallistui lavalla"},"content":{"rendered":"<p class=\"article-content article-content-width !bg-background\">Radiojuontajaksi Novalle siirtynyt somevaikuttaja <a alt=\"Haku\" class=\"text-primary-red font-extrabold\" href=\"https:\/\/www.seiska.fi\/haku?q=Veronica Verho\" rel=\"nofollow noopener\" target=\"_blank\">Veronica Verho<\/a> vietti lauantaina (2.5.) kymmenien yst\u00e4viens\u00e4 kera n\u00e4ytt\u00e4vi\u00e4 kolmikymppisi\u00e4. Mukana oli my\u00f6s sangen roisi ohjelmanumero.<\/p>\n<p class=\"font-weight-bold m-font-weight-bold article-content article-content-width !bg-background\">Videolla Veronica kertoo monen viikon mittaisista kemuistaan<\/p>\n<p class=\"article-content article-content-width !bg-background\">Vuokrattua industrial-henkist\u00e4 juhlatilaa Veronica oli antanut pehment\u00e4\u00e4 valtavalla, pari metri\u00e4 korkealla ja useita metrej\u00e4 pitk\u00e4ll\u00e4 kukkasein\u00e4ll\u00e4.<\/p>\n<p class=\"article-content article-content-width !bg-background\">Sen edess\u00e4 Veronicaa ja yst\u00e4vi\u00e4 on kuvattu k\u00e4nnyk\u00e4t tulvilleen. 30-vuotisjuhlat siis muistetaan varmasti pitk\u00e4\u00e4n.<\/p>\n<p class=\"article-content article-content-width !bg-background\"><a href=\"https:\/\/www.instagram.com\/stories\/mariieveronicaofficial\/3888706559320187923\/\" target=\"_blank\" rel=\"nofollow noopener\">Veronica jakoi muiden julkaisemaa materiaalia omalla Instagram-tilill\u00e4\u00e4n videotarinoina<\/a>. Ne n\u00e4kyv\u00e4t palvelussa maanantaiaamup\u00e4iv\u00e4\u00e4n asti.<\/p>\n<p>Treenattujen miesten keskell\u00e4<\/p>\n<p class=\"article-content article-content-width !bg-background\">Oikeasti jo edellisviikon maanantaina (20.4.) 30 t\u00e4ytt\u00e4nyt Veronica my\u00f6s toisti lauantain kemuissaan ohjelmanumeron, josta Seiska kertoi tuoreeltaan.<\/p>\n<p class=\"article-content article-content-width !bg-background\">H\u00e4n oli j\u00e4lleen osana yll\u00e4tyksellist\u00e4 strippinumeroa.<\/p>\n<p class=\"article-content article-content-width !bg-background\">T\u00e4ll\u00e4 kertaa Magic Men -teemaisen kansainv\u00e4lisen esityksen sijaan tempauksen takana oli Radio Novan juontajakollega Esko Eerik\u00e4inen.<\/p>\n<p class=\"article-content article-content-width !bg-background\"><a href=\"https:\/\/www.instagram.com\/stories\/eerikainenesko\/3888379988688913453\/\" target=\"_blank\" rel=\"nofollow noopener\">Strippausesityksest\u00e4 voit tsekata Nauruun repeilev\u00e4n Veronican reaktioita ja heitt\u00e4ytymist\u00e4 Eskon Instagram-tarinoista<\/a>. Palvelusta 24 tunnissa katoavat videot ovat n\u00e4ht\u00e4viss\u00e4 t\u00e4n\u00e4\u00e4n iltayhdeks\u00e4\u00e4n asti.<\/p>\n<p><script async src=\"\/\/www.instagram.com\/embed.js\"><\/script><\/p>\n","protected":false},"excerpt":{"rendered":"Radiojuontajaksi Novalle siirtynyt somevaikuttaja Veronica Verho vietti lauantaina (2.5.) kymmenien yst\u00e4viens\u00e4 kera n\u00e4ytt\u00e4vi\u00e4 kolmikymppisi\u00e4. Mukana oli my\u00f6s sangen&hellip;\n","protected":false},"author":2,"featured_media":237386,"comment_status":"","ping_status":"","sticky":false,"template":"","format":"standard","meta":{"footnotes":"","_share_on_mastodon":"0"},"categories":[136],"tags":[2560,16941,33885,407,137,1176,33,31,30,10490,408,6048,212,3229,33884,33883,33882,33881,14742,32,17246,14105,410,3838,2843,109],"class_list":["post-237385","post","type-post","status-publish","format-standard","has-post-thumbnail","category-julkkikset","tag-30-vuotta","tag-bileet","tag-bileputki","tag-celebrities","tag-entertainment","tag-esko-eerikainen","tag-fi","tag-finland","tag-finnish","tag-ika","tag-julkkikset","tag-juontaja","tag-lifestyle","tag-radio-nova","tag-strippaaminen","tag-strippari","tag-strippaus","tag-strippiesitys","tag-striptease","tag-suomi","tag-synttarisankari","tag-synttarit","tag-syntymapaiva","tag-syntymapaivajuhla","tag-veronica-verho","tag-viihde"],"share_on_mastodon":{"url":"https:\/\/pubeurope.com\/@fi\/116509810757638171","error":""},"_links":{"self":[{"href":"https:\/\/www.europesays.com\/fi\/wp-json\/wp\/v2\/posts\/237385","targetHints":{"allow":["GET"]}}],"collection":[{"href":"https:\/\/www.europesays.com\/fi\/wp-json\/wp\/v2\/posts"}],"about":[{"href":"https:\/\/www.europesays.com\/fi\/wp-json\/wp\/v2\/types\/post"}],"author":[{"embeddable":true,"href":"https:\/\/www.europesays.com\/fi\/wp-json\/wp\/v2\/users\/2"}],"replies":[{"embeddable":true,"href":"https:\/\/www.europesays.com\/fi\/wp-json\/wp\/v2\/comments?post=237385"}],"version-history":[{"count":0,"href":"https:\/\/www.europesays.com\/fi\/wp-json\/wp\/v2\/posts\/237385\/revisions"}],"wp:featuredmedia":[{"embeddable":true,"href":"https:\/\/www.europesays.com\/fi\/wp-json\/wp\/v2\/media\/237386"}],"wp:attachment":[{"href":"https:\/\/www.europesays.com\/fi\/wp-json\/wp\/v2\/media?parent=237385"}],"wp:term":[{"taxonomy":"category","embeddable":true,"href":"https:\/\/www.europesays.com\/fi\/wp-json\/wp\/v2\/categories?post=237385"},{"taxonomy":"post_tag","embeddable":true,"href":"https:\/\/www.europesays.com\/fi\/wp-json\/wp\/v2\/tags?post=237385"}],"curies":[{"name":"wp","href":"https:\/\/api.w.org\/{rel}","templated":true}]}}