{"id":237600,"date":"2026-05-03T14:59:11","date_gmt":"2026-05-03T14:59:11","guid":{"rendered":"https:\/\/www.europesays.com\/fi\/237600\/"},"modified":"2026-05-03T14:59:11","modified_gmt":"2026-05-03T14:59:11","slug":"erna-husko-ja-matias-petaisto-kuumat-kuvat","status":"publish","type":"post","link":"https:\/\/www.europesays.com\/fi\/237600\/","title":{"rendered":"Erna Husko ja Matias Pet\u00e4ist\u00f6: Kuumat kuvat!"},"content":{"rendered":"<p>            Miikka Kaskinen, Atte Kajova\n        <\/p>\n<p class=\"subtitle \">Matias on kotirouvien suosikki, Ernasta taas hurmaantuvat nuoret miehet.<\/p>\n<p class=\"article-content article-content-width !bg-background\"> ja .<\/p>\n<p class=\"font-weight-bold m-font-weight-bold article-content article-content-width !bg-background\">Video: Sofia Virta ei sano Matias Pet\u00e4ist\u00f6lle mit\u00e4\u00e4n.<\/p>\n<p class=\"article-content article-content-width !bg-background\">Kaksi isoa nime\u00e4, kaksi isoa hyvinvointivalmentajaa \u2013 molemmat tuttuja my\u00f6s sosiaalisen median alustoilta.<\/p>\n<p class=\"article-content article-content-width !bg-background\">Molemmat ovat my\u00f6s tyylikk\u00e4it\u00e4 ja yleisen tiedon mukaan sinkkuja tahoillaan, vaikkakin heit\u00e4 on t\u00e4m\u00e4n t\u00e4st\u00e4 Seiskan lukijoiden toimesta tavattu eri seuralaisten kanssa milloin miss\u00e4kin.<\/p>\n<p>        <a itemprop=\"url\" href=\"https:\/\/www.seiska.fi\/katso\/podcast-totuus-erikoisjoukot-kouluttajien-nukkumisjarjestelyista\/2138672\" rel=\"nofollow noopener\" target=\"_blank\"><\/p>\n<p>\nErikoisjoukot-podcast:\n<\/p>\n<p class=\"section-date\">\n        <strong class=\"article-section\" data-section=\"katso\"><br \/>\n            katso<br \/>\n        <\/strong><br \/>\n        30.4. 06:15\n    <\/p>\n<p>Podcast: Totuus Erikoisjoukot-kouluttajien nukkumisj\u00e4rjestelyist\u00e4\n    <\/p>\n<p itemprop=\"description\" class=\"subtitle \">\n    Erikoisjoukkojen kouluttajien olot kulissien takana ovat jopa romanttiset.\n<\/p>\n<p>        <\/a><\/p>\n<p class=\"article-content article-content-width !bg-background\">Erna esimerkiksi joi taannoin terveyssmoothieta Vantaalla mystisen lippismiehen kanssa \u2013 Matias taas on n\u00e4hty lentokent\u00e4ll\u00e4 tumman kaunottaren kanssa.<\/p>\n<p>                <img decoding=\"async\" src=\"https:\/\/www.europesays.com\/fi\/wp-content\/uploads\/2026\/05\/1699098.webp.jpeg\" width=\"576\" height=\"720\" alt=\"Erna Husko on kaunis ja menestynyt nainen, jolle auton parkkeeraaminen tuottaa kuitenkin usein haasteita.\" loading=\"lazy\" \/>            <\/p>\n<p>\n            Erna Husko on kaunis ja menestynyt nainen, jolle auton parkkeeraaminen tuottaa kuitenkin usein haasteita.<br \/>\n            Saku Tiainen \/ Sanoma\n        <\/p>\n<p>Ernalla leka k\u00e4dess\u00e4<\/p>\n<p class=\"article-content article-content-width !bg-background\">Nyt kaksikko on laittanut kuumat vartalonsa samoihin kuviin kuumissa olosuhteissa \u2013 nimitt\u00e4in sep\u00e4n pajassa.<\/p>\n<p class=\"article-content article-content-width !bg-background\">Kuvissa Ernalla on leka k\u00e4dess\u00e4, ja Matiaksellakin on hallussaan jokin rautahommeli.<\/p>\n<p>        <a itemprop=\"url\" href=\"https:\/\/www.seiska.fi\/vain-seiskassa\/matias-petaisto-torttoili-liikenteessa-paljonpuhuva-video\/2130790\" rel=\"nofollow noopener\" target=\"_blank\"><\/p>\n<p>\nMatias Pet\u00e4ist\u00f6 t\u00f6rtt\u00f6ili liikenteess\u00e4\n<\/p>\n<p class=\"section-date\">\n        <strong class=\"article-section\" data-section=\"vain seiskassa\"><br \/>\n            vain seiskassa<br \/>\n        <\/strong><br \/>\n        26.4. 08:00\n    <\/p>\n<p>Matias Pet\u00e4ist\u00f6 t\u00f6rtt\u00f6ili liikenteess\u00e4 \u2013 paljonpuhuva video\n    <\/p>\n<p itemprop=\"description\" class=\"subtitle \">\n    Erikoisjoukot-ohjelmasta tuttu kouluttaja sanoo ajaneensa kuin paikallinen.\n<\/p>\n<p>        <\/a><\/p>\n<p class=\"article-content article-content-width !bg-background\">Molemmilla on my\u00f6s p\u00e4\u00e4ll\u00e4\u00e4n essut.<\/p>\n<p class=\"article-content article-content-width !bg-background\">Matiaksella sen sijaan on vastoin normaalik\u00e4yt\u00e4nt\u00f6j\u00e4 p\u00e4\u00e4ll\u00e4\u00e4n paita, joka on tosin vaimari.<\/p>\n<p class=\"article-content article-content-width !bg-background\">Ernalla on p\u00e4\u00e4ll\u00e4\u00e4n kaikki suojalaseista alkaen.<\/p>\n<p>                <img decoding=\"async\" src=\"https:\/\/www.europesays.com\/fi\/wp-content\/uploads\/2026\/05\/2132444.webp.jpeg\" width=\"576\" height=\"269\" title=\"Matias Pet\u00e4ist\u00f6 on Erikoisjoukkojen kouluttajista se, jonka p\u00e4\u00e4lle paita ei vain l\u00f6yd\u00e4 mill\u00e4\u00e4n.\" alt=\"Erikoisjoukot, 5. kausi, 2026, Matias Pet\u00e4ist\u00f6, Robin Hendry, Antti Oksanen.\" loading=\"lazy\" \/>            <\/p>\n<p>\n            Matias Pet\u00e4ist\u00f6 on Erikoisjoukkojen kouluttajista se, jonka p\u00e4\u00e4lle paita ei vain l\u00f6yd\u00e4 mill\u00e4\u00e4n.<br \/>\n            Jere Hietala \/ Sanoma\n        <\/p>\n<p>&#8221;NO NYT&#8221;<\/p>\n<p class=\"article-content article-content-width !bg-background\">Ja nyth\u00e4n somev\u00e4ki miettii, onko t\u00e4ss\u00e4 uusi superpari vai onko kyseess\u00e4 jonkin tulevan jutun mainostus.<\/p>\n<p class=\"article-content article-content-width !bg-background\">Yht\u00e4 kaikki, n\u00e4kyvyys on ainakin taattu.<\/p>\n<p class=\"article-content article-content-width !bg-background\">Instagramissa onkin kertynyt paljon kommentteja sek\u00e4 julkkiksilta ett\u00e4 taviksilta.<\/p>\n<p class=\"article-content article-content-width !bg-background\">\u2013 Ok, saa  kirjoitettua.<\/p>\n<p>        <a itemprop=\"url\" href=\"https:\/\/www.seiska.fi\/kotimaa\/matias-petaisto-poikkeuksellinen-paivitys\/2136684\" rel=\"nofollow noopener\" target=\"_blank\"><\/p>\n<p>\nMatias Pet\u00e4ist\u00f6:\n<\/p>\n<p class=\"section-date\">\n        <strong class=\"article-section\" data-section=\"kotimaa\"><br \/>\n            kotimaa<br \/>\n        <\/strong><br \/>\n        24.4. 20:00\n    <\/p>\n<p>Matias Pet\u00e4ist\u00f6: Poikkeuksellinen p\u00e4ivitys\n    <\/p>\n<p itemprop=\"description\" class=\"subtitle \">\n    Matias julkaisi normaalista linjastaan poikkeavan p\u00e4ivityksen.\n<\/p>\n<p>        <\/a><\/p>\n<p class=\"article-content article-content-width !bg-background\">\u2013 NO NYT, kirjoittaa isoin kirjaimin .<\/p>\n<p class=\"article-content article-content-width !bg-background\">\u2013 Kohta aletaan paukuttaa lekalla kovaa, tuumii muuan mies.<\/p>\n<p class=\"article-content article-content-width !bg-background\">\u2013 Mittees olivat takomassa, miettii toinen miekkonen.<\/p>\n<p class=\"article-content article-content-width !bg-background\">Luonnollisesti Seiska tavoitti my\u00f6s Matiaksen, joka oli enemm\u00e4n kuin mystinen kuvien suhteen.<\/p>\n<p class=\"article-content article-content-width !bg-background\">\u2013 Arvalla, arvalla\u2026<\/p>\n<p class=\"article-content article-content-width !bg-background\">Vaikka kissa veikin Matiaksen kielen, saattaa kaksikon yhteiskuvat liitty\u00e4\u00a0 3. kes\u00e4kuuta alkavaan Grillit tulessa\u00a0-sarjaan, jossa kahdeksan tunnettua suomalaista opettelee grillaustaitoja Akseli Herlevin johdolla. <\/p>\n<p class=\"article-content article-content-width !bg-background\">Matiaksen ja Ernan lis\u00e4ksi ohjelmassa n\u00e4hd\u00e4\u00e4n muun muassa  sek\u00e4 .<\/p>\n","protected":false},"excerpt":{"rendered":"Miikka Kaskinen, Atte Kajova Matias on kotirouvien suosikki, Ernasta taas hurmaantuvat nuoret miehet. ja . Video: Sofia Virta&hellip;\n","protected":false},"author":2,"featured_media":237601,"comment_status":"","ping_status":"","sticky":false,"template":"","format":"standard","meta":{"footnotes":"","_share_on_mastodon":"0"},"categories":[136],"tags":[407,137,6506,33,31,30,9835,408,212,2156,6146,32,109],"class_list":["post-237600","post","type-post","status-publish","format-standard","has-post-thumbnail","category-julkkikset","tag-celebrities","tag-entertainment","tag-erna-husko","tag-fi","tag-finland","tag-finnish","tag-hyvinvointivalmentaja","tag-julkkikset","tag-lifestyle","tag-matias-petaisto","tag-seurustelu","tag-suomi","tag-viihde"],"share_on_mastodon":{"url":"https:\/\/pubeurope.com\/@fi\/116511242229277899","error":""},"_links":{"self":[{"href":"https:\/\/www.europesays.com\/fi\/wp-json\/wp\/v2\/posts\/237600","targetHints":{"allow":["GET"]}}],"collection":[{"href":"https:\/\/www.europesays.com\/fi\/wp-json\/wp\/v2\/posts"}],"about":[{"href":"https:\/\/www.europesays.com\/fi\/wp-json\/wp\/v2\/types\/post"}],"author":[{"embeddable":true,"href":"https:\/\/www.europesays.com\/fi\/wp-json\/wp\/v2\/users\/2"}],"replies":[{"embeddable":true,"href":"https:\/\/www.europesays.com\/fi\/wp-json\/wp\/v2\/comments?post=237600"}],"version-history":[{"count":0,"href":"https:\/\/www.europesays.com\/fi\/wp-json\/wp\/v2\/posts\/237600\/revisions"}],"wp:featuredmedia":[{"embeddable":true,"href":"https:\/\/www.europesays.com\/fi\/wp-json\/wp\/v2\/media\/237601"}],"wp:attachment":[{"href":"https:\/\/www.europesays.com\/fi\/wp-json\/wp\/v2\/media?parent=237600"}],"wp:term":[{"taxonomy":"category","embeddable":true,"href":"https:\/\/www.europesays.com\/fi\/wp-json\/wp\/v2\/categories?post=237600"},{"taxonomy":"post_tag","embeddable":true,"href":"https:\/\/www.europesays.com\/fi\/wp-json\/wp\/v2\/tags?post=237600"}],"curies":[{"name":"wp","href":"https:\/\/api.w.org\/{rel}","templated":true}]}}