{"id":237626,"date":"2026-05-03T15:39:09","date_gmt":"2026-05-03T15:39:09","guid":{"rendered":"https:\/\/www.europesays.com\/fi\/237626\/"},"modified":"2026-05-03T15:39:09","modified_gmt":"2026-05-03T15:39:09","slug":"autoilija-tormasi-pylvaaseen-helsingin-kalasatamassa-kuljettaja-sairaalaan-sivullisia-loukkaantunut-uutisia-lyhyesti","status":"publish","type":"post","link":"https:\/\/www.europesays.com\/fi\/237626\/","title":{"rendered":"Autoilija t\u00f6rm\u00e4si pylv\u00e4\u00e4seen Helsingin Kalasatamassa \u2013 kuljettaja sairaalaan, sivullisia loukkaantunut | Uutisia lyhyesti"},"content":{"rendered":"<p class=\"aw-1gybjub aw-5vja16 kEtdKx kmuxyA yle__article__paragraph\">Poliisin mukaan liikenne Hermannin rantatiell\u00e4 on suljettu toistaiseksi. Pelastuslaitos pyrkii est\u00e4m\u00e4\u00e4n auton syttymisen.<\/p>\n<p>Onnettomuuspaikka sijaitsee Kalasatamassa l\u00e4hell\u00e4 kauppakeskus Redi\u00e4. Video: Jouni Immonen \/ Yle<\/p>\n<p>17:12\u2022P\u00e4ivitetty 18:35<\/p>\n<p class=\"aw-1gybjub aw-1p7kakr kEtdKx cEmitX yle__article__paragraph\">Henkil\u00f6autoilija on t\u00f6rm\u00e4nnyt pylv\u00e4\u00e4seen Hermannin rantatiell\u00e4 Helsingiss\u00e4, kertoo poliisi.<\/p>\n<p class=\"aw-1gybjub aw-1p7kakr kEtdKx cEmitX yle__article__paragraph\">Onnettomuushetkell\u00e4 henkil\u00f6autossa oli vain kuljettaja. Helsingin poliisin mukaan kuljettaja on toimitettu sairaalahoitoon.<\/p>\n<p class=\"aw-1gybjub aw-1p7kakr kEtdKx cEmitX yle__article__paragraph\">Lis\u00e4ksi poliisin t\u00e4m\u00e4nhetkisten tietojen mukaan tilanteessa on loukkaantunut liev\u00e4sti muutamia sivullisia.<\/p>\n<p class=\"aw-1gybjub aw-1p7kakr kEtdKx cEmitX yle__article__paragraph\">Helsingin kaupungin pelastuslaitoksen mukaan nelj\u00e4 ihmist\u00e4 on toimitettu ensihoidon tarkastukseen.<\/p>\n<p class=\"aw-1gybjub aw-1p7kakr kEtdKx cEmitX yle__article__paragraph\">Pelastuslaitos pyrkii est\u00e4m\u00e4\u00e4n auton syttymisen. Auto on Mercedes Benz -merkkinen t\u00e4yss\u00e4hk\u00f6auto mallia EQE 350 4MATIC.<\/p>\n<p class=\"aw-1gybjub aw-1p7kakr kEtdKx cEmitX yle__article__paragraph\">T\u00f6rm\u00e4yksen seurauksena valopylv\u00e4s kaatui tielle.<\/p>\n<p>Raitiovaunuliikenteen ajolangat putosivat maahan<\/p>\n<p class=\"aw-1gybjub aw-1p7kakr kEtdKx cEmitX yle__article__paragraph\">Poliisin mukaan onnettomuuspaikka sijaitsee Kalasatamassa l\u00e4hell\u00e4 kauppakeskus Redi\u00e4.<\/p>\n<p class=\"aw-1gybjub aw-1p7kakr kEtdKx cEmitX yle__article__paragraph\">Poliisi on paikalla selvitt\u00e4m\u00e4ss\u00e4 tilannetta ja ohjaamassa liikennett\u00e4. My\u00f6s Helsingin pelastuslaitos on kohteessa.<\/p>\n<p class=\"aw-1gybjub aw-1p7kakr kEtdKx cEmitX yle__article__paragraph\">Liikenne Hermannin rantatiell\u00e4 on suljettu toistaiseksi, Helsingin poliisi kertoo <a class=\"aw-iao6s4 iHOxEa yle__article__link\" href=\"https:\/\/poliisi.fi\/-\/henkiloauto-tormasi-pylvaaseen-hermannin-rantatiella\" role=\"link\" rel=\"nofollow noopener\" target=\"_blank\">tiedotteessaan<\/a>.<\/p>\n<p class=\"aw-1gybjub aw-1p7kakr kEtdKx cEmitX yle__article__paragraph\">T\u00f6rm\u00e4yksen seurauksena raitiovaunuliikenteen ajolangat ovat pudonneet maahan.<\/p>\n<p class=\"aw-1gybjub aw-1p7kakr kEtdKx cEmitX yle__article__paragraph\">Helsingin seudun liikenteen (HSL) mukaan liikenn\u00f6inti raitiovaunulinjalla 13 on peruttu virtah\u00e4iri\u00f6n vuoksi. HSL:n mukaan h\u00e4iri\u00f6 kest\u00e4\u00e4 arviolta kello 23.30 asti.<\/p>\n<p class=\"aw-1gybjub aw-1p7kakr kEtdKx cEmitX yle__article__paragraph\">Poliisi kertoo saaneensa ilmoituksen liikenneonnettomuudesta sunnuntaina noin kello 17.<\/p>\n<p><img decoding=\"async\" alt=\"Auto savuaa Kalasatamassa.\" src=\"https:\/\/www.europesays.com\/fi\/wp-content\/uploads\/2026\/05\/1777818890.jpeg\" loading=\"lazy\" class=\"aw-1l9m598 hKVVvP\"\/><\/p>\n<p>Avaa kuvien katselu<\/p>\n<p>T\u00f6rm\u00e4yksen seurauksena raitiovaunuliikenteen ajolangat ovat pudonneet maahan. Kuva: Kati Bistr\u00f6m \/ Yle<\/p>\n<p class=\"aw-1gybjub aw-1p7kakr kEtdKx cEmitX yle__article__paragraph\">Uutinen p\u00e4ivittyy.<\/p>\n","protected":false},"excerpt":{"rendered":"Poliisin mukaan liikenne Hermannin rantatiell\u00e4 on suljettu toistaiseksi. Pelastuslaitos pyrkii est\u00e4m\u00e4\u00e4n auton syttymisen. Onnettomuuspaikka sijaitsee Kalasatamassa l\u00e4hell\u00e4 kauppakeskus&hellip;\n","protected":false},"author":2,"featured_media":237627,"comment_status":"","ping_status":"","sticky":false,"template":"","format":"standard","meta":{"footnotes":"","_share_on_mastodon":"0"},"categories":[5],"tags":[22,23,26,27,33,31,30,17,104,14343,71,24,25,28,29,15,837,18,21,10011,32,19,20,1168,16],"class_list":["post-237626","post","type-post","status-publish","format-standard","has-post-thumbnail","category-otsikot","tag-breaking-news","tag-breakingnews","tag-featured-news","tag-featurednews","tag-fi","tag-finland","tag-finnish","tag-headlines","tag-helsinki","tag-kalasatama","tag-kotimaa","tag-latest-news","tag-latestnews","tag-main-news","tag-mainnews","tag-news","tag-onnettomuudet","tag-otsikot","tag-paauutiset","tag-raitioliikenne","tag-suomi","tag-top-stories","tag-topstories","tag-uusimaa","tag-uutiset"],"share_on_mastodon":{"url":"https:\/\/pubeurope.com\/@fi\/116511399343534793","error":""},"_links":{"self":[{"href":"https:\/\/www.europesays.com\/fi\/wp-json\/wp\/v2\/posts\/237626","targetHints":{"allow":["GET"]}}],"collection":[{"href":"https:\/\/www.europesays.com\/fi\/wp-json\/wp\/v2\/posts"}],"about":[{"href":"https:\/\/www.europesays.com\/fi\/wp-json\/wp\/v2\/types\/post"}],"author":[{"embeddable":true,"href":"https:\/\/www.europesays.com\/fi\/wp-json\/wp\/v2\/users\/2"}],"replies":[{"embeddable":true,"href":"https:\/\/www.europesays.com\/fi\/wp-json\/wp\/v2\/comments?post=237626"}],"version-history":[{"count":0,"href":"https:\/\/www.europesays.com\/fi\/wp-json\/wp\/v2\/posts\/237626\/revisions"}],"wp:featuredmedia":[{"embeddable":true,"href":"https:\/\/www.europesays.com\/fi\/wp-json\/wp\/v2\/media\/237627"}],"wp:attachment":[{"href":"https:\/\/www.europesays.com\/fi\/wp-json\/wp\/v2\/media?parent=237626"}],"wp:term":[{"taxonomy":"category","embeddable":true,"href":"https:\/\/www.europesays.com\/fi\/wp-json\/wp\/v2\/categories?post=237626"},{"taxonomy":"post_tag","embeddable":true,"href":"https:\/\/www.europesays.com\/fi\/wp-json\/wp\/v2\/tags?post=237626"}],"curies":[{"name":"wp","href":"https:\/\/api.w.org\/{rel}","templated":true}]}}