{"id":237647,"date":"2026-05-03T16:29:11","date_gmt":"2026-05-03T16:29:11","guid":{"rendered":"https:\/\/www.europesays.com\/fi\/237647\/"},"modified":"2026-05-03T16:29:11","modified_gmt":"2026-05-03T16:29:11","slug":"nelja-ihmista-loukkaantui-mielivaltaisessa-ammuskelussa-brixtonissa-lontoossa-uutisia-lyhyesti","status":"publish","type":"post","link":"https:\/\/www.europesays.com\/fi\/237647\/","title":{"rendered":"Nelj\u00e4 ihmist\u00e4 loukkaantui \u201dmieli\u00advaltaisessa\u201d ammuskelussa Brixtonissa Lontoossa | Uutisia lyhyesti"},"content":{"rendered":"<p class=\"aw-1gybjub aw-5vja16 kEtdKx kmuxyA yle__article__paragraph\">Poliisi tutkii, liittyyk\u00f6 autosta tehty ampuminen my\u00f6hemmin tapahtuneeseen puukotukseen. Molemmat rikokset tapahtuivat sunnuntain vastaisena y\u00f6n\u00e4.<\/p>\n<p class=\"aw-1gybjub aw-1p7kakr kEtdKx cEmitX yle__article__paragraph\">Nelj\u00e4 ihmist\u00e4 loukkaantui ampumisessa sunnuntain vastaisena y\u00f6n\u00e4 etel\u00e4isess\u00e4 Lontoossa Brixtonissa, kertovat brittimediat <a class=\"aw-iao6s4 iHOxEa yle__article__link\" href=\"https:\/\/news.sky.com\/story\/man-in-life-threatening-condition-among-four-injured-in-brixton-after-gunshots-fired-from-vehicle-13539463\" role=\"link\" rel=\"nofollow noopener\" target=\"_blank\">Skynews<\/a> ja <a class=\"aw-iao6s4 iHOxEa yle__article__link\" href=\"https:\/\/www.bbc.com\/news\/articles\/c6267xve17xo\" role=\"link\" rel=\"nofollow noopener\" target=\"_blank\">BBC<\/a>.<\/p>\n<p class=\"aw-1gybjub aw-1p7kakr kEtdKx cEmitX yle__article__paragraph\">25-vuotias mies loukkaantui hengenvaarallisesti. Kolmen muun loukkaantuneen vammat eiv\u00e4t ole hengenvaarallisia.<\/p>\n<p class=\"aw-1gybjub aw-1p7kakr kEtdKx cEmitX yle__article__paragraph\">Ampuja oli ohiajaneessa autossa. Tutkintaa johtava rikosylikomisario <strong class=\"aw-ak79eh KyCXm yle__article__strong\">Allam<\/strong> <strong class=\"aw-ak79eh KyCXm yle__article__strong\">Bhangoo<\/strong> kuvaili ampumista \u201dmielivaltaiseksi\u201d.<\/p>\n<p class=\"aw-1gybjub aw-1p7kakr kEtdKx cEmitX yle__article__paragraph\">Poliisi tutkii my\u00f6s, liittyyk\u00f6 tunti ampumisen j\u00e4lkeen l\u00e4hialueella tapahtunut puukotus tapaukseen. Puukotuksen uhri on 33-vuotis mies, kertoo Skynews. My\u00f6s h\u00e4n haavoittui hengenvaarallisesti.<\/p>\n<p class=\"aw-1gybjub aw-1p7kakr kEtdKx cEmitX yle__article__paragraph\">H\u00e4lytys ampumisesta tuli aamuy\u00f6ll\u00e4 kello 1.14. H\u00e4lytys puukotuksesta tuli kello 2.17.<\/p>\n<p class=\"aw-1gybjub aw-1p7kakr kEtdKx cEmitX yle__article__paragraph\">Ket\u00e4\u00e4n ei ole viel\u00e4 pid\u00e4tetty ampumisesta tai puukotuksesta.<\/p>\n","protected":false},"excerpt":{"rendered":"Poliisi tutkii, liittyyk\u00f6 autosta tehty ampuminen my\u00f6hemmin tapahtuneeseen puukotukseen. Molemmat rikokset tapahtuivat sunnuntain vastaisena y\u00f6n\u00e4. Nelj\u00e4 ihmist\u00e4 loukkaantui&hellip;\n","protected":false},"author":2,"featured_media":234547,"comment_status":"","ping_status":"","sticky":false,"template":"","format":"standard","meta":{"footnotes":"","_share_on_mastodon":"0"},"categories":[14],"tags":[1773,22,23,26,27,33,31,30,17,12578,24,25,28,29,15,18,21,1283,1282,32,19,20,56,16,40,37,59,60,61],"class_list":["post-237647","post","type-post","status-publish","format-standard","has-post-thumbnail","category-ulkomaat","tag-ampumavalikohtaukset","tag-breaking-news","tag-breakingnews","tag-featured-news","tag-featurednews","tag-fi","tag-finland","tag-finnish","tag-headlines","tag-hengenvaara","tag-latest-news","tag-latestnews","tag-main-news","tag-mainnews","tag-news","tag-otsikot","tag-paauutiset","tag-poliisitutkinta","tag-puukotus","tag-suomi","tag-top-stories","tag-topstories","tag-ulkomaat","tag-uutiset","tag-vakivalta","tag-vakivaltarikokset","tag-world","tag-world-news","tag-worldnews"],"share_on_mastodon":{"url":"https:\/\/pubeurope.com\/@fi\/116511595948443239","error":""},"_links":{"self":[{"href":"https:\/\/www.europesays.com\/fi\/wp-json\/wp\/v2\/posts\/237647","targetHints":{"allow":["GET"]}}],"collection":[{"href":"https:\/\/www.europesays.com\/fi\/wp-json\/wp\/v2\/posts"}],"about":[{"href":"https:\/\/www.europesays.com\/fi\/wp-json\/wp\/v2\/types\/post"}],"author":[{"embeddable":true,"href":"https:\/\/www.europesays.com\/fi\/wp-json\/wp\/v2\/users\/2"}],"replies":[{"embeddable":true,"href":"https:\/\/www.europesays.com\/fi\/wp-json\/wp\/v2\/comments?post=237647"}],"version-history":[{"count":0,"href":"https:\/\/www.europesays.com\/fi\/wp-json\/wp\/v2\/posts\/237647\/revisions"}],"wp:featuredmedia":[{"embeddable":true,"href":"https:\/\/www.europesays.com\/fi\/wp-json\/wp\/v2\/media\/234547"}],"wp:attachment":[{"href":"https:\/\/www.europesays.com\/fi\/wp-json\/wp\/v2\/media?parent=237647"}],"wp:term":[{"taxonomy":"category","embeddable":true,"href":"https:\/\/www.europesays.com\/fi\/wp-json\/wp\/v2\/categories?post=237647"},{"taxonomy":"post_tag","embeddable":true,"href":"https:\/\/www.europesays.com\/fi\/wp-json\/wp\/v2\/tags?post=237647"}],"curies":[{"name":"wp","href":"https:\/\/api.w.org\/{rel}","templated":true}]}}