{"id":237690,"date":"2026-05-03T17:43:13","date_gmt":"2026-05-03T17:43:13","guid":{"rendered":"https:\/\/www.europesays.com\/fi\/237690\/"},"modified":"2026-05-03T17:43:13","modified_gmt":"2026-05-03T17:43:13","slug":"marjukka-havumaki-loysi-itsestaan-mokkeilijan-halusin-heti-isomman-huussin","status":"publish","type":"post","link":"https:\/\/www.europesays.com\/fi\/237690\/","title":{"rendered":"Marjukka Havum\u00e4ki l\u00f6ysi itsest\u00e4\u00e4n m\u00f6kkeilij\u00e4n: &#8221;Halusin heti isomman huussin&#8221;"},"content":{"rendered":"<p>Jos joku olisi viel\u00e4 kymmenen vuotta sitten kertonut Ylen uutisjuontajan ja -tuottajan teht\u00e4vist\u00e4 lokakuussa<a href=\"https:\/\/seura.fi\/viihde\/julkkikset\/marjukka-havumaki-elakkeelle\/\" rel=\"nofollow noopener\" target=\"_blank\"> el\u00e4kkeell\u00e4 j\u00e4\u00e4neelle<\/a> <strong>Marjukka Havum\u00e4elle<\/strong>, ett\u00e4 h\u00e4nest\u00e4 kuoriutuu tulevaisuudessa m\u00f6kkeilij\u00e4, Marjukka olisi nauranut v\u00e4itteelle pitk\u00e4t naurut.<\/p>\n<p>El\u00e4m\u00e4ll\u00e4 on kuitenkin tapana tuoda yll\u00e4tyksi\u00e4 eteen. Kev\u00e4\u00e4ll\u00e4 2025 vanhempien rakas kes\u00e4paikka siirtyi Marjukalle ja h\u00e4nen sisarelleen perheineen.<\/p>\n<p>Sijainti on Keski-Suomessa viime vuoden tammikuussa edesmenneen is\u00e4n synnyinseuduilla Saarij\u00e4rvell\u00e4.<\/p>\n<p>\u201dSain lapsuudessani m\u00f6kkeilyst\u00e4 tarpeekseni, kun vietimme joka ikisen kes\u00e4n pitki\u00e4 aikoja m\u00f6kill\u00e4. Heti, kun se oli mahdollista, tuumin, ett\u00e4 nyt riitti t\u00e4t\u00e4 lajia\u201d, Marjukka Havum\u00e4ki nauraa.<\/p>\n<p>My\u00f6hemmin lomilla ja vapaa-aikoina m\u00f6kkeilyn sijaan h\u00e4n on matkustanut paljon sek\u00e4 puolison ett\u00e4 yst\u00e4vien kanssa.<\/p>\n<p>Sukupolvenvaihdos muutti kaiken<\/p>\n<p>Kun Marjukka luki viimeiset Yleisradion televisiouutisensa lokakuussa 2025, asiat muuttuivat.<\/p>\n<p>\u201dTaustalla varmastikin vaikutti oma ik\u00e4ni, mutta my\u00f6s m\u00f6kill\u00e4mme tapahtunut sukupolvenvaihdos. Kes\u00e4paikassa olo on tuntunut erilaiselta, kun omat vanhempani eiv\u00e4t olekaan siell\u00e4 h\u00e4\u00e4r\u00e4\u00e4m\u00e4ss\u00e4. Komento on vaihtunut, ja me nuorempi sukupolvi olemme nyt p\u00e4\u00e4tt\u00e4m\u00e4ss\u00e4 p\u00e4iv\u00e4rytmist\u00e4.\u201d<\/p>\n<p>Sukupolvenvaihdos osui oikeaan aikaan. Marjukan 93-vuotias \u00e4iti asuu Jyv\u00e4skyl\u00e4ss\u00e4 kerrostaloasunnossa ja kulkee kepin sek\u00e4 rollaattorin avulla. Is\u00e4 nukkui rauhallisesti pois kotona vuoden 2025 alussa.<\/p>\n<p>    <a href=\"https:\/\/seura.fi\/wp-content\/uploads\/2026\/04\/marjukka-havumaki_050_preview.jpg\" rel=\"nofollow noopener\" target=\"_blank\"><img loading=\"lazy\" decoding=\"async\" alt=\"\" class=\"wp-image-2150423 awpo-lqip awpo-lazy\" width=\"1401\" height=\"2100\" style=\"--aspect-ratio: 0.67\" src=\"https:\/\/www.europesays.com\/fi\/wp-content\/uploads\/2026\/05\/marjukka-havumaki_050_preview.jpg\"\/><\/a><br \/>\n      Marjukka Havum\u00e4ki ty\u00f6skenteli Ylen uutistoimituksessa 40 vuotta. Lapset Kalle ja Rosa ovat jo aikuisia ja el\u00e4v\u00e4t omillaan. Williamsin oireyhtym\u00e4\u00e4 sairastava Kalle tunnetaan my\u00f6s rap-artisti MC Koona.          <\/p>\n<p>Marjukka Havum\u00e4ki: \u201dHalusin laiturin ja kunnon huussin\u201d<\/p>\n<p>M\u00f6kin ottaminen omaan haltuun on saanut ideat virtaamaan. Marjukka tiesi, mit\u00e4 haluaa m\u00f6kill\u00e4 muutettavan ensimm\u00e4iseksi.<\/p>\n<p>\u201dSanoin heti, ett\u00e4 haluan ehdottomasti laiturin ja kunnon huusin, jossa saa k\u00e4det pesty\u00e4. En mit\u00e4\u00e4n pient\u00e4 linnunp\u00f6ntt\u00f6\u00e4, joka siell\u00e4 tuolloin oli.\u201d<\/p>\n<p>Sek\u00e4 laituri ett\u00e4 uusi huussi toteutettiin viime vuonna, vain v\u00e4h\u00e4n ennen Marjukan is\u00e4n kuolemaa.<\/p>\n<p>\u201dKysyin is\u00e4lt\u00e4, mit\u00e4 mielt\u00e4 h\u00e4n oli suunnitelmistamme. H\u00e4n n\u00e4ytti vihre\u00e4\u00e4 valoa ja halusi ehdottomasti maksaa kustannukset. L\u00e4helt\u00e4 Korpilahdelta saapui tekij\u00e4, joka kysyi, meinasinko per\u00e4ti laittaa s\u00e4ngyn uuteen huussiin, niin tilava siit\u00e4 tuli. Mutta nyt kaikki ovat tyytyv\u00e4isi\u00e4.\u201d<\/p>\n<p>Marjukalle sopii hyvin, ett\u00e4 m\u00f6kki ei ole varustettu luksusmukavuuksin. Kantovesi ja yksinkertainen m\u00f6kkiel\u00e4m\u00e4 kelpaavat hyvin.<\/p>\n<p><a href=\"https:\/\/seura.fi\/viihde\/julkkikset\/anna-lehti-uutistenlukija-marjukka-havumaki-iloitsee-lastensa-itsellisesta-elamasta\/\" rel=\"nofollow noopener\" target=\"_blank\">Lue my\u00f6s: Uutisankkuri Marjukka Havum\u00e4ki ja tyt\u00e4r Rosa kertovat Anna-lehdess\u00e4, miten v\u00e4vykokelas teki vaikutuksen: \u201d\u00c4idin lempisana on yleissivistys\u201d<\/a><\/p>\n<p>Kes\u00e4tapahtumien m\u00e4\u00e4r\u00e4 m\u00f6kkiseudulla yll\u00e4tti<\/p>\n<p>Tutustuminen Saarij\u00e4rveen uudestaan aikuisi\u00e4ss\u00e4 on ollut mielenkiintoista ja ihmeellist\u00e4kin.<\/p>\n<p>\u201dEn aikaisemmin ollut huomannut, miten valtavasti m\u00f6kkiseudullamme on kes\u00e4tapahtumia. On museoita, melontaa ja kirkkovenesoutua!\u201d<\/p>\n<p>Uutena m\u00f6kinomistajana Marjukka on tehnyt tuttavuutta my\u00f6s paikallisen puutarhayritt\u00e4j\u00e4n sek\u00e4 nuohoojan kanssa. Heit\u00e4 h\u00e4n kehuu super-tyypeiksi.<\/p>\n<p>Matkustaminen on edelleen mieluisaa Marjukalle ja puolisolle. Viime vuonna he olivat vaeltamassa La Gomerassa Espanjassa, t\u00e4m\u00e4n vuoden alkukev\u00e4\u00e4ll\u00e4 Pohjois-Teneriffalla.<\/p>\n<p>\u201dTeimme mieheni kanssa viiden\u2013kymmenen kilometrin p\u00e4iv\u00e4vaelluksia. V\u00e4lill\u00e4 olemme luonnon helmassa, v\u00e4lill\u00e4 rantatuolissa.\u201d<\/p>\n<p>    <a href=\"https:\/\/seura.fi\/wp-content\/uploads\/2026\/04\/anna_marjukka_havumaki_21a2768_edit_preview.jpg\" rel=\"nofollow noopener\" target=\"_blank\"><img loading=\"lazy\" decoding=\"async\" alt=\"\" class=\"wp-image-2150434 awpo-lqip awpo-lazy\" width=\"1400\" height=\"2100\" style=\"--aspect-ratio: 0.67\" src=\"https:\/\/www.europesays.com\/fi\/wp-content\/uploads\/2026\/05\/anna_marjukka_havumaki_21a2768_edit_preview.jpg\"\/><\/a><br \/>\n      Marraskuussa vietettiin Rosa-tytt\u00e4ren ja t\u00e4m\u00e4n puolison Valtterin h\u00e4it\u00e4. \u201dEl\u00e4kkeelle siirtyminen oli ihanaa vaahtokarkkia ja h\u00f6tt\u00f6\u00e4, kun sain heitt\u00e4yty\u00e4 mukaan h\u00e4iden viime silauksiin\u201d, Marjukka kertoi Seuralle huhtikuussa. Kaksikko kuvattuna 2023.          <\/p>\n<p>El\u00e4kkeelle j\u00e4\u00e4minen ei tuonut mukanaan kriisi\u00e4<\/p>\n<p>El\u00e4kkeell\u00e4 on aikaa matkustella my\u00f6s kotimaassa. Ensi vuonna Marjukan ja puolison suunnitelmissa on p\u00e4\u00e4st\u00e4 j\u00e4lleen vaeltamaan Lappiin Pallakselle, jonka he l\u00f6ysiv\u00e4t korona-aikana. <\/p>\n<p>Pohjoiseen ja sen luontoon hurahtaa helposti, Marjukka sanoo.<\/p>\n<p>El\u00e4k\u00f6ityminen ei ole tuonut mukanaan kriisi\u00e4. Ennen omaa h-hetke\u00e4 Marjukka oli ehtinyt jo katsella el\u00e4kel\u00e4isarkea puolisonsa my\u00f6t\u00e4.<\/p>\n<p>\u201dOlen saanut tehd\u00e4 haastavaa ja mielenkiintoista ty\u00f6t\u00e4. Mutta el\u00e4m\u00e4ss\u00e4 ovat kulkeneet mukana monenlaiset muutkin roolit.\u201d<\/p>\n<p>Nyt my\u00f6s m\u00f6kinomistaja on yksi niist\u00e4.<\/p>\n","protected":false},"excerpt":{"rendered":"Jos joku olisi viel\u00e4 kymmenen vuotta sitten kertonut Ylen uutisjuontajan ja -tuottajan teht\u00e4vist\u00e4 lokakuussa el\u00e4kkeell\u00e4 j\u00e4\u00e4neelle Marjukka Havum\u00e4elle,&hellip;\n","protected":false},"author":2,"featured_media":237691,"comment_status":"","ping_status":"","sticky":false,"template":"","format":"standard","meta":{"footnotes":"","_share_on_mastodon":"0"},"categories":[130],"tags":[11003,137,33,31,30,13817,7705,32,7266,33910,109],"class_list":["post-237690","post","type-post","status-publish","format-standard","has-post-thumbnail","category-viihde","tag-elakelaiset","tag-entertainment","tag-fi","tag-finland","tag-finnish","tag-marjukka-havumaki","tag-mokkeily","tag-suomi","tag-uutisankkuri","tag-uutistenlukijat","tag-viihde"],"share_on_mastodon":{"url":"https:\/\/pubeurope.com\/@fi\/116511887185560029","error":""},"_links":{"self":[{"href":"https:\/\/www.europesays.com\/fi\/wp-json\/wp\/v2\/posts\/237690","targetHints":{"allow":["GET"]}}],"collection":[{"href":"https:\/\/www.europesays.com\/fi\/wp-json\/wp\/v2\/posts"}],"about":[{"href":"https:\/\/www.europesays.com\/fi\/wp-json\/wp\/v2\/types\/post"}],"author":[{"embeddable":true,"href":"https:\/\/www.europesays.com\/fi\/wp-json\/wp\/v2\/users\/2"}],"replies":[{"embeddable":true,"href":"https:\/\/www.europesays.com\/fi\/wp-json\/wp\/v2\/comments?post=237690"}],"version-history":[{"count":0,"href":"https:\/\/www.europesays.com\/fi\/wp-json\/wp\/v2\/posts\/237690\/revisions"}],"wp:featuredmedia":[{"embeddable":true,"href":"https:\/\/www.europesays.com\/fi\/wp-json\/wp\/v2\/media\/237691"}],"wp:attachment":[{"href":"https:\/\/www.europesays.com\/fi\/wp-json\/wp\/v2\/media?parent=237690"}],"wp:term":[{"taxonomy":"category","embeddable":true,"href":"https:\/\/www.europesays.com\/fi\/wp-json\/wp\/v2\/categories?post=237690"},{"taxonomy":"post_tag","embeddable":true,"href":"https:\/\/www.europesays.com\/fi\/wp-json\/wp\/v2\/tags?post=237690"}],"curies":[{"name":"wp","href":"https:\/\/api.w.org\/{rel}","templated":true}]}}