{"id":23785,"date":"2025-09-02T20:46:13","date_gmt":"2025-09-02T20:46:13","guid":{"rendered":"https:\/\/www.europesays.com\/fi\/23785\/"},"modified":"2025-09-02T20:46:13","modified_gmt":"2025-09-02T20:46:13","slug":"suvi-terasniska-on-saanut-yhteydenottoja-yllattavilta-tahoilta","status":"publish","type":"post","link":"https:\/\/www.europesays.com\/fi\/23785\/","title":{"rendered":"Suvi Ter\u00e4sniska on saanut yhteydenottoja yll\u00e4tt\u00e4vilt\u00e4 tahoilta"},"content":{"rendered":"<p class=\"ingress\">Suosittu laulaja on huolissaan nuorista.<\/p>\n<p>Itsens\u00e4 hyv\u00e4ksymisest\u00e4 ja riitt\u00e4vyydest\u00e4 kertovan kappaleen julkaissut laulaja <strong>Suvi Ter\u00e4sniska<\/strong> on huomannut aiheen koskettavan monia el\u00e4m\u00e4ntilanteesta huolimatta. Somessa Suvia ovat alkaneet l\u00e4hesty\u00e4 my\u00f6s nuoret.<\/p>\n<p>\u201dJoidenkin nuorten kohdalla olen ottanut yhteytt\u00e4 heid\u00e4n vanhempiinsa ja kysynyt, ett\u00e4 olettehan tietoisia nuoresta ja h\u00e4nen tilanteestaan\u201d, Suvi kertoi El\u00e4m\u00e4ni biisin pressitilaisuudessa Finlandia-talon Bistrossa Helsingiss\u00e4.<\/p>\n<p><strong>Lue my\u00f6s:<\/strong> <a href=\"https:\/\/anna.fi\/ihmiset\/suvi-terasniskan-joulukiertue\" rel=\"nofollow noopener\" target=\"_blank\">Suvi Ter\u00e4sniskan mukaan \u201daplodit loppuvat kotiovelle\u201d \u2212 sen paljastaa keskimm\u00e4isen lapsen huoleton tokaisu<\/a><\/p>\n<p>H\u00e4n sanoo, ett\u00e4 h\u00e4nt\u00e4 nuoremmat artistit saavat varmasti viel\u00e4 paljon enemm\u00e4n viestej\u00e4.<\/p>\n<p>\u201dVoin vain kuvitella kuinka paljon viestej\u00e4 saavat ne artistit, jotka ovat vaikka yl\u00e4asteik\u00e4isten mielimusiikkia. Useinhan he ovat itsekin nuoria.\u201d<\/p>\n<p>    <a href=\"https:\/\/anna.fi\/wp-content\/uploads\/2025\/09\/dsc4060_preview.jpg\" rel=\"nofollow noopener\" target=\"_blank\"><img fetchpriority=\"high\" decoding=\"async\" alt=\"\" class=\"wp-image-672615 awpo-lqip awpo-lazy\" width=\"1430\" height=\"2100\" style=\"--aspect-ratio: 0.68\" src=\"https:\/\/www.europesays.com\/fi\/wp-content\/uploads\/2025\/09\/dsc4060_preview.jpg\"\/><\/a><br \/>\n      Suvi Ter\u00e4sniska on tehnyt musiikkia nuoresta l\u00e4htien.      <\/p>\n<p>          \u00a9 Tiia Ahjotuli        <\/p>\n<p>Kolmen pojan \u00e4itin\u00e4 Suvia mietitytt\u00e4\u00e4 nuorten tilanne.<\/p>\n<p><strong>Lue my\u00f6s Kotiliesi.fi:<\/strong> <a href=\"https:\/\/kotiliesi.fi\/ihmiset\/sari-puumalainen\/\" rel=\"nofollow noopener\" target=\"_blank\">N\u00e4yttelij\u00e4 Sari Puumalainen sai tiedon puolison sairauskohtauksesta kesken esityksen \u2013 \u201dOlin kylm\u00e4nrauhallinen\u201d<\/a><\/p>\n<p>\u201dJos viestej\u00e4 alkaa tulla jo minullekin, millainen pommi tuolla oikein on? Miten paljon on nuorta sakkia, joka voi tosi huonosti?\u201d<\/p>\n<p>Samaan aikaan Suvi miettii, ett\u00e4 h\u00e4nen on oltava alakouluik\u00e4isille pojilleen se kaikkein l\u00e4hin apu, tuki ja voima.<\/p>\n<p>\u201dOlenkin halunnut k\u00e4\u00e4nty\u00e4 minulle viestineiden nuorten vanhempien puoleen, jos tilanne on j\u00e4\u00e4nyt heilt\u00e4 piiloon. Sielt\u00e4 se tuen on l\u00e4hdett\u00e4v\u00e4. Tuntuu my\u00f6s tosi t\u00e4rke\u00e4lt\u00e4, ett\u00e4 erilaiset ihmiset kertovat, kuinka paljon musiikki auttaa. Tuntuu, ett\u00e4 sill\u00e4 mit\u00e4 tekee, on merkityst\u00e4.\u201d <img decoding=\"async\" src=\"blob:https:\/\/anna.fi\/ab87357a-2c5b-4c4e-b642-12cb174ba101\" class=\"awpo-lazy\"\/><\/p>\n<p>    Sinua voi kiinnostaa my\u00f6s:<\/p>\n<ol class=\"read-also__list\">\n<li>\n<p>            <img loading=\"lazy\" decoding=\"async\" class=\"card__image awpo-lqip awpo-lazy\" width=\"2000\" height=\"1440\" src=\"https:\/\/www.europesays.com\/fi\/wp-content\/uploads\/2025\/09\/viva_muska_21a7809_edit.jpg\"\/>                <a href=\"https:\/\/anna.fi\/kategoria\/ihmiset\" class=\"card__vignette\" rel=\"nofollow noopener\" target=\"_blank\"><br \/>\n            Ihmiset          <\/a><\/p>\n<p>      <a href=\"https:\/\/anna.fi\/ihmiset\/muska-babitzin-kirkan-kuolemasta\" class=\"card__link-overlay\" rel=\"nofollow noopener\" target=\"_blank\">Kirkan kuolema oli Muskan el\u00e4m\u00e4n pahin paikka: &#8221;Olin v\u00e4h\u00e4n aikaa hoidossa Lapinlahden sairaalassa&#8221;<\/a><\/p>\n<\/li>\n<li>\n<p>            <img loading=\"lazy\" decoding=\"async\" class=\"card__image awpo-lqip awpo-lazy\" width=\"2100\" height=\"1575\" src=\"https:\/\/www.europesays.com\/fi\/wp-content\/uploads\/2025\/09\/dscf3981_preview.jpg\"\/>                <a href=\"https:\/\/anna.fi\/kategoria\/ihmiset\" class=\"card__vignette\" rel=\"nofollow noopener\" target=\"_blank\"><br \/>\n            Ihmiset          <\/a><\/p>\n<p>      <a href=\"https:\/\/anna.fi\/ihmiset\/anna-sofia-tuominen\" class=\"card__link-overlay\" rel=\"nofollow noopener\" target=\"_blank\">N\u00e4yttelij\u00e4 Anna-Sofia Tuominen kertoo, mik\u00e4 on vaikeinta kahden n\u00e4yttelij\u00e4n parisuhteessa<\/a><\/p>\n<\/li>\n<li>\n<p>            <img loading=\"lazy\" decoding=\"async\" class=\"card__image awpo-lqip awpo-lazy\" width=\"1104\" height=\"690\" src=\"https:\/\/www.europesays.com\/fi\/wp-content\/uploads\/2025\/09\/sarietu.jpg\"\/>                <a href=\"https:\/\/anna.fi\/kategoria\/ihmiset\" class=\"card__vignette\" rel=\"nofollow noopener\" target=\"_blank\"><br \/>\n            Ihmiset          <\/a><\/p>\n<p>      <a href=\"https:\/\/anna.fi\/ihmiset\/sari-siikanderin-televisiosarja\" class=\"card__link-overlay\" rel=\"nofollow noopener\" target=\"_blank\">N\u00e4yttelij\u00e4 Sari Siikander on koukussa yhteen televisio-ohjelmaan: &#8221;Ihanaa katsella ja ihailla, kun muut tekev\u00e4t&#8221;<\/a><\/p>\n<\/li>\n<\/ol>\n","protected":false},"excerpt":{"rendered":"Suosittu laulaja on huolissaan nuorista. Itsens\u00e4 hyv\u00e4ksymisest\u00e4 ja riitt\u00e4vyydest\u00e4 kertovan kappaleen julkaissut laulaja Suvi Ter\u00e4sniska on huomannut aiheen&hellip;\n","protected":false},"author":2,"featured_media":23786,"comment_status":"","ping_status":"","sticky":false,"template":"","format":"standard","meta":{"footnotes":""},"categories":[136],"tags":[407,137,33,31,30,408,1346,592,2311,32,6921,109],"class_list":{"0":"post-23785","1":"post","2":"type-post","3":"status-publish","4":"format-standard","5":"has-post-thumbnail","7":"category-julkkikset","8":"tag-celebrities","9":"tag-entertainment","10":"tag-fi","11":"tag-finland","12":"tag-finnish","13":"tag-julkkikset","14":"tag-mielenterveys","15":"tag-mielenterveysongelmat","16":"tag-suomalaiset-laulajat","17":"tag-suomi","18":"tag-suvi-terasniska","19":"tag-viihde"},"share_on_mastodon":{"url":"","error":""},"_links":{"self":[{"href":"https:\/\/www.europesays.com\/fi\/wp-json\/wp\/v2\/posts\/23785","targetHints":{"allow":["GET"]}}],"collection":[{"href":"https:\/\/www.europesays.com\/fi\/wp-json\/wp\/v2\/posts"}],"about":[{"href":"https:\/\/www.europesays.com\/fi\/wp-json\/wp\/v2\/types\/post"}],"author":[{"embeddable":true,"href":"https:\/\/www.europesays.com\/fi\/wp-json\/wp\/v2\/users\/2"}],"replies":[{"embeddable":true,"href":"https:\/\/www.europesays.com\/fi\/wp-json\/wp\/v2\/comments?post=23785"}],"version-history":[{"count":0,"href":"https:\/\/www.europesays.com\/fi\/wp-json\/wp\/v2\/posts\/23785\/revisions"}],"wp:featuredmedia":[{"embeddable":true,"href":"https:\/\/www.europesays.com\/fi\/wp-json\/wp\/v2\/media\/23786"}],"wp:attachment":[{"href":"https:\/\/www.europesays.com\/fi\/wp-json\/wp\/v2\/media?parent=23785"}],"wp:term":[{"taxonomy":"category","embeddable":true,"href":"https:\/\/www.europesays.com\/fi\/wp-json\/wp\/v2\/categories?post=23785"},{"taxonomy":"post_tag","embeddable":true,"href":"https:\/\/www.europesays.com\/fi\/wp-json\/wp\/v2\/tags?post=23785"}],"curies":[{"name":"wp","href":"https:\/\/api.w.org\/{rel}","templated":true}]}}