{"id":23793,"date":"2025-09-02T20:54:09","date_gmt":"2025-09-02T20:54:09","guid":{"rendered":"https:\/\/www.europesays.com\/fi\/23793\/"},"modified":"2025-09-02T20:54:09","modified_gmt":"2025-09-02T20:54:09","slug":"anna-wintour-valitsi-seuraajansa-vogue-lehden-johtoon-uutisia-lyhyesti","status":"publish","type":"post","link":"https:\/\/www.europesays.com\/fi\/23793\/","title":{"rendered":"Anna Wintour valitsi seuraajansa Vogue-lehden johtoon | Uutisia lyhyesti"},"content":{"rendered":"<p class=\"sc-jYczwO sc-dNFkOE bUKqJd eiHPxO yle__article__paragraph\">Chloe Malle alkaa johtaa sek\u00e4 printtilehte\u00e4 ett\u00e4 verkko\u00adjulkaisua. Lehden entinen p\u00e4\u00e4toimittaja, 75-vuotias Anna Wintour jatkaa edelleen sis\u00e4lt\u00f6\u00adjohtajana.<\/p>\n<p><img decoding=\"async\" alt=\"Chloe Malle puhumassa.\" src=\"https:\/\/www.europesays.com\/fi\/wp-content\/uploads\/2025\/09\/39-151632868b70dd755b56.jpeg\" class=\"sc-dntSTA iywpZY\"\/><\/p>\n<p>Avaa kuvien katselu<\/p>\n<p>39-vuotias Malle on juontanut Voguessa muotiaiheista podcastia toimittajan ty\u00f6ns\u00e4 lis\u00e4ksi. Kuva: Darian DiCianno \/ AOP<\/p>\n<p class=\"sc-jYczwO sc-ciCoXh bUKqJd cIOueB yle__article__paragraph\"><strong class=\"sc-eEHciv gtNhAX yle__article__strong\">Chloe Malle<\/strong> on nimitetty yhdysvaltalaisen Vogue-muotilehden johtoteht\u00e4viin. Vogue kertoo nimityksest\u00e4 <a class=\"sc-jDJeIs gotUgl yle__article__link\" href=\"https:\/\/www.vogue.com\/article\/chloe-malle-announced-as-vogue-us-new-head-of-editorial-content?utm_brand=voguemagazine&amp;utm_campaign=aud_dev&amp;utm_content=instagram-bio-link&amp;utm_medium=social&amp;utm_social_type=owned&amp;utm_source=instagram&amp;utm_term=voguemagazine\" role=\"link\" rel=\"nofollow noopener\" target=\"_blank\">verkkosivuillaan<\/a>.<\/p>\n<p class=\"sc-jYczwO sc-ciCoXh bUKqJd cIOueB yle__article__paragraph\">Lehden mukaan Malle aloittaa v\u00e4litt\u00f6m\u00e4sti uudessa teht\u00e4v\u00e4ss\u00e4 toimituksellisen sis\u00e4ll\u00f6n johtajana. Malle aloitti ty\u00f6skentelyn Voguessa vuonna 2011.<\/p>\n<p class=\"sc-jYczwO sc-ciCoXh bUKqJd cIOueB yle__article__paragraph\">Vuonna 1988 p\u00e4\u00e4toimittajana Voguessa aloittanut <strong class=\"sc-eEHciv gtNhAX yle__article__strong\">Anna Wintour<\/strong> kertoi kes\u00e4kuussa <a class=\"sc-jDJeIs gotUgl yle__article__link\" href=\"https:\/\/yle.fi\/a\/74-20169804\" role=\"link\" rel=\"nofollow noopener\" target=\"_blank\">j\u00e4tt\u00e4v\u00e4ns\u00e4 teht\u00e4v\u00e4n<\/a>.<\/p>\n<p class=\"sc-jYczwO sc-ciCoXh bUKqJd cIOueB yle__article__paragraph\">Lausunnossaan Wintour kehuu Mallen tehneen Voguessa poikkeuksellista ty\u00f6t\u00e4. Wintour kuvailee, kuinka h\u00e4nell\u00e4 oli vain yksi mahdollisuus tehd\u00e4 oikea valinta printti- ja verkkojulkaisun johtajaksi.<\/p>\n<p class=\"sc-jYczwO sc-ciCoXh bUKqJd cIOueB yle__article__paragraph\">\u2013 H\u00e4nen kollegansa ihailevat h\u00e4nen h\u00e4mm\u00e4stytt\u00e4v\u00e4\u00e4 \u00e4lykkyytt\u00e4\u00e4n, mutta my\u00f6s h\u00e4nen l\u00e4mp\u00f6\u00e4\u00e4n. H\u00e4nen ty\u00f6p\u00f6yt\u00e4ns\u00e4 on ohjauksen ja tarttuvan ilon paikka, Wintour kuvailee Mallea.<\/p>\n<p class=\"sc-jYczwO sc-ciCoXh bUKqJd cIOueB yle__article__paragraph\">Malle raportoi ty\u00f6ss\u00e4 edelleen 75-vuotiaalle Wintourille, joka jatkaa <a class=\"sc-jDJeIs gotUgl yle__article__link\" href=\"https:\/\/www.condenast.com\/news\/Vogue-US-New-Head-of-Editorial-Content\" role=\"link\" rel=\"nofollow noopener\" target=\"_blank\">Cond\u00e9 Nast -yhti\u00f6n sis\u00e4lt\u00f6johtajana<\/a>.<\/p>\n","protected":false},"excerpt":{"rendered":"Chloe Malle alkaa johtaa sek\u00e4 printtilehte\u00e4 ett\u00e4 verkko\u00adjulkaisua. Lehden entinen p\u00e4\u00e4toimittaja, 75-vuotias Anna Wintour jatkaa edelleen sis\u00e4lt\u00f6\u00adjohtajana. Avaa&hellip;\n","protected":false},"author":2,"featured_media":23794,"comment_status":"","ping_status":"","sticky":false,"template":"","format":"standard","meta":{"footnotes":""},"categories":[130],"tags":[137,33,31,30,3128,106,7799,32,56,109],"class_list":{"0":"post-23793","1":"post","2":"type-post","3":"status-publish","4":"format-standard","5":"has-post-thumbnail","7":"category-viihde","8":"tag-entertainment","9":"tag-fi","10":"tag-finland","11":"tag-finnish","12":"tag-journalismi","13":"tag-muoti","14":"tag-sanoma-ja-aikakauslehdet","15":"tag-suomi","16":"tag-ulkomaat","17":"tag-viihde"},"share_on_mastodon":{"url":"","error":""},"_links":{"self":[{"href":"https:\/\/www.europesays.com\/fi\/wp-json\/wp\/v2\/posts\/23793","targetHints":{"allow":["GET"]}}],"collection":[{"href":"https:\/\/www.europesays.com\/fi\/wp-json\/wp\/v2\/posts"}],"about":[{"href":"https:\/\/www.europesays.com\/fi\/wp-json\/wp\/v2\/types\/post"}],"author":[{"embeddable":true,"href":"https:\/\/www.europesays.com\/fi\/wp-json\/wp\/v2\/users\/2"}],"replies":[{"embeddable":true,"href":"https:\/\/www.europesays.com\/fi\/wp-json\/wp\/v2\/comments?post=23793"}],"version-history":[{"count":0,"href":"https:\/\/www.europesays.com\/fi\/wp-json\/wp\/v2\/posts\/23793\/revisions"}],"wp:featuredmedia":[{"embeddable":true,"href":"https:\/\/www.europesays.com\/fi\/wp-json\/wp\/v2\/media\/23794"}],"wp:attachment":[{"href":"https:\/\/www.europesays.com\/fi\/wp-json\/wp\/v2\/media?parent=23793"}],"wp:term":[{"taxonomy":"category","embeddable":true,"href":"https:\/\/www.europesays.com\/fi\/wp-json\/wp\/v2\/categories?post=23793"},{"taxonomy":"post_tag","embeddable":true,"href":"https:\/\/www.europesays.com\/fi\/wp-json\/wp\/v2\/tags?post=23793"}],"curies":[{"name":"wp","href":"https:\/\/api.w.org\/{rel}","templated":true}]}}