{"id":238198,"date":"2026-05-04T08:22:10","date_gmt":"2026-05-04T08:22:10","guid":{"rendered":"https:\/\/www.europesays.com\/fi\/238198\/"},"modified":"2026-05-04T08:22:10","modified_gmt":"2026-05-04T08:22:10","slug":"kiti-kokkonen-yllatyspaljastus-paula-vesalasta","status":"publish","type":"post","link":"https:\/\/www.europesays.com\/fi\/238198\/","title":{"rendered":"Kiti Kokkonen: Yll\u00e4tyspaljastus Paula Vesalasta"},"content":{"rendered":"<p>            Atte Kajova\n        <\/p>\n<p class=\"subtitle \">Kiti ja Paula ovat kumpainenkin valovoimaisia esiintyji\u00e4. \u00c4kkiselt\u00e4\u00e4n heit\u00e4 ei kuitenkaan yhdist\u00e4isi toisiinsa.<\/p>\n<p class=\"article-content article-content-width !bg-background\">Teatterisukuun syntynyt , 51, on alallaan varsinainen moniosaaja. H\u00e4n on esitellyt improvisaatiokyky\u00e4\u00e4n Putouksessa, toiminut teatterin johtajana sek\u00e4 antanut \u00e4\u00e4nens\u00e4 lukuisille piirroshahmoille.\u00a0\u00a0<\/p>\n<p class=\"font-weight-bold m-font-weight-bold article-content article-content-width !bg-background\">Video: Kiti Kokkonen kertoo el\u00e4m\u00e4nmuutoksestaan:<\/p>\n<p class=\"article-content article-content-width !bg-background\">Toinen kotimaan viihdetaivaan multilahjakkuus on laulaja-lauluntekij\u00e4\u00a0. N\u00e4it\u00e4 kahta ei ehk\u00e4 \u00e4kkiselt\u00e4\u00e4n yhdist\u00e4isi mieless\u00e4\u00e4n. Nyt Kiti on kuitenkin avautunut Paulasta yll\u00e4tt\u00e4v\u00e4ll\u00e4 tavalla.\u00a0<\/p>\n<p>&#8221;Tekee mieli itke\u00e4&#8221;<\/p>\n<p class=\"article-content article-content-width !bg-background\"><a href=\"https:\/\/www.instagram.com\/p\/DX49nbBDAsp\/\" target=\"_blank\" rel=\"nofollow noopener\">Kiti paljastaa Instagramissa (3.5.) rakastavansa Paulan musiikkia<\/a>. N\u00e4yttelij\u00e4lt\u00e4 suitsutusta saavat niin PMMP-t\u00e4hden \u00e4\u00e4ni kuin tulkintakykykin.<\/p>\n<p>                <img decoding=\"async\" src=\"https:\/\/www.europesays.com\/fi\/wp-content\/uploads\/2026\/05\/2142384.webp.jpeg\" width=\"576\" height=\"720\" alt=\"Kiti n\u00e4hd\u00e4\u00e4n syksyll\u00e4 Huumorivekkulit vauhdissa -revyyss\u00e4.\" loading=\"lazy\" \/>            <\/p>\n<p>\n            Kiti n\u00e4hd\u00e4\u00e4n syksyll\u00e4 Huumorivekkulit vauhdissa -revyyss\u00e4.<br \/>\n            Atte Kajova\n        <\/p>\n<p class=\"article-content article-content-width !bg-background\">\u2013 Pid\u00e4n ihmeellisen\u00e4 sit\u00e4, ett\u00e4 kerta toisensa j\u00e4lkeen ilmestyy toinen toistaan upeampia teoksia. Ett\u00e4 kun on ehtinyt jo ajatella, ett\u00e4 t\u00e4m\u00e4 on maailman kaunein biisi ni sitten tulee taas uusi, joka on sittenkin viel\u00e4 enemm\u00e4n maailman kaunein, Kiti hehkuttaa julkaisussaan.\u00a0<\/p>\n<p>        <a itemprop=\"url\" href=\"https:\/\/www.seiska.fi\/kotimaa\/kiti-kokkonen-emamoka\/2110428\" rel=\"nofollow noopener\" target=\"_blank\"><\/p>\n<p>\nKiti Kokkonen\n<\/p>\n<p class=\"section-date\">\n        <strong class=\"article-section\" data-section=\"kotimaa\"><br \/>\n            kotimaa<br \/>\n        <\/strong><br \/>\n        24.3. 14:25\n    <\/p>\n<p>Kiti Kokkonen: Em\u00e4moka!\n    <\/p>\n<p itemprop=\"description\" class=\"subtitle \">\n    Kiti Kokkosen unohtelulla oli ik\u00e4v\u00e4 seuraus.\n<\/p>\n<p>        <\/a><\/p>\n<p class=\"article-content article-content-width !bg-background\">Paula julkaisi hiljattain uutta musiikkia. Surumielinen balladi Sellaista kuin s\u00e4 on mit\u00e4 ilmeisimmin tehnyt Kitiin valtavan vaikutuksen.\u00a0<\/p>\n<p class=\"article-content article-content-width !bg-background\">\u2013\u00a0T\u00e4m\u00e4 uusi kappale on jotakin niin kaunista ja syd\u00e4men l\u00e4vist\u00e4v\u00e4\u00e4, ett\u00e4 tekee mieli itke\u00e4 haikeudesta, Tanhupallonakin aikoinaan hauskuuttanut Kiti kuvailee uutuusbiisin aiheuttamaa tunnemyrsky\u00e4.\u00a0<\/p>\n<p>Taitava k\u00e4sist\u00e4\u00e4n<\/p>\n<p class=\"article-content article-content-width !bg-background\">Someseuraajat ovat yhtyneet Kitin mielipiteeseen. Useampi kommentoija kertoo nauttivansa Paulan musiikista suuresti.\u00a0<\/p>\n<p>        <a itemprop=\"url\" href=\"https:\/\/www.seiska.fi\/kotimaa\/kiti-kokkonen-uusi-elamanvaihe\/2104323\" rel=\"nofollow noopener\" target=\"_blank\"><\/p>\n<p>\nKiti Kokkonen\n<\/p>\n<p class=\"section-date\">\n        <strong class=\"article-section\" data-section=\"kotimaa\"><br \/>\n            kotimaa<br \/>\n        <\/strong><br \/>\n        18.3. 10:02\n    <\/p>\n<p>Kiti Kokkonen: Uusi el\u00e4m\u00e4nvaihe\n    <\/p>\n<p itemprop=\"description\" class=\"subtitle \">\n    Kiti Kokkosen arki t\u00e4yttyy perheenj\u00e4senten uusista tuulista ja karvaisista kavereista.\n<\/p>\n<p>        <\/a><\/p>\n<p class=\"article-content article-content-width !bg-background\">Paulan musisoinnin ohella kehuja on ker\u00e4nnyt toinenkin seikka. Kiti julkaisi hehkutuksensa yhteyteen kuvan ilmeisesti itse nikkaroimastaan, syd\u00e4menmuotoisesta p\u00f6yd\u00e4st\u00e4.\u00a0<\/p>\n<p class=\"article-content article-content-width !bg-background\">\u2013 V\u00e4h\u00e4n vino, mutta pystyss\u00e4 kuitenkin, Kiti toteaa kierr\u00e4tysmateriaaleista rakennetusta tuotoksesta.\u00a0<\/p>\n<p class=\"article-content article-content-width !bg-background\">Jos upotus ei n\u00e4y, <a href=\"https:\/\/www.instagram.com\/p\/DX49nbBDAsp\/\" target=\"_blank\" rel=\"nofollow noopener\">voit katsoa julkaisun t\u00e4\u00e4lt\u00e4<\/a>.\u00a0<\/p>\n<p><script async src=\"\/\/www.instagram.com\/embed.js\"><\/script><\/p>\n","protected":false},"excerpt":{"rendered":"Atte Kajova Kiti ja Paula ovat kumpainenkin valovoimaisia esiintyji\u00e4. \u00c4kkiselt\u00e4\u00e4n heit\u00e4 ei kuitenkaan yhdist\u00e4isi toisiinsa. Teatterisukuun syntynyt ,&hellip;\n","protected":false},"author":2,"featured_media":238199,"comment_status":"","ping_status":"","sticky":false,"template":"","format":"standard","meta":{"footnotes":"","_share_on_mastodon":"0"},"categories":[136],"tags":[9179,407,137,33,31,30,408,2850,47,1342,4793,32,3336,109],"class_list":["post-238198","post","type-post","status-publish","format-standard","has-post-thumbnail","category-julkkikset","tag-avautuminen","tag-celebrities","tag-entertainment","tag-fi","tag-finland","tag-finnish","tag-julkkikset","tag-kiti-kokkonen","tag-musiikki","tag-nayttelija","tag-paula-vesala","tag-suomi","tag-teatteri","tag-viihde"],"share_on_mastodon":{"url":"https:\/\/pubeurope.com\/@fi\/116515343463626572","error":""},"_links":{"self":[{"href":"https:\/\/www.europesays.com\/fi\/wp-json\/wp\/v2\/posts\/238198","targetHints":{"allow":["GET"]}}],"collection":[{"href":"https:\/\/www.europesays.com\/fi\/wp-json\/wp\/v2\/posts"}],"about":[{"href":"https:\/\/www.europesays.com\/fi\/wp-json\/wp\/v2\/types\/post"}],"author":[{"embeddable":true,"href":"https:\/\/www.europesays.com\/fi\/wp-json\/wp\/v2\/users\/2"}],"replies":[{"embeddable":true,"href":"https:\/\/www.europesays.com\/fi\/wp-json\/wp\/v2\/comments?post=238198"}],"version-history":[{"count":0,"href":"https:\/\/www.europesays.com\/fi\/wp-json\/wp\/v2\/posts\/238198\/revisions"}],"wp:featuredmedia":[{"embeddable":true,"href":"https:\/\/www.europesays.com\/fi\/wp-json\/wp\/v2\/media\/238199"}],"wp:attachment":[{"href":"https:\/\/www.europesays.com\/fi\/wp-json\/wp\/v2\/media?parent=238198"}],"wp:term":[{"taxonomy":"category","embeddable":true,"href":"https:\/\/www.europesays.com\/fi\/wp-json\/wp\/v2\/categories?post=238198"},{"taxonomy":"post_tag","embeddable":true,"href":"https:\/\/www.europesays.com\/fi\/wp-json\/wp\/v2\/tags?post=238198"}],"curies":[{"name":"wp","href":"https:\/\/api.w.org\/{rel}","templated":true}]}}