{"id":23851,"date":"2025-09-02T22:12:09","date_gmt":"2025-09-02T22:12:09","guid":{"rendered":"https:\/\/www.europesays.com\/fi\/23851\/"},"modified":"2025-09-02T22:12:09","modified_gmt":"2025-09-02T22:12:09","slug":"prinssi-williamin-ja-prinsessa-catherinen-erolla-yllattava-seuraus-lahipiirilta-paljastus","status":"publish","type":"post","link":"https:\/\/www.europesays.com\/fi\/23851\/","title":{"rendered":"Prinssi Williamin ja prinsessa Catherinen erolla yll\u00e4tt\u00e4v\u00e4 seuraus \u2013 l\u00e4hipiirilt\u00e4 paljastus"},"content":{"rendered":"<p>            KERIM OKTEN \/ AOP\n        <\/p>\n<p class=\"subtitle \">Vuoden 2007 tapahtumat toivat prinssiparille uutta puhtia.<\/p>\n<p class=\"article-content article-content-width !bg-background\">Prinssi\u00a0ja prinsessa\u00a0ovat olleet onnellisesti naimisissa vuodesta 2011. T\u00e4t\u00e4 ennen heid\u00e4t kuitenkin kohtasi yll\u00e4tt\u00e4v\u00e4 draama, kun he erosivat kertaalleen vuonna 2007.<\/p>\n<p class=\"font-weight-bold m-font-weight-bold article-content article-content-width !bg-background\">Arkistovideo: Hattumuoti on Briteiss\u00e4 n\u00e4ytt\u00e4v\u00e4\u00e4<\/p>\n<p class=\"article-content article-content-width !bg-background\">Uran hovimestarina tehnyt\u00a0on n\u00e4ki Williamin el\u00e4m\u00e4\u00e4 vuosina 2004\u20132011, eli h\u00e4n sai seurata my\u00f6s julkisuuteen p\u00e4\u00e4tynytt\u00e4 eroa. Harrold oli tuolloisen prinssi\u00a0hovimestari.<\/p>\n<p class=\"article-content article-content-width !bg-background\">Erosta ehti kulua jopa muutama kuukausi ennen kuin Kate ja William palasivat j\u00e4lleen yhteen.<\/p>\n<p>        <a itemprop=\"url\" href=\"https:\/\/www.seiska.fi\/kuninkaalliset\/prinsessa-catherine-kertoi-eronneensa-prinssi-williamista-pakeni-irlantiin\/1644937\" rel=\"nofollow noopener\" target=\"_blank\"><\/p>\n<p>\n&#8221;En ollut tyytyv\u00e4inen&#8221;\n<\/p>\n<p class=\"section-date\">\n        <strong class=\"article-section\" data-section=\"kuninkaalliset\"><br \/>\n            kuninkaalliset<br \/>\n        <\/strong><br \/>\n        16.3. 15:30\n    <\/p>\n<p>    Prinsessa Catherine kertoi eronneensa prinssi Williamista &#8211; pakeni Irlantiin<\/p>\n<p itemprop=\"description\" class=\"subtitle \">\n    Prinssiparin kerrotaan suhtautuneen eroonsa hyvin erilaisilla tavoilla.\n<\/p>\n<p>        <\/a><\/p>\n<p>Uudelleenrakastuneet<\/p>\n<p class=\"article-content article-content-width !bg-background\">Hovimestarin mukaan uusi alku toi mukanaan my\u00f6s t\u00e4ysin erilaisen suhteen. Yhteenpaluu teki hovin ty\u00f6ntekij\u00f6illekin selv\u00e4ksi, ett\u00e4 Catherine ja William olivat luodut toisilleen ja suuntaamassa kohti avioliittoa.<\/p>\n<p class=\"article-content article-content-width !bg-background\">Grantille parin uudelleen l\u00f6ytynyt yhteys selkeni aterialla, jonka h\u00e4n tarjoili nuorelleparille Williamin kodissa.<\/p>\n<p class=\"article-content article-content-width !bg-background\">Yst\u00e4v\u00e4np\u00e4iv\u00e4n\u00e4 vuonna 2008 Grant sai palvella nuorta prinssi\u00e4 ja tulevaa prinsessaa Highgrovessa, kuningas Charlesin residenssiss\u00e4.<\/p>\n<p class=\"article-content article-content-width !bg-background\">\u2013 Siin\u00e4 olivat vain he kaksi. Se oli todella mukavaa, aika erityist\u00e4, Grant kertoo <a href=\"https:\/\/people.com\/kate-middleton-prince-william-romantic-dinner-after-2007-split-says-former-royal-butler-11801326\" target=\"_blank\" rel=\"nofollow noopener\">People<\/a>-lehdelle.<\/p>\n<p>        <a itemprop=\"url\" href=\"https:\/\/www.seiska.fi\/kuninkaalliset\/prinssi-william-ja-prinsessa-catherine-perheenlisaysta\/1713514\" rel=\"nofollow noopener\" target=\"_blank\"><\/p>\n<p>\n&#8221;Pienten jalkojen kipityst\u00e4&#8221;\n<\/p>\n<p class=\"section-date\">\n        <strong class=\"article-section\" data-section=\"kuninkaalliset\"><br \/>\n            kuninkaalliset<br \/>\n        <\/strong><br \/>\n        25.5. 14:30\n    <\/p>\n<p>    Prinssi William ja prinsessa Catherine: Perheenlis\u00e4yst\u00e4!<\/p>\n<p itemprop=\"description\" class=\"subtitle \">\n    Mediatietojen mukaan Williamin ja Catherinen lapset ovat tilanteesta innoissaan.\n<\/p>\n<p>        <\/a><\/p>\n<p>                <img decoding=\"async\" src=\"https:\/\/www.europesays.com\/fi\/wp-content\/uploads\/2025\/09\/1918504.webp\" width=\"576\" height=\"706\" alt=\"Catherinen ja Williamin suhde kesti vuosia ennen kihlausta ja h\u00e4it\u00e4.\" loading=\"lazy\" \/>            <\/p>\n<p>\n            Catherinen ja Williamin suhde kesti vuosia ennen kihlausta ja h\u00e4it\u00e4.<br \/>\n            BEN STANSTALL \/ AOP\n        <\/p>\n<p>Kuin kuningatar ja prinssi<\/p>\n<p class=\"article-content article-content-width !bg-background\">Muutos n\u00e4kyi esimerkiksi Williamin ja Catherinen l\u00e4heisyydess\u00e4. Grantin mukaan he eiv\u00e4t aiemmin juurikaan pit\u00e4neet toisiaan k\u00e4dest\u00e4, vaan suhde n\u00e4ytti jopa yst\u00e4vyydelt\u00e4.<\/p>\n<p class=\"article-content article-content-width !bg-background\">\u2013 Sen j\u00e4lkeen, kun he palasivat taas yhteen, kaikki muuttui, ja he olivat todellakin pari. Jokin muuttui, ja heist\u00e4 tiesi, ett\u00e4 he olivat yhdess\u00e4, ja sitten pitikin vain odotella, h\u00e4n kertoo.<\/p>\n<p class=\"article-content article-content-width !bg-background\">Grantille tuli nopeasti selv\u00e4ksi, ett\u00e4 pari p\u00e4\u00e4tyisi naimisiin, ja niin my\u00f6s k\u00e4vi. H\u00e4it\u00e4 juhlittiin 29. huhtikuuta 2011.<\/p>\n<p class=\"article-content article-content-width !bg-background\">Hovimestarille Williamin ja Catherinen suhde n\u00e4ytt\u00e4ytyi alkuun samanlaisena kuin edesmenneen kuningatar\u00a0ja prinssi.<\/p>\n<p class=\"article-content article-content-width !bg-background\">\u2013 Heid\u00e4n suhteensa oli samanlainen. He olivat parhaat yst\u00e4v\u00e4t, jotka toimivat yhdess\u00e4 tiimin\u00e4, Grant kuvailee.<\/p>\n<p>        <a itemprop=\"url\" href=\"https:\/\/www.seiska.fi\/kuninkaalliset\/prinsessa-catherine-jattiuutinen\/1698338\" rel=\"nofollow noopener\" target=\"_blank\"><\/p>\n<p>\nPrinsessa Catherine\n<\/p>\n<p class=\"section-date\">\n        <strong class=\"article-section\" data-section=\"kuninkaalliset\"><br \/>\n            kuninkaalliset<br \/>\n        <\/strong><br \/>\n        12.5. 09:22\n    <\/p>\n<p>    Prinsessa Catherine: J\u00e4ttiuutinen!<\/p>\n<p itemprop=\"description\" class=\"subtitle \">\n    Walesin prinsessa Catherinen viime vuosi oli raskas.\n<\/p>\n<p>        <\/a><\/p>\n","protected":false},"excerpt":{"rendered":"KERIM OKTEN \/ AOP Vuoden 2007 tapahtumat toivat prinssiparille uutta puhtia. Prinssi\u00a0ja prinsessa\u00a0ovat olleet onnellisesti naimisissa vuodesta 2011.&hellip;\n","protected":false},"author":2,"featured_media":23852,"comment_status":"","ping_status":"","sticky":false,"template":"","format":"standard","meta":{"footnotes":""},"categories":[130],"tags":[1075,1418,137,1664,33,31,30,5412,212,1496,4200,1724,32,109],"class_list":{"0":"post-23851","1":"post","2":"type-post","3":"status-publish","4":"format-standard","5":"has-post-thumbnail","7":"category-viihde","8":"tag-avioliitto","9":"tag-britannian-kuninkaallinen-perhe","10":"tag-entertainment","11":"tag-ero","12":"tag-fi","13":"tag-finland","14":"tag-finnish","15":"tag-kihlat","16":"tag-lifestyle","17":"tag-parisuhde","18":"tag-prinsessa-catherine","19":"tag-prinssi-william","20":"tag-suomi","21":"tag-viihde"},"share_on_mastodon":{"url":"","error":""},"_links":{"self":[{"href":"https:\/\/www.europesays.com\/fi\/wp-json\/wp\/v2\/posts\/23851","targetHints":{"allow":["GET"]}}],"collection":[{"href":"https:\/\/www.europesays.com\/fi\/wp-json\/wp\/v2\/posts"}],"about":[{"href":"https:\/\/www.europesays.com\/fi\/wp-json\/wp\/v2\/types\/post"}],"author":[{"embeddable":true,"href":"https:\/\/www.europesays.com\/fi\/wp-json\/wp\/v2\/users\/2"}],"replies":[{"embeddable":true,"href":"https:\/\/www.europesays.com\/fi\/wp-json\/wp\/v2\/comments?post=23851"}],"version-history":[{"count":0,"href":"https:\/\/www.europesays.com\/fi\/wp-json\/wp\/v2\/posts\/23851\/revisions"}],"wp:featuredmedia":[{"embeddable":true,"href":"https:\/\/www.europesays.com\/fi\/wp-json\/wp\/v2\/media\/23852"}],"wp:attachment":[{"href":"https:\/\/www.europesays.com\/fi\/wp-json\/wp\/v2\/media?parent=23851"}],"wp:term":[{"taxonomy":"category","embeddable":true,"href":"https:\/\/www.europesays.com\/fi\/wp-json\/wp\/v2\/categories?post=23851"},{"taxonomy":"post_tag","embeddable":true,"href":"https:\/\/www.europesays.com\/fi\/wp-json\/wp\/v2\/tags?post=23851"}],"curies":[{"name":"wp","href":"https:\/\/api.w.org\/{rel}","templated":true}]}}