{"id":23860,"date":"2025-09-02T22:34:09","date_gmt":"2025-09-02T22:34:09","guid":{"rendered":"https:\/\/www.europesays.com\/fi\/23860\/"},"modified":"2025-09-02T22:34:09","modified_gmt":"2025-09-02T22:34:09","slug":"mita-musiikkiuran-rakentaminen-nykypaivana-todella-tarkoittaa-tuore-kebu-dokumentti-nyt-striimattavissa","status":"publish","type":"post","link":"https:\/\/www.europesays.com\/fi\/23860\/","title":{"rendered":"Mit\u00e4 musiikkiuran rakentaminen nykyp\u00e4iv\u00e4n\u00e4 todella tarkoittaa? Tuore Kebu-dokumentti nyt striimattavissa"},"content":{"rendered":"<p>Yle Areenaan on lis\u00e4tty mediatuottaja Sara L\u00e5ngvikin ohjaama ja tuottama tuore dokumenttielokuva Kebu \u2013 Space for Synth eli Kebu \u2013 kaikilla taajuuksilla. Elokuva on ainutlaatuinen kurkistus espoolaisen syntetisaattorimuusikko Sebastian \u201dKebu\u201d Tierin arkeen ja ty\u00f6h\u00f6n. Katsoja p\u00e4\u00e4see my\u00f6s mukaan Kebun vuoden 2024 Euroopan-kiertueelle eli luvassa on paljon niin livetaltiointeja kuin rehellisi\u00e4 hetki\u00e4 kulissien takana.<\/p>\n<p>\u201dKebu on tunnettu melodisesta syntikkamusiikistaan ja energisist\u00e4 live-esiintymisist\u00e4\u00e4n. H\u00e4n on rakentanut kansainv\u00e4lisen kuulijakunnan ja saanut arvostettuja <a href=\"https:\/\/www.soundi.fi\/uutiset\/suomalaismuusikko-palkittiin-vuoden-parhaana-elektroartistina-taakse-jaivat-jean-michel-jarren-ja-tangerine-dreamin-kaltaiset-suuruudet\/\" target=\"_blank\" rel=\"noreferrer noopener nofollow\">palkintoja <\/a>ulkomailta. Valokeilan takana artistin el\u00e4m\u00e4 on kuitenkin kaikkea muuta kuin juhlaa: se tarkoittaa konserttien varaamista, logistiikan j\u00e4rjest\u00e4mist\u00e4, teknisten yksityiskohtien hallintaa sek\u00e4 jatkuvaa kamppailua erilaisten k\u00e4yt\u00e4nn\u00f6n haasteiden kanssa\u201d, kuvaillaan tiedotteessa.<\/p>\n<p>Syyskuun 1. p\u00e4iv\u00e4 tv-ensiesityksens\u00e4 Yle Teemalla saaneen dokumentin voi katsoa suoratoistona <a href=\"https:\/\/areena.yle.fi\/1-74148397\" target=\"_blank\" rel=\"noreferrer noopener nofollow\">t\u00e4\u00e4ll\u00e4<\/a>.<\/p>\n","protected":false},"excerpt":{"rendered":"Yle Areenaan on lis\u00e4tty mediatuottaja Sara L\u00e5ngvikin ohjaama ja tuottama tuore dokumenttielokuva Kebu \u2013 Space for Synth eli&hellip;\n","protected":false},"author":2,"featured_media":23861,"comment_status":"","ping_status":"","sticky":false,"template":"","format":"standard","meta":{"footnotes":""},"categories":[132],"tags":[623,137,33,31,30,195,47,32,109],"class_list":{"0":"post-23860","1":"post","2":"type-post","3":"status-publish","4":"format-standard","5":"has-post-thumbnail","7":"category-musiikki","8":"tag-elokuva","9":"tag-entertainment","10":"tag-fi","11":"tag-finland","12":"tag-finnish","13":"tag-music","14":"tag-musiikki","15":"tag-suomi","16":"tag-viihde"},"share_on_mastodon":{"url":"","error":""},"_links":{"self":[{"href":"https:\/\/www.europesays.com\/fi\/wp-json\/wp\/v2\/posts\/23860","targetHints":{"allow":["GET"]}}],"collection":[{"href":"https:\/\/www.europesays.com\/fi\/wp-json\/wp\/v2\/posts"}],"about":[{"href":"https:\/\/www.europesays.com\/fi\/wp-json\/wp\/v2\/types\/post"}],"author":[{"embeddable":true,"href":"https:\/\/www.europesays.com\/fi\/wp-json\/wp\/v2\/users\/2"}],"replies":[{"embeddable":true,"href":"https:\/\/www.europesays.com\/fi\/wp-json\/wp\/v2\/comments?post=23860"}],"version-history":[{"count":0,"href":"https:\/\/www.europesays.com\/fi\/wp-json\/wp\/v2\/posts\/23860\/revisions"}],"wp:featuredmedia":[{"embeddable":true,"href":"https:\/\/www.europesays.com\/fi\/wp-json\/wp\/v2\/media\/23861"}],"wp:attachment":[{"href":"https:\/\/www.europesays.com\/fi\/wp-json\/wp\/v2\/media?parent=23860"}],"wp:term":[{"taxonomy":"category","embeddable":true,"href":"https:\/\/www.europesays.com\/fi\/wp-json\/wp\/v2\/categories?post=23860"},{"taxonomy":"post_tag","embeddable":true,"href":"https:\/\/www.europesays.com\/fi\/wp-json\/wp\/v2\/tags?post=23860"}],"curies":[{"name":"wp","href":"https:\/\/api.w.org\/{rel}","templated":true}]}}