{"id":238600,"date":"2026-05-04T17:41:14","date_gmt":"2026-05-04T17:41:14","guid":{"rendered":"https:\/\/www.europesays.com\/fi\/238600\/"},"modified":"2026-05-04T17:41:14","modified_gmt":"2026-05-04T17:41:14","slug":"ouluun-vaaratiedote-toppilassa-tulipalo-kierratyskeskuksessa-pohjois-pohjanmaa","status":"publish","type":"post","link":"https:\/\/www.europesays.com\/fi\/238600\/","title":{"rendered":"Ouluun vaaratiedote: Toppilassa tulipalo kierr\u00e4tyskeskuksessa | Pohjois-Pohjanmaa"},"content":{"rendered":"<p class=\"aw-1gybjub aw-5vja16 kEtdKx kmuxyA yle__article__paragraph\">Tulipalosta levi\u00e4\u00e4 terveydelle vaarallista savua. Toppilan ja Tuiran asuinalueille Oulussa on annettu vaaratiedote. Ihmisten tulee pysy\u00e4 sis\u00e4tiloissa.<\/p>\n<p>P\u00e4ivyst\u00e4v\u00e4 palomestari Sami Hiltunen kertoo tulipalosta palopaikalla. Video: Jenny Halvari \/ Yle<\/p>\n<p>18:47\u2022P\u00e4ivitetty 20:25<\/p>\n<p class=\"aw-1gybjub aw-1p7kakr kEtdKx cEmitX yle__article__paragraph\">Oulun Toppilassa j\u00e4tekierr\u00e4tyskeskuksen pihalla Messipojantiell\u00e4 palaa kolme konttia.<\/p>\n<p class=\"aw-1gybjub aw-1p7kakr kEtdKx cEmitX yle__article__paragraph\">Tulipalon vuoksi Toppilan ja Tuiran asuinalueilla Oulussa on annettu vaaratiedote terveydelle vaarallisen savun vuoksi.<br \/>Ihmisi\u00e4 kehoitetaan pysym\u00e4\u00e4n sis\u00e4tiloissa.<\/p>\n<p class=\"aw-1gybjub aw-1p7kakr kEtdKx cEmitX yle__article__paragraph\">\u2013 Ikkunat, ovet ja ilmastointi tulee laittaa kiinni ja siirty\u00e4 sis\u00e4tiloihin, kertoo p\u00e4ivyst\u00e4v\u00e4 palomestari <strong class=\"aw-ak79eh KyCXm yle__article__strong\">Sami Hiltunen<\/strong>.<\/p>\n<p class=\"aw-1gybjub aw-1p7kakr kEtdKx cEmitX yle__article__paragraph\">Ulkona liikkumista Toppilassa ja Tuirassa kehoitetaan v\u00e4ltt\u00e4m\u00e4\u00e4n ennen kuin vaaratilanteen p\u00e4\u00e4ttymisest\u00e4 on tiedotettu.<\/p>\n<p><img decoding=\"async\" alt=\"Kartta, josta n\u00e4kyy Oulun Toppilassa olevan kierr\u00e4tyskeskuksen sijainti.\" src=\"https:\/\/www.europesays.com\/fi\/wp-content\/uploads\/2026\/05\/1777913470.jpeg\" loading=\"lazy\" class=\"aw-1l9m598 hKVVvP\"\/><\/p>\n<p>Avaa kuvien katselu<\/p>\n<p>Tulipalo sattui Toppilan kaupunginosassa Oulun keskustan pohjoispuolella.  Kuva: Hanna Juopperi \/ Yle, MapCreator, OpenStreetMap<\/p>\n<p class=\"aw-1gybjub aw-1p7kakr kEtdKx cEmitX yle__article__paragraph\">Pelastuslaitos sammuttaa parhaillaan tulipaloa Messipojantiell\u00e4 Oulun Toppilassa.<\/p>\n<p class=\"aw-1gybjub aw-1p7kakr kEtdKx cEmitX yle__article__paragraph\">Ylen paikalla olevan toimittajan mukaan palavasta kontista tupruttaa tummaa savua.<\/p>\n<p class=\"aw-1gybjub aw-1p7kakr kEtdKx cEmitX yle__article__paragraph\">P\u00e4ivyst\u00e4v\u00e4n palomestarin mukaan tulipaloa on vaikea sammuttaa, ja siksi sammutuksessa tulee kest\u00e4m\u00e4\u00e4n tovi. Paikalle tulossa kaivinkone ja lis\u00e4\u00e4 sammutuskalustoa.<\/p>\n<p class=\"aw-1gybjub aw-1p7kakr kEtdKx cEmitX yle__article__paragraph\">Palomestari arvelee konteissa palavan aineksen olevan elektroniikkaj\u00e4tett\u00e4.<\/p>\n<p class=\"aw-1gybjub aw-1p7kakr kEtdKx cEmitX yle__article__paragraph\">Tulipalon syyst\u00e4 ei ole viel\u00e4 varmaa tietoa. Mahdollisesti syyn\u00e4 saattaa palomestarin mukaan olla elektroniikkaj\u00e4tteist\u00e4 l\u00e4htenyt oikosulku.<\/p>\n<p><img decoding=\"async\" alt=\"Tulipalosta levi\u00e4\u00e4 savua taivaalle Oulussa. \" src=\"https:\/\/www.europesays.com\/fi\/wp-content\/uploads\/2026\/05\/1777912227.jpeg\" loading=\"lazy\" class=\"aw-1l9m598 hKVVvP\"\/><\/p>\n<p>Avaa kuvien katselu<\/p>\n<p>Savua n\u00e4ky\u00e4 Oulun kaupungin yll\u00e4 maanantai-iltana.  Kuva: Heikki L\u00e4nkinen <\/p>\n<p class=\"aw-1gybjub aw-1p7kakr kEtdKx cEmitX yle__article__paragraph\">Ylen tietojen mukaan tulipalosta on levinnyt savua tuulen mukana laajasti kaupungin ylle. Savu n\u00e4kyy ja haisee keskustan etel\u00e4puolelle asti.<\/p>\n<p class=\"aw-1gybjub aw-1p7kakr kEtdKx cEmitX yle__article__paragraph\">Pelastuslaitos h\u00e4lytettiin sammuttamaan tulipaloa maanantaina alkuillasta hieman ennen puoli seitsem\u00e4\u00e4 Oulun Toppilassa.<\/p>\n<p><img decoding=\"async\" alt=\"Ihmisi\u00e4 polun reunalla katsomassa tulipaloa.\" src=\"https:\/\/www.europesays.com\/fi\/wp-content\/uploads\/2026\/05\/1777910644.jpeg\" loading=\"lazy\" class=\"aw-1l9m598 hKVVvP\"\/><\/p>\n<p>Avaa kuvien katselu<\/p>\n<p>Sammutust\u00f6it\u00e4 seuraamaan ker\u00e4\u00e4ntyi ihmisi\u00e4 Oulun Toppilassa.  Kuva: Jenny Halvari \/ Yle<\/p>\n<p class=\"aw-1gybjub aw-1p7kakr kEtdKx cEmitX yle__article__paragraph\">P\u00e4ivit\u00e4mme uutista.<\/p>\n","protected":false},"excerpt":{"rendered":"Tulipalosta levi\u00e4\u00e4 terveydelle vaarallista savua. Toppilan ja Tuiran asuinalueille Oulussa on annettu vaaratiedote. Ihmisten tulee pysy\u00e4 sis\u00e4tiloissa. P\u00e4ivyst\u00e4v\u00e4&hellip;\n","protected":false},"author":2,"featured_media":238601,"comment_status":"","ping_status":"","sticky":false,"template":"","format":"standard","meta":{"footnotes":"","_share_on_mastodon":"0"},"categories":[12],"tags":[22,23,26,27,33,31,30,17,71,24,25,28,29,15,837,18,952,11541,21,857,728,32,19,33973,20,1265,16],"class_list":["post-238600","post","type-post","status-publish","format-standard","has-post-thumbnail","category-suomi","tag-breaking-news","tag-breakingnews","tag-featured-news","tag-featurednews","tag-fi","tag-finland","tag-finnish","tag-headlines","tag-kotimaa","tag-latest-news","tag-latestnews","tag-main-news","tag-mainnews","tag-news","tag-onnettomuudet","tag-otsikot","tag-oulu","tag-oulun-seutukunta","tag-paauutiset","tag-pelastustoiminta","tag-pohjois-pohjanmaa","tag-suomi","tag-top-stories","tag-toppila","tag-topstories","tag-tulipalot","tag-uutiset"],"share_on_mastodon":{"url":"https:\/\/pubeurope.com\/@fi\/116517541596062876","error":""},"_links":{"self":[{"href":"https:\/\/www.europesays.com\/fi\/wp-json\/wp\/v2\/posts\/238600","targetHints":{"allow":["GET"]}}],"collection":[{"href":"https:\/\/www.europesays.com\/fi\/wp-json\/wp\/v2\/posts"}],"about":[{"href":"https:\/\/www.europesays.com\/fi\/wp-json\/wp\/v2\/types\/post"}],"author":[{"embeddable":true,"href":"https:\/\/www.europesays.com\/fi\/wp-json\/wp\/v2\/users\/2"}],"replies":[{"embeddable":true,"href":"https:\/\/www.europesays.com\/fi\/wp-json\/wp\/v2\/comments?post=238600"}],"version-history":[{"count":0,"href":"https:\/\/www.europesays.com\/fi\/wp-json\/wp\/v2\/posts\/238600\/revisions"}],"wp:featuredmedia":[{"embeddable":true,"href":"https:\/\/www.europesays.com\/fi\/wp-json\/wp\/v2\/media\/238601"}],"wp:attachment":[{"href":"https:\/\/www.europesays.com\/fi\/wp-json\/wp\/v2\/media?parent=238600"}],"wp:term":[{"taxonomy":"category","embeddable":true,"href":"https:\/\/www.europesays.com\/fi\/wp-json\/wp\/v2\/categories?post=238600"},{"taxonomy":"post_tag","embeddable":true,"href":"https:\/\/www.europesays.com\/fi\/wp-json\/wp\/v2\/tags?post=238600"}],"curies":[{"name":"wp","href":"https:\/\/api.w.org\/{rel}","templated":true}]}}