{"id":238955,"date":"2026-05-05T03:53:17","date_gmt":"2026-05-05T03:53:17","guid":{"rendered":"https:\/\/www.europesays.com\/fi\/238955\/"},"modified":"2026-05-05T03:53:17","modified_gmt":"2026-05-05T03:53:17","slug":"ile-vainiolta-vakeva-pilkkavideo-frederikista-ei-herkille","status":"publish","type":"post","link":"https:\/\/www.europesays.com\/fi\/238955\/","title":{"rendered":"Ile Vainiolta v\u00e4kev\u00e4 pilkkavideo Frederikist\u00e4 \u2013 ei herkille"},"content":{"rendered":"<p class=\"has-drop-cap\"><strong>Ilkka \u201dIle\u201d Vainio<\/strong>, 65, on sanoittajalegenda ja musiikkialan pitk\u00e4aikainen vaikuttaja, joka on tehnyt t\u00f6it\u00e4 satojen sinivalkoisten iskelm\u00e4t\u00e4htien ja taustavoimien kanssa. Suorasanainen Ile ei my\u00f6sk\u00e4\u00e4n piilottele sanan s\u00e4il\u00e4\u00e4ns\u00e4, jos sille on tarvetta \u2013 ja nyt Vainio on ottanut v\u00e4kev\u00e4sti kantaa junttidiskon kuninkaan <strong>Frederikin <\/strong>k\u00e4yt\u00f6kseen.<\/p>\n<p>Tanssiin.fi uutisoi vastik\u00e4\u00e4n, kuinka <strong>Ilkka Sysimets\u00e4<\/strong>, 81, pahoitti mielens\u00e4, koska h\u00e4nt\u00e4 ei otettu mukaan ensi syksyn\u00e4 Suomea kiert\u00e4v\u00e4lle isolle iskelm\u00e4legendojen kiertueelle.<\/p>\n<p>Mittava Herrasmiehet lavalla -yhteiskiertue kokoaa seitsem\u00e4n suomalaisen iskelm\u00e4musiikin legendaa konserttilavoille loka-marraskuussa 2026. Kiertueella n\u00e4hd\u00e4\u00e4n\u00a0<strong><a href=\"https:\/\/www.tanssiin.fi\/tag\/danny\/\" title=\"danny\" rel=\"nofollow noopener\" target=\"_blank\">Danny<\/a><\/strong>,\u00a083, <strong><a href=\"https:\/\/www.tanssiin.fi\/tag\/eino-gron\/\" title=\"eino gr\u00f6n\" rel=\"nofollow noopener\" target=\"_blank\">Eino<\/a> Gr\u00f6n<\/strong>,\u00a087, <strong><a href=\"https:\/\/www.tanssiin.fi\/tag\/pasi-kaunisto\/\" title=\"pasi kaunisto\" rel=\"nofollow noopener\" target=\"_blank\">Pasi<\/a> Kaunisto<\/strong>, 75,\u00a0ja\u00a0<strong><a href=\"https:\/\/www.tanssiin.fi\/tag\/erkki-liikanen\/\" title=\"erkki liikanen\" rel=\"nofollow noopener\" target=\"_blank\">Erkki<\/a> Liikanen<\/strong>, 83,\u00a0sek\u00e4\u00a0<strong><a href=\"https:\/\/www.tanssiin.fi\/tag\/kai-hyttinen\/\" title=\"kai hyttinen\" rel=\"nofollow noopener\" target=\"_blank\">Kai<\/a> Hyttinen<\/strong>,\u00a079, <strong>Sakari Kuosmanen<\/strong>, 69, ja\u00a0<strong><a href=\"https:\/\/www.tanssiin.fi\/tag\/kari-vepsa\/\" title=\"kari veps\u00e4\" rel=\"nofollow noopener\" target=\"_blank\">Kari <\/a>Veps\u00e4<\/strong>, 74,\u00a0omilla vuoroillaan eri kaupungeissa.<\/p>\n<p>Orkesterin kapellimestarina toimii\u00a0<strong>Jari Puhakka,<\/strong>\u00a060, ja konsertit juontaa\u00a0<strong>Markku Veijalainen<\/strong>, 79. Herrajoukkoa t\u00e4ydent\u00e4\u00e4 nuori laulajalahjakkuus\u00a0<strong><a href=\"https:\/\/www.tanssiin.fi\/tag\/eikka-eronen\/\" title=\"eikka eronen\" rel=\"nofollow noopener\" target=\"_blank\">Eikka<\/a> Eronen<\/strong>, 16. <\/p>\n<p>\u201dOn harvinaista, ett\u00e4 meid\u00e4n ik\u00e4iset kaverit viel\u00e4 pyydet\u00e4\u00e4n t\u00e4llaiselle kiertueelle. Ei sellaista ennen n\u00e4hty. T\u00e4m\u00e4 on Suomen kansalle hieno palvelus\u201d, Pasi Kaunisto totesi.<\/p>\n<p><strong>Lue my\u00f6s: <\/strong><a href=\"https:\/\/www.tanssiin.fi\/danny-lahtee-kiertueelle-eino-gronin-pasi-kauniston-ja-erkki-liikasen-kanssa-harvinaista\/\" title=\"Danny l\u00e4htee kiertueelle Eino Gr\u00f6nin, Pasi Kauniston ja Erkki Liikasen kanssa: \u201dHarvinaista\u201d\" rel=\"nofollow noopener\" target=\"_blank\">Danny l\u00e4htee kiertueelle Eino Gr\u00f6nin, Pasi Kauniston ja Erkki Liikasen kanssa: \u201dHarvinaista\u201d<\/a><\/p>\n<p><img loading=\"lazy\" title=\"Herrasmiehet lavalla 2026\" decoding=\"async\" width=\"1024\" height=\"576\" data-attachment-id=\"80287\" data-permalink=\"https:\/\/www.tanssiin.fi\/danny-lahtee-kiertueelle-eino-gronin-pasi-kauniston-ja-erkki-liikasen-kanssa-harvinaista\/herrasmiehet-lavalla-2026\/\" data-orig-file=\"https:\/\/www.tanssiin.fi\/wp-content\/uploads\/2026\/04\/Herrasmiehet-lavalla-2026.png\" data-orig-size=\"1200,675\" data-comments-opened=\"1\" data-image-meta=\"{&quot;aperture&quot;:&quot;0&quot;,&quot;credit&quot;:&quot;&quot;,&quot;camera&quot;:&quot;&quot;,&quot;caption&quot;:&quot;&quot;,&quot;created_timestamp&quot;:&quot;0&quot;,&quot;copyright&quot;:&quot;&quot;,&quot;focal_length&quot;:&quot;0&quot;,&quot;iso&quot;:&quot;0&quot;,&quot;shutter_speed&quot;:&quot;0&quot;,&quot;title&quot;:&quot;&quot;,&quot;orientation&quot;:&quot;0&quot;}\" data-image-title=\"Herrasmiehet lavalla 2026\" data-image-description=\"\" data-image-caption=\"&lt;p&gt;Herrasmiehet lavalla -kiertueen t\u00e4hti\u00e4 ryhm\u00e4kuvassa.&lt;\/p&gt;&#10;\" data-large-file=\"https:\/\/www.europesays.com\/fi\/wp-content\/uploads\/2026\/05\/Herrasmiehet-lavalla-2026-1024x576.png\"  src=\"https:\/\/www.europesays.com\/fi\/wp-content\/uploads\/2026\/05\/Herrasmiehet-lavalla-2026-1024x576.png\" alt=\"Eight men in tuxedos pose together around a grand piano in a stylish indoor venue smiling for the camera\" class=\"wp-image-80287\" \/>Herrasmiehet lavalla -kiertueen t\u00e4hti\u00e4 ryhm\u00e4kuvassa.\u201dMaailman ainut herrasmies Frederik\u2026\u201d<\/p>\n<p>Frederik latasi vapun aikaan mediassa katkeran oloista teksti\u00e4.<\/p>\n<p>\u201dMin\u00e4 en kelvannut. Olen ilmeisesti boikotissa\u201d, Reetu kommentoi esimerkiksi <a href=\"https:\/\/www.iltalehti.fi\/viihdeuutiset\/a\/fcd1257a-591c-4b45-bb5f-16d080b138d3\" title=\"\" rel=\"nofollow noopener\" target=\"_blank\">Iltalehdess\u00e4<\/a>.<\/p>\n<p>\u201dEn ole herrasmies. Toivon, ett\u00e4 Herrasmiesten bussi ajaa ensimm\u00e4iseen tolppaan, kun ne l\u00e4htev\u00e4t liikenteeseen.\u201d<\/p>\n<p><strong>Lue my\u00f6s: <\/strong><a href=\"https:\/\/www.tanssiin.fi\/il-frederik-katkerana-iskelmalegendoille-mina-en-kelvannut\/\" title=\"IL: Frederik katkerana iskelm\u00e4legendoille: \u201dMin\u00e4 en kelvannut\u201d\" rel=\"nofollow noopener\" target=\"_blank\">IL: Frederik katkerana iskelm\u00e4legendoille: \u201dMin\u00e4 en kelvannut\u201d<\/a><\/p>\n<p>Nyt Ile Vainio reagoi Reetun puheisiin sosiaalisessa mediassa sunnuntaina (4.5.) jakamallaan videolla, miss\u00e4 Ile imitoi ilmeikk\u00e4\u00e4sti Frederiki\u00e4. Pilkkavideolla kirosanoja riitt\u00e4\u00e4 ja tulkinta on vahvaa.<\/p>\n<p>\u201dMaailman ainut Herrasmies Frederik her\u00e4si hautausurakoitsija Pasi Kauniston ruumishuoneessa ja alkoi valittamaan heitteillej\u00e4tt\u00f6\u00e4, kun ei saanut herrasmies kutsua!\u201d Ile kirjoittaa videojulkaisunsa p\u00e4ivityksess\u00e4.<\/p>\n<p>\u201dDanny, Eino Gr\u00f6n ja Eki Liikanen\u2026 eiv\u00e4t oo mit\u00e4\u00e4n herrasmiehi\u00e4. M\u00e4 oon maailman ainut herrasmies, oon rekister\u00f6inyt sen my\u00f6s, v**u sit\u00e4 ei voi k\u00e4ytt\u00e4\u00e4 kukaan muu maailmassa ja Suomessa, m\u00e4 oon herrasmies, Frederk. Muut voi painua v\u201d\u2019uun!\u201d Ile imitoi humoristisesti ja r\u00e4v\u00e4k\u00e4sti.<\/p>\n<p><strong>Katso<\/strong> video (K18):<\/p>\n<p><a href=\"https:\/\/www.tanssiin.fi\/tag\/ilkka-vainio\/\" title=\"ilkka vainio\" rel=\"nofollow noopener\" target=\"_blank\">Ilkka<\/a> Vainio on tuottanut noin 200 kulta- tai platinalevy\u00e4, ja h\u00e4nen sanoituksiaan on levytetty noin 900. H\u00e4nen tunnetuimpia yhteisty\u00f6kumppaneitaan ovat olleet <strong><a href=\"https:\/\/www.tanssiin.fi\/tag\/kari-tapio\/\" title=\"kari tapio\" rel=\"nofollow noopener\" target=\"_blank\">Kari<\/a> Tapio<\/strong>, <strong>Risto Asikainen<\/strong>, <strong>Jope Ruonansuu<\/strong>, <strong>Kikka<\/strong> ja Nylon Beat.<\/p>\n<p>Vainio on ollut my\u00f6s laulaja vuodesta 2012 l\u00e4htien, ja h\u00e4n on esiintynyt mm. yli sadassa kirkossa\u00a0Yst\u00e4v\u00e4n risti\u00a0-konserttikiertueella.<\/p>\n<p>Kes\u00e4ll\u00e4 2026 Ile t\u00e4hditt\u00e4\u00e4 Jyv\u00e4skyl\u00e4n R\u00e4nssin kievarissa yst\u00e4v\u00e4ns\u00e4 Kari Tapion el\u00e4m\u00e4st\u00e4 kertovaa Myrskyn j\u00e4lkeen -musiikkin\u00e4ytelm\u00e4\u00e4.<\/p>\n<p><img decoding=\"async\" class=\"aioseo-author-bio-compact-image\" src=\"https:\/\/www.europesays.com\/fi\/wp-content\/uploads\/2025\/10\/cropped-tanssiin-logo.jpg\" alt=\"author avatar\"\/><br \/>\nTanssi- ja iskelm\u00e4musiikin uutiset asiantuntevasti.<\/p>\n<p>0%<br \/>\nIhana<\/p>\n<p>60%<br \/>\nHauska<\/p>\n<p>20%<br \/>\nVau<\/p>\n<p>20%<br \/>\nSurullinen<\/p>\n<p>0%<br \/>\nVihainen\n<\/p>\n<p>Post navigation<\/p>\n","protected":false},"excerpt":{"rendered":"Ilkka \u201dIle\u201d Vainio, 65, on sanoittajalegenda ja musiikkialan pitk\u00e4aikainen vaikuttaja, joka on tehnyt t\u00f6it\u00e4 satojen sinivalkoisten iskelm\u00e4t\u00e4htien ja&hellip;\n","protected":false},"author":2,"featured_media":238956,"comment_status":"","ping_status":"","sticky":false,"template":"","format":"standard","meta":{"footnotes":"","_share_on_mastodon":"0"},"categories":[136],"tags":[407,137,33,31,30,1759,33721,26283,18642,408,32,16,193,109],"class_list":["post-238955","post","type-post","status-publish","format-standard","has-post-thumbnail","category-julkkikset","tag-celebrities","tag-entertainment","tag-fi","tag-finland","tag-finnish","tag-frederik","tag-herrasmiehet-lavalla","tag-ilkka-ile-vainio","tag-ilkka-vainio","tag-julkkikset","tag-suomi","tag-uutiset","tag-video","tag-viihde"],"share_on_mastodon":{"url":"https:\/\/pubeurope.com\/@fi\/116519948131499475","error":""},"_links":{"self":[{"href":"https:\/\/www.europesays.com\/fi\/wp-json\/wp\/v2\/posts\/238955","targetHints":{"allow":["GET"]}}],"collection":[{"href":"https:\/\/www.europesays.com\/fi\/wp-json\/wp\/v2\/posts"}],"about":[{"href":"https:\/\/www.europesays.com\/fi\/wp-json\/wp\/v2\/types\/post"}],"author":[{"embeddable":true,"href":"https:\/\/www.europesays.com\/fi\/wp-json\/wp\/v2\/users\/2"}],"replies":[{"embeddable":true,"href":"https:\/\/www.europesays.com\/fi\/wp-json\/wp\/v2\/comments?post=238955"}],"version-history":[{"count":0,"href":"https:\/\/www.europesays.com\/fi\/wp-json\/wp\/v2\/posts\/238955\/revisions"}],"wp:featuredmedia":[{"embeddable":true,"href":"https:\/\/www.europesays.com\/fi\/wp-json\/wp\/v2\/media\/238956"}],"wp:attachment":[{"href":"https:\/\/www.europesays.com\/fi\/wp-json\/wp\/v2\/media?parent=238955"}],"wp:term":[{"taxonomy":"category","embeddable":true,"href":"https:\/\/www.europesays.com\/fi\/wp-json\/wp\/v2\/categories?post=238955"},{"taxonomy":"post_tag","embeddable":true,"href":"https:\/\/www.europesays.com\/fi\/wp-json\/wp\/v2\/tags?post=238955"}],"curies":[{"name":"wp","href":"https:\/\/api.w.org\/{rel}","templated":true}]}}