{"id":239107,"date":"2026-05-05T07:33:13","date_gmt":"2026-05-05T07:33:13","guid":{"rendered":"https:\/\/www.europesays.com\/fi\/239107\/"},"modified":"2026-05-05T07:33:13","modified_gmt":"2026-05-05T07:33:13","slug":"kysely-mita-mielta-olet-ikean-tulossa-lahteen-vastaa-essn-kyselyyn-paijat-hame","status":"publish","type":"post","link":"https:\/\/www.europesays.com\/fi\/239107\/","title":{"rendered":"Kysely | Mit\u00e4 mielt\u00e4 olet Ikean tulossa Lahteen? Vastaa ESS:n kyselyyn | P\u00e4ij\u00e4t-H\u00e4me"},"content":{"rendered":"<p><a href=\"https:\/\/www.ess.fi\/paikalliset\/9425588?reload=true\" rel=\"nofollow noopener\" target=\"_blank\">Ikea avaa kes\u00e4n<\/a> j\u00e4lkeen myym\u00e4l\u00e4n Lahteen. Myym\u00e4l\u00e4 avataan Launeelle kauppakeskus Mailiin.<\/p>\n<p>Ikean noin 10\u2009000 tuotteen valikoimasta myym\u00e4l\u00e4\u00e4n tulee 2\u2009000 suosituinta. Lahden-myym\u00e4l\u00e4ss\u00e4 annetaan my\u00f6s suunnitteluapua, ja myym\u00e4l\u00e4n yhteyteen avataan my\u00f6s Ikea-ravintola tai kahvila.<\/p>\n<p>\t\tVastaa t\u00e4ss\u00e4 ESS:n kyselyyn<\/p>\n","protected":false},"excerpt":{"rendered":"Ikea avaa kes\u00e4n j\u00e4lkeen myym\u00e4l\u00e4n Lahteen. Myym\u00e4l\u00e4 avataan Launeelle kauppakeskus Mailiin. Ikean noin 10\u2009000 tuotteen valikoimasta myym\u00e4l\u00e4\u00e4n tulee&hellip;\n","protected":false},"author":2,"featured_media":239108,"comment_status":"","ping_status":"","sticky":false,"template":"","format":"standard","meta":{"footnotes":"","_share_on_mastodon":"0"},"categories":[76],"tags":[79,77,33,31,30,901,1602,1801,32,78],"class_list":["post-239107","post","type-post","status-publish","format-standard","has-post-thumbnail","category-talous","tag-business","tag-economy","tag-fi","tag-finland","tag-finnish","tag-huonekalut","tag-ikea","tag-lahti","tag-suomi","tag-talous"],"share_on_mastodon":{"url":"https:\/\/pubeurope.com\/@fi\/116520813018062598","error":""},"_links":{"self":[{"href":"https:\/\/www.europesays.com\/fi\/wp-json\/wp\/v2\/posts\/239107","targetHints":{"allow":["GET"]}}],"collection":[{"href":"https:\/\/www.europesays.com\/fi\/wp-json\/wp\/v2\/posts"}],"about":[{"href":"https:\/\/www.europesays.com\/fi\/wp-json\/wp\/v2\/types\/post"}],"author":[{"embeddable":true,"href":"https:\/\/www.europesays.com\/fi\/wp-json\/wp\/v2\/users\/2"}],"replies":[{"embeddable":true,"href":"https:\/\/www.europesays.com\/fi\/wp-json\/wp\/v2\/comments?post=239107"}],"version-history":[{"count":0,"href":"https:\/\/www.europesays.com\/fi\/wp-json\/wp\/v2\/posts\/239107\/revisions"}],"wp:featuredmedia":[{"embeddable":true,"href":"https:\/\/www.europesays.com\/fi\/wp-json\/wp\/v2\/media\/239108"}],"wp:attachment":[{"href":"https:\/\/www.europesays.com\/fi\/wp-json\/wp\/v2\/media?parent=239107"}],"wp:term":[{"taxonomy":"category","embeddable":true,"href":"https:\/\/www.europesays.com\/fi\/wp-json\/wp\/v2\/categories?post=239107"},{"taxonomy":"post_tag","embeddable":true,"href":"https:\/\/www.europesays.com\/fi\/wp-json\/wp\/v2\/tags?post=239107"}],"curies":[{"name":"wp","href":"https:\/\/api.w.org\/{rel}","templated":true}]}}