{"id":239302,"date":"2026-05-05T12:13:11","date_gmt":"2026-05-05T12:13:11","guid":{"rendered":"https:\/\/www.europesays.com\/fi\/239302\/"},"modified":"2026-05-05T12:13:11","modified_gmt":"2026-05-05T12:13:11","slug":"painavan-kesan-avaus-on-pian-kasilla-tassa-infernon-ennakkoajatuksia-steelfestin-tarjonnasta","status":"publish","type":"post","link":"https:\/\/www.europesays.com\/fi\/239302\/","title":{"rendered":"Painavan kes\u00e4n avaus on pian k\u00e4sill\u00e4 \u2013 t\u00e4ss\u00e4 Infernon ennakkoajatuksia Steelfestin tarjonnasta"},"content":{"rendered":"<p>Teksti: Timo Isoaho<\/p>\n<p>On taas se aika vuodesta. Nimitt\u00e4in se, kun reviiritietoiset sudet kaivautuvat ulos maaemon syliin kaivetuista pes\u00e4koloistaan, ja vaeltavat enemm\u00e4n tai v\u00e4hemm\u00e4n vakain askelin kohti Hyvink\u00e4\u00e4n Villatehtaan uumenia. Nimitt\u00e4in mustaan pukeutuneet alamaailman sudet \u2013 ja niit\u00e4 todellakin saapuu jokaisesta maailmankolkasta.<\/p>\n<p>Aivan totta: <a href=\"https:\/\/steelfest.fi\/\" target=\"_blank\" rel=\"noreferrer noopener nofollow\">Steelfest<\/a> on t\u00e4\u00e4ll\u00e4 taas \u2013 jo reilusti yli kymmenett\u00e4 kertaa avoimena tapahtumana. N\u00e4iden vuosien aikana Steelfest on vakiinnuttanut paikkansa kansainv\u00e4lisell\u00e4 underground-festarikartalla, ja t\u00e4ss\u00e4 kohdassa todellakin alleviivataan termi\u00e4 underground. Jos <strong>Ari Koivunen<\/strong> palaa joskus heavy metalin kartalle, comeback-show\u2019ta ei n\u00e4hd\u00e4 Steelfestiss\u00e4.<\/p>\n<p>Kuten jo monena aiempanakin vuonna, Steelfestin ohjelmisto tarjoaa suunnilleen jokaiselle jotakin \u2013 niin, mik\u00e4li extreme\/black metalin eri muodot maittavat. Mukana on taas nousevia uutuusnimi\u00e4 kuin jo 80-luvulla aloittaneita black metal -pioneereja \u2013 ja l\u00e4hes kaikkea mahdollista n\u00e4iden \u00e4\u00e4rip\u00e4iden v\u00e4lilt\u00e4.<\/p>\n<p>Katsotaanpa sitten ohjelmistoa hieman tarkemmin.<\/p>\n<p>Avausp\u00e4iv\u00e4n\u00e4 torstaina lauteille astuu muun muassa <strong>White Death<\/strong>. Steelfestin \u201dvakkarib\u00e4ndi\u201d on tunnetusti tarjonnut musiikin ohella my\u00f6s silm\u00e4nruokaa, ja v\u00e4kevimp\u00e4n\u00e4 esimerkkin\u00e4 pit\u00e4\u00e4 toki mainita keikka loppukev\u00e4\u00e4lt\u00e4 2022, kun <a href=\"https:\/\/www.inferno.fi\/uutiset\/steelfestilla-nahtiin-jotain-todella-poikkeuksellista-kotimaisen-white-deathin-laulaja-naulittiin-ristiin\/\" type=\"link\" id=\"https:\/\/www.inferno.fi\/uutiset\/steelfestilla-nahtiin-jotain-todella-poikkeuksellista-kotimaisen-white-deathin-laulaja-naulittiin-ristiin\/\" target=\"_blank\" rel=\"noreferrer noopener nofollow\">solisti <strong>Vritrahn<\/strong> naulattiin ristiin<\/a>. Siis ihan oikeasti \u2013 rautanaulat vain paukkuivat miehen k\u00e4mmenien l\u00e4pi. Mit\u00e4h\u00e4n t\u00e4ll\u00e4 kerralla?<\/p>\n<p>White Deathin j\u00e4lkeen ulkoestradille rynnii brasilialainen <strong>Holocausto<\/strong> \u2013 saapa ensinn\u00e4kin n\u00e4hd\u00e4, miten etel\u00e4amerikkalaiset p\u00e4rj\u00e4\u00e4v\u00e4t kev\u00e4isen Suomen luultavasti aavistuksen viile\u00e4ss\u00e4 ilmanalassa. Holocaustoon tuli aikoinaan t\u00f6rm\u00e4tty\u00e4 <strong>Sepulturan<\/strong> ja <strong>Sarc\u00f3fagon<\/strong> vanavedess\u00e4, mutta yhtye on pidemm\u00e4ss\u00e4 juoksussa j\u00e4\u00e4nyt et\u00e4isemm\u00e4ksi. Steelfestiss\u00e4 pit\u00e4\u00e4 kuitenkin tutkia, miten er\u00e4s war metalin esitaistelijoista hutkii ja s\u00e4tkii spesiaalissa duokokoonpanossaan.<\/p>\n<p>Takuuvarman \u201dkaoottista sotametallia\u201d on luvassa my\u00f6s y\u00f6n jo laskeuduttua, kun kanadalainen <strong>Revenge<\/strong> p\u00e4\u00e4tt\u00e4\u00e4 ensimm\u00e4isen iltaman. Ei heikoille\u2026<\/p>\n<p>Kakkosp\u00e4iv\u00e4n ulkolavan touhut avaa aiemminkin Hyvink\u00e4\u00e4n leveysasteille n\u00e4hty <strong>Deathchain<\/strong>. Uutta materiaalia ty\u00f6st\u00e4neet Kuopion death metal -hirmut ovat olleet julmetun kovassa ly\u00f6nniss\u00e4 viime aikojen keikoillaan, eik\u00e4 konserttia parane missata t\u00e4ll\u00e4k\u00e4\u00e4n kerralla.<\/p>\n<p>Alkuillasta sis\u00e4lavalle kipuaa amerikkalainen <strong>Akhlys<\/strong>. Saattoi hyvinkin olla albumi Melino\u00eb (2021), kun t\u00e4m\u00e4 pumppu osui omaan aistikentt\u00e4\u00e4n, ja seh\u00e4n olikin sitten menoa. <a href=\"https:\/\/www.inferno.fi\/arviot\/tuhoaa-kuulijan-tarkasti-valikoiduin-asein-arviossa-akhlys\/\" type=\"link\" id=\"https:\/\/www.inferno.fi\/arviot\/tuhoaa-kuulijan-tarkasti-valikoiduin-asein-arviossa-akhlys\/\" target=\"_blank\" rel=\"noreferrer noopener nofollow\">Infernon arviossa todettiin<\/a> aikoinaan hyvinkin osuvasti: \u201dUhkeimmillaan jenkit toimittavat kuin <strong>Emperor<\/strong> konsanaan, mutta matka sinfonisesta pauhusta alkukantaisempaan raastoon ei ole pitk\u00e4. Yhdelle levylle onkin onnistuttu niputtamaan tyylill\u00e4 monet lajityypin musiikillisesti vieh\u00e4tt\u00e4vimmist\u00e4 puolista.\u201d<\/p>\n<p>Perjantain p\u00e4\u00e4t\u00f6sb\u00e4ndi? Niinp\u00e4 niin: ihan saatanan\/jumalattoman v\u00e4kev\u00e4n paluun tehnyt <strong>Beherit<\/strong>. Juuri toimitetusta Tallinnan-keikasta enemm\u00e4n <a href=\"https:\/\/www.soundi.fi\/keikat\/kotimainen-aarimetallilegenda-tallinnassa-raportti-ja-kuvat-beheritin-keikalta\/\" type=\"link\" id=\"https:\/\/www.soundi.fi\/keikat\/kotimainen-aarimetallilegenda-tallinnassa-raportti-ja-kuvat-beheritin-keikalta\/\" target=\"_blank\" rel=\"noreferrer noopener nofollow\">t\u00e4\u00e4ll\u00e4<\/a>.<\/p>\n<p>Lauantai sitten? Jos perjantain iltap\u00e4iv\u00e4 k\u00e4ynnistyi ansiokkaalla suomalaisella death metalilla, niin lauantaina sit\u00e4 on puolestaan luvassa alkuillasta, kun estradille kapuaa keskitempoinen kuolomestari <strong>Torture Killer<\/strong>. B\u00e4ndi oli todella kovassa vedossa <a href=\"https:\/\/www.inferno.fi\/live\/tannerten-tominaa-tapporiffeja-ja-maittavaa-runnomista-raportti-ja-kuvat-helsinki-death-festista\/\" type=\"link\" id=\"https:\/\/www.inferno.fi\/live\/tannerten-tominaa-tapporiffeja-ja-maittavaa-runnomista-raportti-ja-kuvat-helsinki-death-festista\/\" target=\"_blank\" rel=\"noreferrer noopener nofollow\">viime kes\u00e4n Helsingin Death Festiss\u00e4<\/a>, ja odotukset ovat sit\u00e4 ihte\u00e4\u00e4n nytkin.<\/p>\n<p><strong>Shape of Despair<\/strong> taas tuo kent\u00e4lle kaivatun (?) \u201dtunnelmanmuutoksen\u201d iltayhdeks\u00e4n haminoilla. T\u00e4ss\u00e4 vaiheessa Steelfesti\u00e4 on nimitt\u00e4in jo kuultu jokunen bassarin- ja virvelinisku, mutta Shape of Despairin funeral doom ei asu blast-maassa. Varmaa on joka tapauksessa se, ett\u00e4 b\u00e4ndin kohtalokas musiikki kaatuu p\u00e4\u00e4lle muutaman kivitalon kokoisena.<\/p>\n<p>Loppuilta onkin sitten aikamoisen mielenkiintoinen. Uransa jo kertaalleen p\u00e4\u00e4tt\u00e4nyt ruotsalainen <strong>Lifelover<\/strong> on varsin omituinen ryhm\u00e4 (paikoin hyvinkin) h\u00e4iriintyneen ja depressiivisen materiaalinsa kanssa \u2013 ja metallista kattaustahan toki maustetaan niin postpunkilla, pops\u00e4vyill\u00e4, progella kuin vaikka ambientillakin.<\/p>\n<p><strong>Inquisition<\/strong> ja <strong>Tormentor<\/strong>? Aiemminkin Steelfestin lauteilla koetut ryhm\u00e4t p\u00e4\u00e4tt\u00e4v\u00e4t alamaailman raskaan juhlan \u201dtehtaan takuulla\u201d. Kolumbiasta jo aikoja sitten luunsa USA:han siirt\u00e4nyt Inquisition r\u00e4j\u00e4ytti tajunnan ihan totaalisesti jo <a href=\"https:\/\/www.inferno.fi\/live\/tyylitajuisinta-koukuttavinta-black-metalia-inquisition-tampereella\/\" type=\"link\" id=\"https:\/\/www.inferno.fi\/live\/tyylitajuisinta-koukuttavinta-black-metalia-inquisition-tampereella\/\" target=\"_blank\" rel=\"noreferrer noopener nofollow\">Tampereen Klubilla syksyll\u00e4 2016<\/a>, kun <strong>Dagonin<\/strong> (kitara, laulu) ja <strong>Incubuksen<\/strong> (rummut) loihtima pirullinen ote ei herpaantunut hetkeksik\u00e4\u00e4n.<\/p>\n<p><strong>Mayhemin<\/strong> riveiss\u00e4 \u00e4\u00e4rimm\u00e4isen metallin Valioliigaan 90-luvulla kavunneen <strong>Attila Csiharin<\/strong> ensimm\u00e4inen yhtye Tormentor on toiminut on\/off-periaatteella jo 80-luvulta asti, mutta viimeisen kymmenen vuoden aikana b\u00e4ndi on pysytellyt varsin aktiivisena ja esiintynyt tuon tuostakin eri puolilla maailmaa \u2013 Steelfestiss\u00e4kin jo 2018. Hattu nousee taas kerran p\u00e4\u00e4st\u00e4 jo pelk\u00e4st\u00e4\u00e4n siit\u00e4 syyst\u00e4, ett\u00e4 b\u00e4ndi tosiaan laitettiin kasaan rautaesiripun takana jo 1985.<\/p>\n<p>Lainataanpa t\u00e4h\u00e4n loppuun siis toverilehti Soundin Attila-haastattelua muutaman kuukauden takaa:<\/p>\n<p>Perustit kavereidesi kanssa black metal -yhtye Tormentorin vuonna 1985 \u2013 ei ihan tyypillisin ratkaisu kommunistisessa maassa tuohon aikaan. Miten b\u00e4ndi sai alkunsa?<br \/>\u2013 Budapestiss\u00e4 ei ollut monia \u00e4\u00e4rimetalli-intoilijoita, mutta sitten t\u00f6rm\u00e4sin tyyppiin nimelt\u00e4 <strong>Tam\u00e1s Buday<\/strong>. H\u00e4n kertoi pit\u00e4v\u00e4ns\u00e4 raskaasta musasta \u2013 ja sen j\u00e4lkeen h\u00e4n kertoi omistavansa s\u00e4hk\u00f6kitaran. Oikeita s\u00e4hkiksi\u00e4 ei rautaesiripun takana pahemmin ollut, joten minun oli vaikea uskoa h\u00e4nen puheitaan. Mutta sitten menin Tam\u00e1sin luokse, ja h\u00e4nell\u00e4 todellakin oli kitara. Seuraavaksi h\u00e4n soitti joitain riffej\u00e4, ja se kuulosti maailman hienoimmalta. Sen j\u00e4lkeen halusin tehd\u00e4 vain yhden jutun: perustaa metallib\u00e4ndin.<\/p>\n<p>\u2013 Sitten satuimme t\u00f6rm\u00e4\u00e4m\u00e4\u00e4n muutamiin samanhenkisiin tyyppeihin, ja Tormentor sai alkunsa. Rumpalillamme ei tietenk\u00e4\u00e4n ollut aluksi oikeaa setti\u00e4 vaan h\u00e4n kasasi pannut esimerkiksi kenk\u00e4laatikoista. Vaikka kaikki oli hyvin kotikutoista, olimme silti j\u00e4rjett\u00f6m\u00e4n innoissamme. Seuraavaksi kuulimme b\u00e4ndikilpailusta, jossa etsittiin uusia kykyj\u00e4. Ehtona oli se, ett\u00e4 yhtyeell\u00e4 on ainakin kaksi omaa kappaletta \u2013 ja me olimme jo tehneet biisit Tormentor ja Branded by Satan.<\/p>\n<p>Millaista oli esiinty\u00e4 julkisesti ensimm\u00e4isen kerran?<\/p>\n<p>\u2013 Olin \u00e4\u00e4rimm\u00e4isen hermostunut ja pelk\u00e4sin py\u00f6rtyv\u00e4ni lavalla. Mutta kun aloitimme, tunsin pelk\u00e4st\u00e4\u00e4n suurta euforiaa. Se oli siihenastisen el\u00e4m\u00e4ni paras kokemus. Tapahtumasta kirjoitettiin lehdiss\u00e4, ja totta kai toimittajat vihasivat meit\u00e4 syd\u00e4mens\u00e4 pohjasta. \u201dT\u00e4m\u00e4 on pelkk\u00e4\u00e4 karmeaa meteli\u00e4\u201d ja niin edelleen.<\/p>\n<p>\u2013 Innostuimme yh\u00e4 enemm\u00e4n, ja kirjoitimme uusia biisej\u00e4. Kohta kasassa oli jo pidempi setti, ja soitimme toisen kerran liven\u00e4. Taltiointi l\u00f6ytyy my\u00f6s YouTubesta. Varhaisiin keikkoihin liittyi my\u00f6s hauska sivujuonne: koska olimme alaik\u00e4isi\u00e4, emme olisi saaneet virallisesti esiinty\u00e4 lainkaan. Kommunistisessa Unkarissa \u201dvirallisten muusikoiden\u201d piti my\u00f6s l\u00e4p\u00e4ist\u00e4 koe, jossa piti soittaa muun muassa <strong>The Beatlesin<\/strong> tuotantoa. Me emme suorittaneet sit\u00e4 koetta.<\/p>\n<p>Voisin kuvitella, ett\u00e4 Tormentor ei my\u00f6sk\u00e4\u00e4n esiintynyt \u201dpuolueen hyv\u00e4ksymiss\u00e4 paikoissa\u201d?<\/p>\n<p>\u2013 Keikat olivat useimmiten silkkaa kaaosta. N\u00e4ytimme niin erikoisilta ja kuulostimme niin vaarallisilta, ett\u00e4 vedimme puoleemme kaikenlaisia sekop\u00e4it\u00e4. Tapahtumat olivat ep\u00e4virallisia ja j\u00e4rjestelyt mit\u00e4 sattuu: ei j\u00e4rjestyksenvalvojia, ei soundcheckej\u00e4. Yleis\u00f6ss\u00e4 tapeltiin verisesti ja tehtiin kaikkea mahdollista hurjaa. Er\u00e4\u00e4n kerran meit\u00e4 l\u00e4mmitelleen yhtyeen j\u00e4senet hakattiin kesken keikan. Olin itsekin toisinaan peloissani, sill\u00e4 mit\u00e4 tahansa saattoi tapahtua.<\/p>\n<p>Lue my\u00f6s: <a href=\"https:\/\/www.inferno.fi\/uutiskirje\/\" title=\"Tilaa Infernon uutiskirje\" class=\"underline-custom !font-montserrat !font-bold !underline-offset-4 !decoration-4 !decoration-red-600 !text-md\" rel=\"nofollow noopener\" target=\"_blank\">Tilaa Infernon uutiskirje ja tied\u00e4t mist\u00e4 kahvitauolla puhutaan! Nappaa raskaan musiikin uutiset ja puheenaiheet suoraan s\u00e4hk\u00f6postiin t\u00e4st\u00e4.<\/a><\/p>\n","protected":false},"excerpt":{"rendered":"Teksti: Timo Isoaho On taas se aika vuodesta. Nimitt\u00e4in se, kun reviiritietoiset sudet kaivautuvat ulos maaemon syliin kaivetuista&hellip;\n","protected":false},"author":2,"featured_media":239303,"comment_status":"","ping_status":"","sticky":false,"template":"","format":"standard","meta":{"footnotes":"","_share_on_mastodon":"0"},"categories":[132],"tags":[137,15305,9039,970,33,31,30,195,47,11204,32,109],"class_list":["post-239302","post","type-post","status-publish","format-standard","has-post-thumbnail","category-musiikki","tag-entertainment","tag-festariennakko","tag-festarikesa-2026","tag-festivaalit","tag-fi","tag-finland","tag-finnish","tag-music","tag-musiikki","tag-steelfest","tag-suomi","tag-viihde"],"share_on_mastodon":{"url":"https:\/\/pubeurope.com\/@fi\/116521913983290026","error":""},"_links":{"self":[{"href":"https:\/\/www.europesays.com\/fi\/wp-json\/wp\/v2\/posts\/239302","targetHints":{"allow":["GET"]}}],"collection":[{"href":"https:\/\/www.europesays.com\/fi\/wp-json\/wp\/v2\/posts"}],"about":[{"href":"https:\/\/www.europesays.com\/fi\/wp-json\/wp\/v2\/types\/post"}],"author":[{"embeddable":true,"href":"https:\/\/www.europesays.com\/fi\/wp-json\/wp\/v2\/users\/2"}],"replies":[{"embeddable":true,"href":"https:\/\/www.europesays.com\/fi\/wp-json\/wp\/v2\/comments?post=239302"}],"version-history":[{"count":0,"href":"https:\/\/www.europesays.com\/fi\/wp-json\/wp\/v2\/posts\/239302\/revisions"}],"wp:featuredmedia":[{"embeddable":true,"href":"https:\/\/www.europesays.com\/fi\/wp-json\/wp\/v2\/media\/239303"}],"wp:attachment":[{"href":"https:\/\/www.europesays.com\/fi\/wp-json\/wp\/v2\/media?parent=239302"}],"wp:term":[{"taxonomy":"category","embeddable":true,"href":"https:\/\/www.europesays.com\/fi\/wp-json\/wp\/v2\/categories?post=239302"},{"taxonomy":"post_tag","embeddable":true,"href":"https:\/\/www.europesays.com\/fi\/wp-json\/wp\/v2\/tags?post=239302"}],"curies":[{"name":"wp","href":"https:\/\/api.w.org\/{rel}","templated":true}]}}