{"id":239471,"date":"2026-05-05T16:16:12","date_gmt":"2026-05-05T16:16:12","guid":{"rendered":"https:\/\/www.europesays.com\/fi\/239471\/"},"modified":"2026-05-05T16:16:12","modified_gmt":"2026-05-05T16:16:12","slug":"kierratyskeskuksessa-oulussa-paloi-jo-toisen-kerran-pelastuslaitoksen-mukaan-kolmatta-kertaa-ei-saisi-enaa-syttya-kotimaa","status":"publish","type":"post","link":"https:\/\/www.europesays.com\/fi\/239471\/","title":{"rendered":"Kierr\u00e4tyskeskuksessa Oulussa paloi jo toisen kerran \u2013 pelastuslaitoksen mukaan kolmatta kertaa ei saisi en\u00e4\u00e4 sytty\u00e4 | Kotimaa"},"content":{"rendered":"<p class=\"aw-1gybjub aw-5vja16 kEtdKx kmuxyA yle__article__paragraph\">Toppilassa sijaitsevan Tramelin vastaanottopisteen tulipalon savut n\u00e4kyiv\u00e4t ja haisivat usean kilometrin p\u00e4\u00e4h\u00e4n Oulussa.<\/p>\n<p><img decoding=\"async\" alt=\"Kuvassa pelastuslaitos sammuttamassa tulipaloa. Pihalla vihreit\u00e4 kontteja. \" src=\"https:\/\/www.europesays.com\/fi\/wp-content\/uploads\/2026\/05\/1777997771_901_1777910132.jpeg\" class=\"aw-1l9m598 hKVVvP\"\/><\/p>\n<p>Avaa kuvien katselu<\/p>\n<p>Tulipalon savut n\u00e4kyiv\u00e4t laajalti Oulussa. Kuva: Jenny Halvari \/ Yle <\/p>\n<ul class=\"aw-1jjocuh iJTSwP yle__article__list yle__article__list--ul\">\n<li class=\"aw-1j7gwms gNYKfi\">Oululaisessa kierr\u00e4tysyritys Tramel oy:ss\u00e4 syttyi maanantai-iltana tulipalo, joka n\u00e4kyi ja haisi laajalle.<\/li>\n<li class=\"aw-1j7gwms gNYKfi\">Yrityksen mukaan palon syyn\u00e4 olivat todenn\u00e4k\u00f6isesti elektroniikkaromun joukkoon laitetut litiumakut.<\/li>\n<li class=\"aw-1j7gwms gNYKfi\">Kyseess\u00e4 oli jo toinen vastaava palo yrityksess\u00e4. Yritys toivoo parempaa lajittelua ker\u00e4yspisteiss\u00e4.<\/li>\n<li class=\"aw-1j7gwms gNYKfi\">Pelastuslaitoksen mukaan yrityksen paloturvallisuudessa on parannettavaa.<\/li>\n<\/ul>\n<p class=\"aw-1gybjub aw-1p7kakr kEtdKx cEmitX yle__article__paragraph\">Oulussa maanantai-iltana syttynyt tulipalo s\u00e4ik\u00e4ytti kaupunkilaisia. S\u00e4hk\u00f6- ja elektroniikkalaitteiden kierr\u00e4tysyhti\u00f6n vastaanottopisteen palo n\u00e4kyi ja haisi laajalla alueella.<\/p>\n<p class=\"aw-1gybjub aw-1p7kakr kEtdKx cEmitX yle__article__paragraph\">Kierr\u00e4tysyritys Tramel oy:n kaupallinen johtaja <strong class=\"aw-ak79eh KyCXm yle__article__strong\">Harri Niukkanen<\/strong> kertoo, ett\u00e4 t\u00e4m\u00e4nhetkisen tiedon mukaan tulipalo syttyi elektroniikkaromun seassa olleista akuista.<\/p>\n<p class=\"aw-1gybjub aw-1p7kakr kEtdKx cEmitX yle__article__paragraph\">\u2013 Meille on tuotu s\u00e4hk\u00f6- ja elektroniikkaromua Kiertokaaren ker\u00e4yspisteest\u00e4 normaaliin tapaan k\u00e4sitelt\u00e4v\u00e4ksi. Sen romun joukossa on ollut litiumakkuja ja laitteita, joissa on integroituja, sis\u00e4\u00e4nrakennettuja akkuja. N\u00e4m\u00e4 todenn\u00e4k\u00f6isesti aiheuttivat palon, kertoo Niukkanen.<\/p>\n<p class=\"aw-1gybjub aw-1p7kakr kEtdKx cEmitX yle__article__paragraph\">Toppilassa syttyi samassa yrityksess\u00e4 <a class=\"aw-iao6s4 iHOxEa yle__article__link\" href=\"https:\/\/yle.fi\/a\/74-20170995\" role=\"link\" rel=\"nofollow noopener\" target=\"_blank\">paljon savua aiheuttanut tulipalo<\/a> hein\u00e4kuussa 2025. Silloin syttyi palamaan elektroniikkaj\u00e4tekasa, josta tuli levisi viereisiin kontteihin. Tuolloinkin tulipalon akuutein vaihe kesti noin kolme tuntia.<\/p>\n<p>Parempi lajittelu v\u00e4hent\u00e4isi tulipaloriski\u00e4<\/p>\n<p class=\"aw-1gybjub aw-1p7kakr kEtdKx cEmitX yle__article__paragraph\">Tramelin Niukkasen mukaan tulipaloriski alkaa jo akkujen ja s\u00e4hk\u00f6laitteiden kierr\u00e4tyksess\u00e4. S\u00e4hk\u00f6- ja elektroniikkaj\u00e4tteen ker\u00e4ys tulisi tapahtua h\u00e4nen mukaansa eri tavalla kuin miten se nyt tehd\u00e4\u00e4n.<\/p>\n<p class=\"aw-1gybjub aw-1p7kakr kEtdKx cEmitX yle__article__paragraph\">\u2013 Jo ker\u00e4yspisteiss\u00e4 pit\u00e4isi akulliset s\u00e4hk\u00f6laitteet ker\u00e4t\u00e4 omiin kierr\u00e4tysastioihin. Nyt ne ovat sekaisin muiden s\u00e4hk\u00f6laitteiden seassa, kertoo Niukkanen.<\/p>\n<p class=\"aw-1gybjub aw-1p7kakr kEtdKx cEmitX yle__article__paragraph\">\u2013 Toivomme tarkempaa s\u00e4hk\u00f6laitteiden lajittelua, mutta kyll\u00e4 mekin mietimme sit\u00e4, mit\u00e4 kaikkea voisimme omalta osaltamme tehd\u00e4, ettei t\u00e4mm\u00f6inen toistuisi, kertoo Niukkanen.<\/p>\n<p>Luvat kunnossa, mutta paloturvallisuudessa petrattavaa<\/p>\n<p class=\"aw-1gybjub aw-1p7kakr kEtdKx cEmitX yle__article__paragraph\">Tramelin kierr\u00e4tyspiste toimii luvallisesti teollisuusalueella ja sen ymp\u00e4rist\u00f6lupa on kunnossa.<\/p>\n<p><img decoding=\"async\" alt=\"Kartta, josta n\u00e4kyy Oulun Toppilassa olevan kierr\u00e4tyskeskuksen sijainti.\" src=\"https:\/\/www.europesays.com\/fi\/wp-content\/uploads\/2026\/05\/1777913470.jpeg\" loading=\"lazy\" class=\"aw-1l9m598 hKVVvP\"\/><\/p>\n<p>Avaa kuvien katselu<\/p>\n<p>Kartalla merkattuna Toppilan teollisuusalueella syttynyt tulipalo. Kuva: Hanna Juopperi \/ Yle, MapCreator, OpenStreetMap<\/p>\n<p class=\"aw-1gybjub aw-1p7kakr kEtdKx cEmitX yle__article__paragraph\">Pohjois-Pohjanmaan pelastuslaitoksen riskienhallintap\u00e4\u00e4llikk\u00f6 <strong class=\"aw-ak79eh KyCXm yle__article__strong\">Tomi Honkakunnas<\/strong> k\u00e4vi palopaikalla tiistaina. Syttymissyy on h\u00e4nen mukaansa viel\u00e4 lopullisesti selvitt\u00e4m\u00e4tt\u00e4, mutta akkuja, virtal\u00e4hteit\u00e4 tai pattereita ep\u00e4ill\u00e4\u00e4n.<\/p>\n<p class=\"aw-1gybjub aw-1p7kakr kEtdKx cEmitX yle__article__paragraph\">Tarkastus osoitti, ett\u00e4 kierr\u00e4tysalueen paloturvallisuuteen tulisi kiinnitt\u00e4\u00e4 enemm\u00e4n huomiota. Ainakaan heti luvallista toimintaa ei olla lopettamassa, kertoo Honkakunnas.<\/p>\n<p class=\"aw-1gybjub aw-1p7kakr kEtdKx cEmitX yle__article__paragraph\">\u2013 Paljon pit\u00e4\u00e4 asioita rikkoa, ennen kun kierr\u00e4tysaseman voisi paikalta pois h\u00e4\u00e4t\u00e4\u00e4. Me tarkastelemme nyt, miksi palo syttyi, miksi se levisi ja mik\u00e4 sen aiheutti. Selvit\u00e4mme mit\u00e4 viel\u00e4 olisi teht\u00e4viss\u00e4, ett\u00e4 ei nyt ainakaan kolmatta saman mittakaavan paloa p\u00e4\u00e4sisi syttym\u00e4\u00e4n, kertoo Honkakunnas.<\/p>\n<p>P\u00e4ivyst\u00e4v\u00e4 palomestari Sami Hiltunen kertoo tulipalosta palopaikalla. Video: Jenny Halvari \/ Yle<\/p>\n","protected":false},"excerpt":{"rendered":"Toppilassa sijaitsevan Tramelin vastaanottopisteen tulipalon savut n\u00e4kyiv\u00e4t ja haisivat usean kilometrin p\u00e4\u00e4h\u00e4n Oulussa. Avaa kuvien katselu Tulipalon savut&hellip;\n","protected":false},"author":2,"featured_media":238601,"comment_status":"","ping_status":"","sticky":false,"template":"","format":"standard","meta":{"footnotes":"","_share_on_mastodon":"0"},"categories":[12],"tags":[6863,22,23,26,27,33,31,30,17,8087,71,24,25,28,29,15,837,18,952,21,728,34048,30030,32,19,33973,20,1265,16],"class_list":["post-239471","post","type-post","status-publish","format-standard","has-post-thumbnail","category-suomi","tag-akut","tag-breaking-news","tag-breakingnews","tag-featured-news","tag-featurednews","tag-fi","tag-finland","tag-finnish","tag-headlines","tag-kierratys","tag-kotimaa","tag-latest-news","tag-latestnews","tag-main-news","tag-mainnews","tag-news","tag-onnettomuudet","tag-otsikot","tag-oulu","tag-paauutiset","tag-pohjois-pohjanmaa","tag-sahkolaitteet","tag-sahkoromu","tag-suomi","tag-top-stories","tag-toppila","tag-topstories","tag-tulipalot","tag-uutiset"],"share_on_mastodon":{"url":"https:\/\/pubeurope.com\/@fi\/116522869661061887","error":""},"_links":{"self":[{"href":"https:\/\/www.europesays.com\/fi\/wp-json\/wp\/v2\/posts\/239471","targetHints":{"allow":["GET"]}}],"collection":[{"href":"https:\/\/www.europesays.com\/fi\/wp-json\/wp\/v2\/posts"}],"about":[{"href":"https:\/\/www.europesays.com\/fi\/wp-json\/wp\/v2\/types\/post"}],"author":[{"embeddable":true,"href":"https:\/\/www.europesays.com\/fi\/wp-json\/wp\/v2\/users\/2"}],"replies":[{"embeddable":true,"href":"https:\/\/www.europesays.com\/fi\/wp-json\/wp\/v2\/comments?post=239471"}],"version-history":[{"count":0,"href":"https:\/\/www.europesays.com\/fi\/wp-json\/wp\/v2\/posts\/239471\/revisions"}],"wp:featuredmedia":[{"embeddable":true,"href":"https:\/\/www.europesays.com\/fi\/wp-json\/wp\/v2\/media\/238601"}],"wp:attachment":[{"href":"https:\/\/www.europesays.com\/fi\/wp-json\/wp\/v2\/media?parent=239471"}],"wp:term":[{"taxonomy":"category","embeddable":true,"href":"https:\/\/www.europesays.com\/fi\/wp-json\/wp\/v2\/categories?post=239471"},{"taxonomy":"post_tag","embeddable":true,"href":"https:\/\/www.europesays.com\/fi\/wp-json\/wp\/v2\/tags?post=239471"}],"curies":[{"name":"wp","href":"https:\/\/api.w.org\/{rel}","templated":true}]}}