{"id":24004,"date":"2025-09-03T02:37:10","date_gmt":"2025-09-03T02:37:10","guid":{"rendered":"https:\/\/www.europesays.com\/fi\/24004\/"},"modified":"2025-09-03T02:37:10","modified_gmt":"2025-09-03T02:37:10","slug":"pikkupoika-syttyi-palamaan-viisivuotias-veli-pelasti-uutissuomalainen","status":"publish","type":"post","link":"https:\/\/www.europesays.com\/fi\/24004\/","title":{"rendered":"Pikkupoika syttyi palamaan, viisi\u00advuo\u00adtias veli pelasti | Uutissuomalainen"},"content":{"rendered":"<p>Pikkupoikien leikki muuttui hengenvaaralliseksi kes\u00e4ll\u00e4 2024 N\u00e4rpi\u00f6ss\u00e4, L\u00e4nsi- ja Sis\u00e4-Suomen aluehallintovirasto kertoo tiedotteessaan.<\/p>\n<p>Viisi- ja kahdeksanvuotiaat veljekset olivat olleet leikkim\u00e4ss\u00e4 perheen autotallissa, kun he olivat saaneet k\u00e4siins\u00e4 bensiini\u00e4 ja tulitikut. Bensiini\u00e4 oli roiskunut vanhemman veljen vaatteille, jotka roihahtivat palamaan.<\/p>\n<p>Pikkuveli toimi ripe\u00e4sti ja pelasti todenn\u00e4k\u00f6isesti isoveljens\u00e4 hengen. Tapahtumahetkell\u00e4 viisivuotias <strong>Caspian Chryssanthou<\/strong> haki l\u00e4hettyvilt\u00e4 vesiletkun, avasi vesihanan ja sammutti palavan isoveljens\u00e4. T\u00e4m\u00e4n j\u00e4lkeen h\u00e4n haki \u00e4itins\u00e4, joka h\u00e4lytti apua.<\/p>\n<p>Isoveli loukkaantui silti vakavasti ja palovammoista toipuminen jatkuu yh\u00e4. Kouluun h\u00e4n on palannut vasta t\u00e4n\u00e4 syksyn\u00e4.<\/p>\n<p><strong class=\"diks-storyline__impact\">T\u00e4n\u00e4\u00e4n tiistaina<\/strong> Caspian Chryssanthou, nyt 6, sai avin ylijohtaja <strong>Marko Pukkiselta<\/strong> hengenpelastusmitalin. Poika kertoi Vaasassa j\u00e4rjestetyss\u00e4 juhlatilaisuudessa, ett\u00e4 aikoo laittaa mitalin esille oman huoneensa hyllylle.<\/p>\n<p>Avin tiedotteen mukaan Chryssanthou on koko satavuotisen mitalihistorian nuorin mitalinsaaja. Ehdotuksen h\u00e4nest\u00e4 mitalinsaajaksi teki iso\u00e4iti.<\/p>\n","protected":false},"excerpt":{"rendered":"Pikkupoikien leikki muuttui hengenvaaralliseksi kes\u00e4ll\u00e4 2024 N\u00e4rpi\u00f6ss\u00e4, L\u00e4nsi- ja Sis\u00e4-Suomen aluehallintovirasto kertoo tiedotteessaan. Viisi- ja kahdeksanvuotiaat veljekset olivat&hellip;\n","protected":false},"author":2,"featured_media":24005,"comment_status":"","ping_status":"","sticky":false,"template":"","format":"standard","meta":{"footnotes":""},"categories":[12],"tags":[22,23,26,27,33,31,30,17,101,564,99,100,24,25,28,29,7841,15,18,21,98,32,19,20,16,859],"class_list":{"0":"post-24004","1":"post","2":"type-post","3":"status-publish","4":"format-standard","5":"has-post-thumbnail","7":"category-suomi","8":"tag-breaking-news","9":"tag-breakingnews","10":"tag-featured-news","11":"tag-featurednews","12":"tag-fi","13":"tag-finland","14":"tag-finnish","15":"tag-headlines","16":"tag-ihmissuhteet","17":"tag-juhlat","18":"tag-lapset","19":"tag-lapset-ja-nuoret","20":"tag-latest-news","21":"tag-latestnews","22":"tag-main-news","23":"tag-mainnews","24":"tag-narpio","25":"tag-news","26":"tag-otsikot","27":"tag-paauutiset","28":"tag-perhe","29":"tag-suomi","30":"tag-top-stories","31":"tag-topstories","32":"tag-uutiset","33":"tag-vaasa"},"share_on_mastodon":{"url":"","error":""},"_links":{"self":[{"href":"https:\/\/www.europesays.com\/fi\/wp-json\/wp\/v2\/posts\/24004","targetHints":{"allow":["GET"]}}],"collection":[{"href":"https:\/\/www.europesays.com\/fi\/wp-json\/wp\/v2\/posts"}],"about":[{"href":"https:\/\/www.europesays.com\/fi\/wp-json\/wp\/v2\/types\/post"}],"author":[{"embeddable":true,"href":"https:\/\/www.europesays.com\/fi\/wp-json\/wp\/v2\/users\/2"}],"replies":[{"embeddable":true,"href":"https:\/\/www.europesays.com\/fi\/wp-json\/wp\/v2\/comments?post=24004"}],"version-history":[{"count":0,"href":"https:\/\/www.europesays.com\/fi\/wp-json\/wp\/v2\/posts\/24004\/revisions"}],"wp:featuredmedia":[{"embeddable":true,"href":"https:\/\/www.europesays.com\/fi\/wp-json\/wp\/v2\/media\/24005"}],"wp:attachment":[{"href":"https:\/\/www.europesays.com\/fi\/wp-json\/wp\/v2\/media?parent=24004"}],"wp:term":[{"taxonomy":"category","embeddable":true,"href":"https:\/\/www.europesays.com\/fi\/wp-json\/wp\/v2\/categories?post=24004"},{"taxonomy":"post_tag","embeddable":true,"href":"https:\/\/www.europesays.com\/fi\/wp-json\/wp\/v2\/tags?post=24004"}],"curies":[{"name":"wp","href":"https:\/\/api.w.org\/{rel}","templated":true}]}}