{"id":240041,"date":"2026-05-06T07:28:10","date_gmt":"2026-05-06T07:28:10","guid":{"rendered":"https:\/\/www.europesays.com\/fi\/240041\/"},"modified":"2026-05-06T07:28:10","modified_gmt":"2026-05-06T07:28:10","slug":"kahdelle-syytteet-torkeista-veropetoksista-verohyotya-jopa-40-miljoonaa-euroa-uutisia-lyhyesti","status":"publish","type":"post","link":"https:\/\/www.europesays.com\/fi\/240041\/","title":{"rendered":"Kahdelle syytteet t\u00f6rkeist\u00e4 veropetoksista \u2013 verohy\u00f6ty\u00e4 jopa 40 miljoonaa euroa | Uutisia lyhyesti"},"content":{"rendered":"<p class=\"aw-1gybjub aw-1p7kakr kEtdKx cEmitX yle__article__paragraph\">Syytt\u00e4j\u00e4 on nostanut syytteet kahta henkil\u00f6\u00e4 vastaan t\u00f6rkeist\u00e4 veropetoksista, syytt\u00e4j\u00e4laitos kertoo.<\/p>\n<p class=\"aw-1gybjub aw-1p7kakr kEtdKx cEmitX yle__article__paragraph\">Syytettyjen ep\u00e4ill\u00e4\u00e4n myyneen alkoholijuomia kuluttajille saksalaisen verkkokaupan kautta, ja j\u00e4tt\u00e4neen hoitamatta verovelvollisuudet Suomen valtiolle.<\/p>\n<p class=\"aw-1gybjub aw-1p7kakr kEtdKx cEmitX yle__article__paragraph\">Yle uutisoi esitutkinnasta hein\u00e4kuussa 2025. Esitutkinnan perusteella toiminnalla on v\u00e4ltetty Suomeen maksettavia valmisteveroja ja arvonlis\u00e4veroja <a class=\"aw-iao6s4 iHOxEa yle__article__link\" href=\"https:\/\/yle.fi\/a\/74-20171007\" role=\"link\" rel=\"nofollow noopener\" target=\"_blank\">yhteens\u00e4 l\u00e4hes 40 miljoonan euron arvosta<\/a>.<\/p>\n<p class=\"aw-1gybjub aw-1p7kakr kEtdKx cEmitX yle__article__paragraph\">Tulli ep\u00e4ili tapauksessa aiemmin kolmea henkil\u00f6\u00e4. Heit\u00e4 ep\u00e4iltiin veropetoksen lis\u00e4ksi t\u00f6rkeist\u00e4 alkoholirikoksista. Syytt\u00e4j\u00e4 on j\u00e4tt\u00e4nyt syytt\u00e4m\u00e4tt\u00e4j\u00e4tt\u00e4misp\u00e4\u00e4t\u00f6kset alkoholirikoksista ja kolmannesta ep\u00e4illyst\u00e4.<\/p>\n","protected":false},"excerpt":{"rendered":"Syytt\u00e4j\u00e4 on nostanut syytteet kahta henkil\u00f6\u00e4 vastaan t\u00f6rkeist\u00e4 veropetoksista, syytt\u00e4j\u00e4laitos kertoo. Syytettyjen ep\u00e4ill\u00e4\u00e4n myyneen alkoholijuomia kuluttajille saksalaisen verkkokaupan&hellip;\n","protected":false},"author":2,"featured_media":234547,"comment_status":"","ping_status":"","sticky":false,"template":"","format":"standard","meta":{"footnotes":"","_share_on_mastodon":"0"},"categories":[12],"tags":[22,23,26,27,33,31,30,17,71,24,25,28,29,15,18,21,1263,3911,32,2099,19,20,16,9162],"class_list":["post-240041","post","type-post","status-publish","format-standard","has-post-thumbnail","category-suomi","tag-breaking-news","tag-breakingnews","tag-featured-news","tag-featurednews","tag-fi","tag-finland","tag-finnish","tag-headlines","tag-kotimaa","tag-latest-news","tag-latestnews","tag-main-news","tag-mainnews","tag-news","tag-otsikot","tag-paauutiset","tag-rikosepailyt","tag-saksa","tag-suomi","tag-syytteet","tag-top-stories","tag-topstories","tag-uutiset","tag-verorikokset"],"share_on_mastodon":{"url":"https:\/\/pubeurope.com\/@fi\/116526455763450006","error":""},"_links":{"self":[{"href":"https:\/\/www.europesays.com\/fi\/wp-json\/wp\/v2\/posts\/240041","targetHints":{"allow":["GET"]}}],"collection":[{"href":"https:\/\/www.europesays.com\/fi\/wp-json\/wp\/v2\/posts"}],"about":[{"href":"https:\/\/www.europesays.com\/fi\/wp-json\/wp\/v2\/types\/post"}],"author":[{"embeddable":true,"href":"https:\/\/www.europesays.com\/fi\/wp-json\/wp\/v2\/users\/2"}],"replies":[{"embeddable":true,"href":"https:\/\/www.europesays.com\/fi\/wp-json\/wp\/v2\/comments?post=240041"}],"version-history":[{"count":0,"href":"https:\/\/www.europesays.com\/fi\/wp-json\/wp\/v2\/posts\/240041\/revisions"}],"wp:featuredmedia":[{"embeddable":true,"href":"https:\/\/www.europesays.com\/fi\/wp-json\/wp\/v2\/media\/234547"}],"wp:attachment":[{"href":"https:\/\/www.europesays.com\/fi\/wp-json\/wp\/v2\/media?parent=240041"}],"wp:term":[{"taxonomy":"category","embeddable":true,"href":"https:\/\/www.europesays.com\/fi\/wp-json\/wp\/v2\/categories?post=240041"},{"taxonomy":"post_tag","embeddable":true,"href":"https:\/\/www.europesays.com\/fi\/wp-json\/wp\/v2\/tags?post=240041"}],"curies":[{"name":"wp","href":"https:\/\/api.w.org\/{rel}","templated":true}]}}