{"id":24131,"date":"2025-09-03T05:34:07","date_gmt":"2025-09-03T05:34:07","guid":{"rendered":"https:\/\/www.europesays.com\/fi\/24131\/"},"modified":"2025-09-03T05:34:07","modified_gmt":"2025-09-03T05:34:07","slug":"paula-vesala-on-raskaana-sanottiin-etta-olisi-mahdotonta-2","status":"publish","type":"post","link":"https:\/\/www.europesays.com\/fi\/24131\/","title":{"rendered":"Paula Vesala on raskaana: \u201dSanottiin, ett\u00e4 olisi mahdotonta\u201d"},"content":{"rendered":"<p>Paula Vesala kertoo asiasta Instagram-julkaisussaan.<\/p>\n<p class=\"article-body margin-bottom-24 padding-x-16\">Muusikkona ja dramaturgina tunnettu <a class=\"article-personlink\" href=\"https:\/\/www.satakunnankansa.fi\/haku\/?query=Paula%20Vesala\" rel=\"nofollow noopener\" target=\"_blank\">Paula Vesala<\/a>, 43, kertoo olevansa raskaana. H\u00e4n kirjoittaa asiasta Instagram-julkaisussaan tiistaina. Asiasta uutisoi ensimm\u00e4isen\u00e4 <a class=\"article-genericlink\" href=\"https:\/\/www.iltalehti.fi\/viihdeuutiset\/a\/58aba156-43e1-4ec5-a4e9-18f901e91f07\" rel=\"nofollow noopener\" target=\"_blank\">Iltalehti<\/a>.<\/p>\n<p class=\"article-body margin-bottom-24 padding-x-16\">\u201dOlen saanut pit\u00e4\u00e4 salaisuutta, jota toivoin hirmuisen kauan, ja luovutinkin jo. Sanottiin, ett\u00e4 olisi mahdotonta, mutta h\u00e4n p\u00e4\u00e4tti tulla kuitenkin\u201d, Vesala kirjoittaa julkaisussa.<\/p>\n<p class=\"article-body margin-bottom-24 padding-x-16\">Vesalalla on 17-vuotias lapsi entisen puolisonsa <a class=\"article-personlink\" href=\"https:\/\/www.satakunnankansa.fi\/haku\/?query=Lauri%20Yl%C3%B6sen\" rel=\"nofollow noopener\" target=\"_blank\">Lauri Yl\u00f6sen<\/a> kanssa. Ylen tulevassa dokumenttielokuvassa PMMP keikalla: Ei en\u00e4\u00e4 ikin\u00e4 Vesala kertoo k\u00e4yneens\u00e4 aiemmin l\u00e4pi lapsettomuushoitoja.<\/p>\n","protected":false},"excerpt":{"rendered":"Paula Vesala kertoo asiasta Instagram-julkaisussaan. Muusikkona ja dramaturgina tunnettu Paula Vesala, 43, kertoo olevansa raskaana. H\u00e4n kirjoittaa asiasta&hellip;\n","protected":false},"author":2,"featured_media":24132,"comment_status":"","ping_status":"","sticky":false,"template":"","format":"standard","meta":{"footnotes":""},"categories":[130],"tags":[137,33,31,30,80,32,109],"class_list":{"0":"post-24131","1":"post","2":"type-post","3":"status-publish","4":"format-standard","5":"has-post-thumbnail","7":"category-viihde","8":"tag-entertainment","9":"tag-fi","10":"tag-finland","11":"tag-finnish","12":"tag-satakunnan-kansa","13":"tag-suomi","14":"tag-viihde"},"share_on_mastodon":{"url":"","error":""},"_links":{"self":[{"href":"https:\/\/www.europesays.com\/fi\/wp-json\/wp\/v2\/posts\/24131","targetHints":{"allow":["GET"]}}],"collection":[{"href":"https:\/\/www.europesays.com\/fi\/wp-json\/wp\/v2\/posts"}],"about":[{"href":"https:\/\/www.europesays.com\/fi\/wp-json\/wp\/v2\/types\/post"}],"author":[{"embeddable":true,"href":"https:\/\/www.europesays.com\/fi\/wp-json\/wp\/v2\/users\/2"}],"replies":[{"embeddable":true,"href":"https:\/\/www.europesays.com\/fi\/wp-json\/wp\/v2\/comments?post=24131"}],"version-history":[{"count":0,"href":"https:\/\/www.europesays.com\/fi\/wp-json\/wp\/v2\/posts\/24131\/revisions"}],"wp:featuredmedia":[{"embeddable":true,"href":"https:\/\/www.europesays.com\/fi\/wp-json\/wp\/v2\/media\/24132"}],"wp:attachment":[{"href":"https:\/\/www.europesays.com\/fi\/wp-json\/wp\/v2\/media?parent=24131"}],"wp:term":[{"taxonomy":"category","embeddable":true,"href":"https:\/\/www.europesays.com\/fi\/wp-json\/wp\/v2\/categories?post=24131"},{"taxonomy":"post_tag","embeddable":true,"href":"https:\/\/www.europesays.com\/fi\/wp-json\/wp\/v2\/tags?post=24131"}],"curies":[{"name":"wp","href":"https:\/\/api.w.org\/{rel}","templated":true}]}}