{"id":24160,"date":"2025-09-03T06:18:07","date_gmt":"2025-09-03T06:18:07","guid":{"rendered":"https:\/\/www.europesays.com\/fi\/24160\/"},"modified":"2025-09-03T06:18:07","modified_gmt":"2025-09-03T06:18:07","slug":"aki-ja-katri-riihilahden-lapsen-nimi-paljastui","status":"publish","type":"post","link":"https:\/\/www.europesays.com\/fi\/24160\/","title":{"rendered":"Aki ja Katri Riihilahden lapsen nimi paljastui"},"content":{"rendered":"<p class=\"article-content article-content-width !bg-background\">Ex-jalkapalloilija <a alt=\"Haku\" class=\"text-primary-red font-extrabold\" href=\"https:\/\/www.seiska.fi\/haku?q=Aki Riihilahti\" rel=\"nofollow noopener\" target=\"_blank\">Aki Riihilahti<\/a> juhli tanssijapuoliso <a alt=\"Haku\" class=\"text-primary-red font-extrabold\" href=\"https:\/\/www.seiska.fi\/haku?q=Katri Riihilahden\" rel=\"nofollow noopener\" target=\"_blank\">Katri Riihilahden<\/a> kanssa lapsensa merkitt\u00e4v\u00e4\u00e4 merkkipaalua.<\/p>\n<p class=\"font-weight-bold m-font-weight-bold article-content article-content-width !bg-background\">Arkistovideolla Aki ja Katri kertovat suhteestaan:<\/p>\n<p class=\"article-content article-content-width !bg-background\">Aki ja Katri julkaisivat tiistaina (2.9.) somekanavilleen kuvia, joista k\u00e4y ilmi, ett\u00e4 heid\u00e4n ensimm\u00e4inen yhteinen lapsensa on juhlinut 1-vuotissyntym\u00e4p\u00e4ivi\u00e4\u00e4n.<\/p>\n<p class=\"article-content article-content-width !bg-background\">Akin julkaisemassa valokuvassa Katri katselee ulos kotinsa ikkunasta ja pitelee k\u00e4siss\u00e4\u00e4n perheen nuorimmaista. Vauva on k\u00e4\u00e4nt\u00e4nyt iloisen katseensa kohti kuvaajaa.<\/p>\n<p class=\"article-content article-content-width !bg-background\"> \u2013 1 year today (syd\u00e4n), Aki kirjoittaa.<\/p>\n<p class=\"article-content article-content-width !bg-background\">Katri on puolestaan julkaissut pienokaisestaan kuvia, joissa pikku herra istuu sy\u00f6tt\u00f6tuolissaan. H\u00e4nen p\u00e4\u00e4ss\u00e4\u00e4n on hopeinen kruunu, johon on kirjailtu teksti Birthday prince.<\/p>\n<p class=\"article-content article-content-width !bg-background\">Vanhemmat ovat hankkineet juhlan kunniaksi my\u00f6s kruunun v\u00e4reihin sointuvan ilmapallon. Sininen numeropallo on osuvasti ykk\u00f6sen muotoinen.<\/p>\n<p class=\"article-content article-content-width !bg-background\"> \u2013 Hyv\u00e4\u00e4 syntym\u00e4p\u00e4iv\u00e4\u00e4 rakas <a alt=\"Haku\" class=\"text-primary-red font-extrabold\" href=\"https:\/\/www.seiska.fi\/haku?q=Kevin\" rel=\"nofollow noopener\" target=\"_blank\">Kevin<\/a>, Katri kirjoittaa julkaisussaan.<\/p>\n<p class=\"article-content article-content-width !bg-background\">Kyseess\u00e4 on ensimm\u00e4inen kerta, kun vanhemmat kertovat lapsensa nimest\u00e4 julkisuuteen. T\u00e4h\u00e4n menness\u00e4 perhe on paljastanut ainoastaan pilttins\u00e4 sukupuolen.<\/p>\n<p class=\"article-content article-content-width !bg-background\">Katri ja Aki kertoivat lapsensa odotuksesta ensimm\u00e4isen kerran vuoden 2024 talvella. Seuraavana syksyn\u00e4 perhe julkisti vauvan syntyneen.<\/p>\n<p class=\"article-content article-content-width !bg-background\"> \u2013 Me toivoimme sinua. Me odotimme sinua. Ja me aiomme rakastaa sinua. Ikuisesti, perhe kirjoitti tuolloin rakkaalleen.<\/p>\n<p class=\"article-content article-content-width !bg-background\">Akilla on edellisest\u00e4 liitostaan kaksi kouluik\u00e4ist\u00e4 lasta. Kevin-vauva on Katrin ensimm\u00e4inen.<\/p>\n","protected":false},"excerpt":{"rendered":"Ex-jalkapalloilija Aki Riihilahti juhli tanssijapuoliso Katri Riihilahden kanssa lapsensa merkitt\u00e4v\u00e4\u00e4 merkkipaalua. Arkistovideolla Aki ja Katri kertovat suhteestaan: Aki&hellip;\n","protected":false},"author":2,"featured_media":24161,"comment_status":"","ping_status":"","sticky":false,"template":"","format":"standard","meta":{"footnotes":""},"categories":[136],"tags":[4717,407,137,33,31,30,7867,408,4719,7866,7868,98,32,410,1461,109],"class_list":{"0":"post-24160","1":"post","2":"type-post","3":"status-publish","4":"format-standard","5":"has-post-thumbnail","7":"category-julkkikset","8":"tag-aki-riihilahti","9":"tag-celebrities","10":"tag-entertainment","11":"tag-fi","12":"tag-finland","13":"tag-finnish","14":"tag-jalkapalloilija","15":"tag-julkkikset","16":"tag-katri-riihilahti","17":"tag-kevin","18":"tag-nimi","19":"tag-perhe","20":"tag-suomi","21":"tag-syntymapaiva","22":"tag-vauva","23":"tag-viihde"},"share_on_mastodon":{"url":"","error":""},"_links":{"self":[{"href":"https:\/\/www.europesays.com\/fi\/wp-json\/wp\/v2\/posts\/24160","targetHints":{"allow":["GET"]}}],"collection":[{"href":"https:\/\/www.europesays.com\/fi\/wp-json\/wp\/v2\/posts"}],"about":[{"href":"https:\/\/www.europesays.com\/fi\/wp-json\/wp\/v2\/types\/post"}],"author":[{"embeddable":true,"href":"https:\/\/www.europesays.com\/fi\/wp-json\/wp\/v2\/users\/2"}],"replies":[{"embeddable":true,"href":"https:\/\/www.europesays.com\/fi\/wp-json\/wp\/v2\/comments?post=24160"}],"version-history":[{"count":0,"href":"https:\/\/www.europesays.com\/fi\/wp-json\/wp\/v2\/posts\/24160\/revisions"}],"wp:featuredmedia":[{"embeddable":true,"href":"https:\/\/www.europesays.com\/fi\/wp-json\/wp\/v2\/media\/24161"}],"wp:attachment":[{"href":"https:\/\/www.europesays.com\/fi\/wp-json\/wp\/v2\/media?parent=24160"}],"wp:term":[{"taxonomy":"category","embeddable":true,"href":"https:\/\/www.europesays.com\/fi\/wp-json\/wp\/v2\/categories?post=24160"},{"taxonomy":"post_tag","embeddable":true,"href":"https:\/\/www.europesays.com\/fi\/wp-json\/wp\/v2\/tags?post=24160"}],"curies":[{"name":"wp","href":"https:\/\/api.w.org\/{rel}","templated":true}]}}