{"id":24180,"date":"2025-09-03T06:44:08","date_gmt":"2025-09-03T06:44:08","guid":{"rendered":"https:\/\/www.europesays.com\/fi\/24180\/"},"modified":"2025-09-03T06:44:08","modified_gmt":"2025-09-03T06:44:08","slug":"erikoisjoukkojen-janne-lehtonen-jyrahtaa-simputusvaitteista","status":"publish","type":"post","link":"https:\/\/www.europesays.com\/fi\/24180\/","title":{"rendered":"Erikoisjoukkojen Janne Lehtonen jyr\u00e4ht\u00e4\u00e4 simputusv\u00e4itteist\u00e4"},"content":{"rendered":"<p>\n            20250820 HELSINKI. Erikoisjoukot-pressi. Janne Lehtonen. KUVA: ATTE KAJOVA<br \/>\n            ATTE KAJOVA\n        <\/p>\n<p class=\"subtitle \">Suomen rankimmaksi nimitetyss\u00e4 tosi-tv-ohjelmassa julkisuudesta tutut henkil\u00f6t asetetaan henkisesti ja fyysisesti \u00e4\u00e4rirajoilleen ohjelman teht\u00e4viss\u00e4.<\/p>\n<p class=\"article-content article-content-width !bg-background\">Erikoisjoukot-ohjelman p\u00e4\u00e4kouluttaja  on siviiliss\u00e4 hyvin erilainen henkil\u00f6 kuin se, joka n\u00e4hd\u00e4\u00e4n tv-ruuduilla tiukkana kouluttajana. H\u00e4n kertoo olevansa positiivinen henkil\u00f6. Sill\u00e4 piirteell\u00e4 p\u00e4\u00e4see el\u00e4m\u00e4ss\u00e4 pitk\u00e4lle. H\u00e4n muistuttaa, ett\u00e4 ohjelmassa n\u00e4hd\u00e4\u00e4nn vain v\u00e4l\u00e4ys todellisuudesta.<\/p>\n<p class=\"italic m-italic article-content article-content-width !bg-background\">Video: T\u00e4h\u00e4n Erikoisjoukkojen kouluttajat eiv\u00e4t lankeaisi.<\/p>\n<p class=\"article-content article-content-width !bg-background\">\u2013 Ohjelma on vain murto-osa erikoisjoukkomaailmasta, miss\u00e4 vaaditaan tavallaan negatiivista painetta kokelaille. Se on ainoastaan tuo koulutusvaihe.<\/p>\n<p class=\"article-content article-content-width !bg-background\">\u2013 Heti kun puolustusvoimissa kokelaat l\u00e4p\u00e4isev\u00e4t p\u00e4\u00e4sykokeet, heist\u00e4 rakennetaan ty\u00f6kavereita ja tiimi\u00e4. Se tapa ei ole miss\u00e4\u00e4n nimess\u00e4 sellainen, ett\u00e4 siell\u00e4 puskettaisiin ja vi**uiltaisiin aiheuttaen negatiivista painetta, ellei sitten tietynlainen teht\u00e4v\u00e4 sit\u00e4 vaadi.<\/p>\n<p>        <a itemprop=\"url\" href=\"https:\/\/www.seiska.fi\/katso\/janne-lehtonen-myontaa-erikoisjoukot-podcastissa-tuli-tehtya-tyhmiakin-juttuja\/1790023\" rel=\"nofollow noopener\" target=\"_blank\"><\/p>\n<p>\nErikoisjoukot-podcast\n<\/p>\n<p class=\"section-date\">\n        <strong class=\"article-section\" data-section=\"katso\"><br \/>\n            katso<br \/>\n        <\/strong><br \/>\n        28.5. 16:15\n    <\/p>\n<p>    Janne Lehtonen my\u00f6nt\u00e4\u00e4 Erikoisjoukot-podcastissa: \u201dTuli tehty\u00e4 tyhmi\u00e4kin juttuja\u201d<\/p>\n<p itemprop=\"description\" class=\"subtitle \">\n    Erikoisjoukot-ohjelman p\u00e4\u00e4kouluttaja Janne Lehtonen kertoo ohjelman podcastissa nuoruutensa h\u00f6lm\u00f6ilyist\u00e4.\n<\/p>\n<p>        <\/a><\/p>\n<p class=\"article-content article-content-width !bg-background\">Janne on entinen Suomen puolustusvoimissa palvellut merivoimien erikoisjoukkosotilas. Nykyisin h\u00e4n ty\u00f6skentelee yritt\u00e4j\u00e4n\u00e4 ja ensihoitaja-palomiehen\u00e4.<\/p>\n<p>Simputtamista vai ei?<\/p>\n<p class=\"article-content article-content-width !bg-background\">Joka vuosi, kun Erikoisjoukkoja on televisiossa n\u00e4ytetty, julkisuudessa on nostettu esiin simputtaminen. Janne kertoo, ett\u00e4 kouluttajat eiv\u00e4t tee mit\u00e4\u00e4n, mik\u00e4 ei olisi perusteltua.<\/p>\n<p class=\"article-content article-content-width !bg-background\">\u2013 Meid\u00e4n ei ole koskaan tarvinnut selitt\u00e4\u00e4 kokelaille yht\u00e4\u00e4n mit\u00e4\u00e4n, mink\u00e4 takia jotain tehd\u00e4\u00e4n. He ovat itse osanneet poimia syyt, ja he ovat todella kiitollisia, ett\u00e4 ovat leirill\u00e4 \u2013 ja nimenomaan siin\u00e4 paineessa, mit\u00e4 olemme luoneet.<\/p>\n<p class=\"article-content article-content-width !bg-background\">\u2013 Ja jos se on j\u00e4\u00e4nyt jotakin vaivaamaan, olemme j\u00e4lkipurussa selitt\u00e4neet, mik\u00e4 sen tarkoitus on. Se, ett\u00e4 ihmiselle aiheutetaan painetta, negatiivista painetta, ajetaan fysiikka loppuun ja testataan sit\u00e4 p\u00e4\u00e4t\u00e4, ei ole simputtamista, jos sen pystyy perustelemaan. Jos sit\u00e4 ei pysty perustelemaan, se on simputtamista, ja sit\u00e4 emme tee.<\/p>\n<p>                <img loading=\"lazy\" decoding=\"async\" src=\"https:\/\/www.europesays.com\/fi\/wp-content\/uploads\/2025\/09\/1644252.webp\" width=\"576\" height=\"274\" alt=\"Janne Lehtonen kertoo olleensa jo lapsena kiinnostunut taiteesta ja piirt\u00e4misest\u00e4. H\u00e4nell\u00e4 onkin taustaa tatuointiartistina. H\u00e4nen mukaansa erikoisjoukkomaailmassa on useita henkil\u00f6it\u00e4 samankaltaisella taustalla.\" \/>            <\/p>\n<p>\n            Janne Lehtonen kertoo olleensa jo lapsena kiinnostunut taiteesta ja piirt\u00e4misest\u00e4. H\u00e4nell\u00e4 onkin taustaa tatuointiartistina. H\u00e4nen mukaansa erikoisjoukkomaailmassa on useita henkil\u00f6it\u00e4 samankaltaisella taustalla.<br \/>\n            Jere Hietala \/ Sanoma\n        <\/p>\n<p>        <a itemprop=\"url\" href=\"https:\/\/www.seiska.fi\/katso\/nain-paljon-erikoisjoukot-kouluttajilla-on-valtaa\/1906082\" rel=\"nofollow noopener\" target=\"_blank\"><\/p>\n<p>\nErikoisjoukot\n<\/p>\n<p class=\"section-date\">\n        <strong class=\"article-section\" data-section=\"katso\"><br \/>\n            katso<br \/>\n        <\/strong><br \/>\n        21.8. 15:15\n    <\/p>\n<p>    N\u00e4in paljon Erikoisjoukot-kouluttajilla on valtaa<\/p>\n<p itemprop=\"description\" class=\"subtitle \">\n    Kouluttaja Jan Knutti kertoo, millainen on siviiliss\u00e4.\n<\/p>\n<p>        <\/a><\/p>\n<p>Voiko ruuvia kirist\u00e4\u00e4?<\/p>\n<p class=\"article-content article-content-width !bg-background\">Yksik\u00e4\u00e4n kausi ei ole Jannen mukaan ollut helpompi toistaan tai rankempi toistaan. Kausilla n\u00e4ht\u00e4v\u00e4t elementit ja kokelaat vaan vaihtuvat.<\/p>\n<p class=\"article-content article-content-width !bg-background\">\u2013 Teht\u00e4v\u00e4t kuitenkin testaavat samoja asioita. Aikajana on yht\u00e4 pitk\u00e4 jokaisella kaudella, ja rasitus sama, Janne toteaa.<\/p>\n<p class=\"article-content article-content-width !bg-background\">\u2013 Joillekin henkil\u00f6ille lis\u00e4t\u00e4\u00e4n sit\u00e4 rasitusta, ett\u00e4 he saavat sen saman vaikutuksen. Esimerkiksi paremmassa kunnossa olevat ihmiset joutuvat v\u00e4kisinkin tekem\u00e4\u00e4n enemm\u00e4n t\u00f6it\u00e4 siell\u00e4, muun muassa kantamalla muiden tavaroita.<\/p>\n<p class=\"article-content article-content-width !bg-background\">Janne sanoo pit\u00e4v\u00e4ns\u00e4 Erikoisjoukkojen ohjelmaformaatista sen vuoksi, ett\u00e4 siin\u00e4 pakotetaan ihmiset tekem\u00e4\u00e4n tiimity\u00f6t\u00e4. Leirill\u00e4 oppii yhteis\u00f6llisi\u00e4 taitoja ja pelaamaan tiimin kanssa, vaikka opetustapa onkin aika brutaali. T\u00e4m\u00e4 on Jannen mielest\u00e4 tehokas tapa oppia.<\/p>\n<p class=\"italic m-italic article-content article-content-width !bg-background\">Erikoisjoukot 4.9. alkaen Nelosella ja ruudussa.<\/p>\n<p>        <a itemprop=\"url\" href=\"https:\/\/www.seiska.fi\/katso\/tallaista-elamaa-erikoisjoukot-koira-viettaa-siviilissa\/1827036\" rel=\"nofollow noopener\" target=\"_blank\"><\/p>\n<p>\nErikoisjoukot\n<\/p>\n<p class=\"section-date\">\n        <strong class=\"article-section\" data-section=\"katso\"><br \/>\n            katso<br \/>\n        <\/strong><br \/>\n        5.6. 13:14\n    <\/p>\n<p>    T\u00e4llaista el\u00e4m\u00e4\u00e4 Erikoisjoukot-koira viett\u00e4\u00e4 siviiliss\u00e4<\/p>\n<p itemprop=\"description\" class=\"subtitle \">\n    Aspen-koira n\u00e4htiin kuluneella kaudella useasti tv-ruuduilla.\n<\/p>\n<p>        <\/a><\/p>\n","protected":false},"excerpt":{"rendered":"20250820 HELSINKI. Erikoisjoukot-pressi. Janne Lehtonen. KUVA: ATTE KAJOVA ATTE KAJOVA Suomen rankimmaksi nimitetyss\u00e4 tosi-tv-ohjelmassa julkisuudesta tutut henkil\u00f6t asetetaan&hellip;\n","protected":false},"author":2,"featured_media":24181,"comment_status":"","ping_status":"","sticky":false,"template":"","format":"standard","meta":{"footnotes":""},"categories":[136],"tags":[407,137,2159,33,31,30,2155,408,1758,4097,2158,32,7874,1318,109],"class_list":{"0":"post-24180","1":"post","2":"type-post","3":"status-publish","4":"format-standard","5":"has-post-thumbnail","7":"category-julkkikset","8":"tag-celebrities","9":"tag-entertainment","10":"tag-erikoisjoukot","11":"tag-fi","12":"tag-finland","13":"tag-finnish","14":"tag-janne-lehtonen","15":"tag-julkkikset","16":"tag-nelonen","17":"tag-puolustusvoimat","18":"tag-ruutu","19":"tag-suomi","20":"tag-tiimityo","21":"tag-tv-ohjelma","22":"tag-viihde"},"share_on_mastodon":{"url":"","error":""},"_links":{"self":[{"href":"https:\/\/www.europesays.com\/fi\/wp-json\/wp\/v2\/posts\/24180","targetHints":{"allow":["GET"]}}],"collection":[{"href":"https:\/\/www.europesays.com\/fi\/wp-json\/wp\/v2\/posts"}],"about":[{"href":"https:\/\/www.europesays.com\/fi\/wp-json\/wp\/v2\/types\/post"}],"author":[{"embeddable":true,"href":"https:\/\/www.europesays.com\/fi\/wp-json\/wp\/v2\/users\/2"}],"replies":[{"embeddable":true,"href":"https:\/\/www.europesays.com\/fi\/wp-json\/wp\/v2\/comments?post=24180"}],"version-history":[{"count":0,"href":"https:\/\/www.europesays.com\/fi\/wp-json\/wp\/v2\/posts\/24180\/revisions"}],"wp:featuredmedia":[{"embeddable":true,"href":"https:\/\/www.europesays.com\/fi\/wp-json\/wp\/v2\/media\/24181"}],"wp:attachment":[{"href":"https:\/\/www.europesays.com\/fi\/wp-json\/wp\/v2\/media?parent=24180"}],"wp:term":[{"taxonomy":"category","embeddable":true,"href":"https:\/\/www.europesays.com\/fi\/wp-json\/wp\/v2\/categories?post=24180"},{"taxonomy":"post_tag","embeddable":true,"href":"https:\/\/www.europesays.com\/fi\/wp-json\/wp\/v2\/tags?post=24180"}],"curies":[{"name":"wp","href":"https:\/\/api.w.org\/{rel}","templated":true}]}}