{"id":24188,"date":"2025-09-03T06:51:07","date_gmt":"2025-09-03T06:51:07","guid":{"rendered":"https:\/\/www.europesays.com\/fi\/24188\/"},"modified":"2025-09-03T06:51:07","modified_gmt":"2025-09-03T06:51:07","slug":"urheilusuuruus-jarkyttavassa-onnettomuudessa-totuus-julki-vammoista","status":"publish","type":"post","link":"https:\/\/www.europesays.com\/fi\/24188\/","title":{"rendered":"Urheilusuuruus j\u00e4rkytt\u00e4v\u00e4ss\u00e4 onnettomuudessa \u2013 Totuus julki vammoista"},"content":{"rendered":"<p>Chris Froome oli hengenvaarassa. <\/p>\n<p><img decoding=\"async\" class=\"image image-show image-preview\" src=\"https:\/\/www.europesays.com\/fi\/wp-content\/uploads\/2025\/09\/45d9917f7564615b2ba99261abdb377dae3a9f5ac7a84bf50279c44e8d0acedc.jpg\" alt=\"\"\/><img decoding=\"async\" class=\"image image-show\" src=\"https:\/\/www.europesays.com\/fi\/wp-content\/uploads\/2025\/09\/1756882267_575_45d9917f7564615b2ba99261abdb377dae3a9f5ac7a84bf50279c44e8d0acedc.jpg\" alt=\"\"\/><\/p>\n<p>Chris Froomen leikkaus onnistui.  EPA\/AOP<\/p>\n<p class=\"paragraph\">Vakavaan onnettomuuteen joutunut py\u00f6r\u00e4ilymestari <strong>Chris Froome<\/strong>, 40, on operoitu Toulonin sairaalassa.<\/p>\n<p class=\"paragraph\">Froome t\u00f6rm\u00e4si viime viikolla liikennemerkkiin harjoituslenkill\u00e4\u00e4n Etel\u00e4-Ranskassa noin 50 kilometrin tuntivauhdissa. H\u00e4net kiid\u00e4tettiin turmapaikalta ilmateitse sairaalaan.<\/p>\n<p class=\"paragraph\">Alkuun vammojen kerrottiin olevan murtumia, mutta todellisuudessa tilanne oli vakavampi. Leikkauksessa selvisi, ett\u00e4 Froome oli hengenvaarassa aortan repe\u00e4misen vuoksi.<\/p>\n<p class=\"paragraph\">\u2013 Se oli paljon vakavampaa kuin vain joitain murtuneita luita, vaimo <strong>Michelle Froome<\/strong> <a href=\"https:\/\/www.bbc.com\/sport\/cycling\/articles\/c1ejev382nlo\" target=\"_blank\" rel=\"noopener nofollow\">vahvisti<\/a> The Timesille.<\/p>\n<p class=\"paragraph\">\u2013 H\u00e4n on kunnossa, mutta edess\u00e4 on pitk\u00e4 toipumisprosessi. H\u00e4n ei hetkeen nouse py\u00f6r\u00e4n selk\u00e4\u00e4n.<\/p>\n<p class=\"paragraph\">Froomella todettiin my\u00f6s viisi murtunutta kylkiluuta, ilmarinta ja murtuma selk\u00e4nikamassa. P\u00e4\u00e4vammoilta h\u00e4n v\u00e4lttyi kuin ihmeen kaupalla.<\/p>\n<p class=\"paragraph\">Onnettomuudessa ei ollut muita osallisia.<\/p>\n<p class=\"paragraph\">Froome on yksi lajinsa menestyneimmist\u00e4. Brittiajaja on voittanut Tourin nelj\u00e4 kertaa, Vueltan kaksi kertaa ja Giron kerran.<\/p>\n<p class=\"paragraph\">Palkintokaapista l\u00f6ytyy my\u00f6s kaksi aika-ajon olympiapronssia.<\/p>\n<p class=\"paragraph\">Israel\u2013Premier Tech -tallia edustava Froome on aikaisemmin sanonut harkitsevansa lopettavansa uransa kuluvan kauden j\u00e4lkeen.<\/p>\n","protected":false},"excerpt":{"rendered":"Chris Froome oli hengenvaarassa. Chris Froomen leikkaus onnistui. EPA\/AOP Vakavaan onnettomuuteen joutunut py\u00f6r\u00e4ilymestari Chris Froome, 40, on operoitu&hellip;\n","protected":false},"author":2,"featured_media":24189,"comment_status":"","ping_status":"","sticky":false,"template":"","format":"standard","meta":{"footnotes":""},"categories":[158],"tags":[35,33,31,30,121,41,159,32,7166,167,160,161],"class_list":{"0":"post-24188","1":"post","2":"type-post","3":"status-publish","4":"format-standard","5":"has-post-thumbnail","7":"category-urheilu","8":"tag-24h","9":"tag-fi","10":"tag-finland","11":"tag-finnish","12":"tag-liikenne-ja-kuljetus","13":"tag-liikunta-ja-urheilu","14":"tag-sports","15":"tag-suomi","16":"tag-tapaturmat-ja-vammat","17":"tag-terveys","18":"tag-urheilu","19":"tag-urheilutapahtumat"},"share_on_mastodon":{"url":"","error":""},"_links":{"self":[{"href":"https:\/\/www.europesays.com\/fi\/wp-json\/wp\/v2\/posts\/24188","targetHints":{"allow":["GET"]}}],"collection":[{"href":"https:\/\/www.europesays.com\/fi\/wp-json\/wp\/v2\/posts"}],"about":[{"href":"https:\/\/www.europesays.com\/fi\/wp-json\/wp\/v2\/types\/post"}],"author":[{"embeddable":true,"href":"https:\/\/www.europesays.com\/fi\/wp-json\/wp\/v2\/users\/2"}],"replies":[{"embeddable":true,"href":"https:\/\/www.europesays.com\/fi\/wp-json\/wp\/v2\/comments?post=24188"}],"version-history":[{"count":0,"href":"https:\/\/www.europesays.com\/fi\/wp-json\/wp\/v2\/posts\/24188\/revisions"}],"wp:featuredmedia":[{"embeddable":true,"href":"https:\/\/www.europesays.com\/fi\/wp-json\/wp\/v2\/media\/24189"}],"wp:attachment":[{"href":"https:\/\/www.europesays.com\/fi\/wp-json\/wp\/v2\/media?parent=24188"}],"wp:term":[{"taxonomy":"category","embeddable":true,"href":"https:\/\/www.europesays.com\/fi\/wp-json\/wp\/v2\/categories?post=24188"},{"taxonomy":"post_tag","embeddable":true,"href":"https:\/\/www.europesays.com\/fi\/wp-json\/wp\/v2\/tags?post=24188"}],"curies":[{"name":"wp","href":"https:\/\/api.w.org\/{rel}","templated":true}]}}