{"id":242410,"date":"2026-05-08T18:38:11","date_gmt":"2026-05-08T18:38:11","guid":{"rendered":"https:\/\/www.europesays.com\/fi\/242410\/"},"modified":"2026-05-08T18:38:11","modified_gmt":"2026-05-08T18:38:11","slug":"ihaillut-somepersoonat-ja-sisallontuottajat-eivat-arastelleet-asuvalinnoissaan-tubecon-awards-on-todellinen-varilaiska-ts-fi","status":"publish","type":"post","link":"https:\/\/www.europesays.com\/fi\/242410\/","title":{"rendered":"Ihaillut somepersoonat ja sis\u00e4ll\u00f6ntuottajat eiv\u00e4t arastelleet asuvalinnoissaan \u2013 Tubecon Awards on todellinen v\u00e4ril\u00e4isk\u00e4 &#8211; ts.fi"},"content":{"rendered":"<ol>\n<li><a href=\"https:\/\/news.google.com\/rss\/articles\/CBMiQEFVX3lxTE5CcTNLUFNRZ1Y3SjdJb2hhV3VNeUk3Z3dsaVN4VTR1eWJsN3dQcUY1NjBLTjBFR28xN2pSajlCeWQ?oc=5\" target=\"_blank\" rel=\"nofollow noopener\">Ihaillut somepersoonat ja sis\u00e4ll\u00f6ntuottajat eiv\u00e4t arastelleet asuvalinnoissaan \u2013 Tubecon Awards on todellinen v\u00e4ril\u00e4isk\u00e4<\/a>&nbsp;&nbsp;ts.fi<\/li>\n<li><a href=\"https:\/\/news.google.com\/rss\/articles\/CBMigwFBVV95cUxPampKbnlsZHU4UXlUdllHNG9FSTdfOHo1WUJhVXNkY2Q0YUxhQlBNNk96TzU0dy16dmlvU3VncHdvVTR1alZONlFIS1JCU2lfNjk4eGRyX2NDMWpDbUdNZUUwMGdrUDhnNmNMODNhdFplQnRDRF9TYWRmdzlxeTd1akRhRQ?oc=5\" target=\"_blank\" rel=\"nofollow noopener\">Mandimai Sundberg poseeraa nahkakorsetissa punaisella matolla \u2013 N\u00e4m\u00e4 asut k\u00e4\u00e4nt\u00e4v\u00e4t katseet<\/a>&nbsp;&nbsp;Iltalehti<\/li>\n<li><a href=\"https:\/\/news.google.com\/rss\/articles\/CBMiW0FVX3lxTFBUQ3V4a0xheXlabFM4dE8teGg2YWxPVkhiLWpUV0JLdlA3VlVtOHdLQlpkMkkzQU9CMzBUaC1nakdnWUFsYmJSb2FzZzdaZldoWDlSUHZpdzFxaTA?oc=5\" target=\"_blank\" rel=\"nofollow noopener\">T\u00e4llaista asuloistetta Tubecon Awardsissa n\u00e4htiin \u2013 n\u00e4ytt\u00e4v\u00e4 asu varasti huomion<\/a>&nbsp;&nbsp;Ilta-Sanomat<\/li>\n<li><a href=\"https:\/\/news.google.com\/rss\/articles\/CBMiW0FVX3lxTE1yN2VzMjY0bDI2TzZVODU3YkEtXzdlT1M3NmRRbFl2d1NQZDJ0M1BDQTBGcEpqbThYRnJRYjNLZ196c3NUcDVodXVHcm5ITDBNZkxaTTZNUTl6OEU?oc=5\" target=\"_blank\" rel=\"nofollow noopener\">Veronica Verho kertoo remonttinsa budjetista \u2013 suora l\u00e4hetys Tubecon Awardsin punaiselta matolta<\/a>&nbsp;&nbsp;Ilta-Sanomat<\/li>\n<li><a href=\"https:\/\/news.google.com\/rss\/articles\/CBMiQEFVX3lxTE5uNnMxSkpxaTlNbXkxcV9UZWxiZzg3aEtYaURZN3hRekxxZVNVWUpiVzBqRUVWd285dFhrOHBncEM?oc=5\" target=\"_blank\" rel=\"nofollow noopener\">N\u00e4k\u00f6kulma | Kimmo Muttilainen: Kuinka v\u00e4\u00e4r\u00e4ss\u00e4 olinkaan, kun ajattelin tubettamisen olevan vain hetken huumaa<\/a>&nbsp;&nbsp;ts.fi<\/li>\n<\/ol>\n","protected":false},"excerpt":{"rendered":"Ihaillut somepersoonat ja sis\u00e4ll\u00f6ntuottajat eiv\u00e4t arastelleet asuvalinnoissaan \u2013 Tubecon Awards on todellinen v\u00e4ril\u00e4isk\u00e4&nbsp;&nbsp;ts.fi Mandimai Sundberg poseeraa nahkakorsetissa punaisella&hellip;\n","protected":false},"author":2,"featured_media":242411,"comment_status":"","ping_status":"","sticky":false,"template":"","format":"standard","meta":{"footnotes":"","_share_on_mastodon":"0"},"categories":[130],"tags":[137,33,31,30,440,795,22165,28702,32,34290,662,16,109],"class_list":["post-242410","post","type-post","status-publish","format-standard","has-post-thumbnail","category-viihde","tag-entertainment","tag-fi","tag-finland","tag-finnish","tag-ihmiset","tag-ilmiot","tag-logomo","tag-paikalliset","tag-suomi","tag-tubecon","tag-turku","tag-uutiset","tag-viihde"],"share_on_mastodon":{"url":"https:\/\/pubeurope.com\/@fi\/116540414694018854","error":""},"_links":{"self":[{"href":"https:\/\/www.europesays.com\/fi\/wp-json\/wp\/v2\/posts\/242410","targetHints":{"allow":["GET"]}}],"collection":[{"href":"https:\/\/www.europesays.com\/fi\/wp-json\/wp\/v2\/posts"}],"about":[{"href":"https:\/\/www.europesays.com\/fi\/wp-json\/wp\/v2\/types\/post"}],"author":[{"embeddable":true,"href":"https:\/\/www.europesays.com\/fi\/wp-json\/wp\/v2\/users\/2"}],"replies":[{"embeddable":true,"href":"https:\/\/www.europesays.com\/fi\/wp-json\/wp\/v2\/comments?post=242410"}],"version-history":[{"count":0,"href":"https:\/\/www.europesays.com\/fi\/wp-json\/wp\/v2\/posts\/242410\/revisions"}],"wp:featuredmedia":[{"embeddable":true,"href":"https:\/\/www.europesays.com\/fi\/wp-json\/wp\/v2\/media\/242411"}],"wp:attachment":[{"href":"https:\/\/www.europesays.com\/fi\/wp-json\/wp\/v2\/media?parent=242410"}],"wp:term":[{"taxonomy":"category","embeddable":true,"href":"https:\/\/www.europesays.com\/fi\/wp-json\/wp\/v2\/categories?post=242410"},{"taxonomy":"post_tag","embeddable":true,"href":"https:\/\/www.europesays.com\/fi\/wp-json\/wp\/v2\/tags?post=242410"}],"curies":[{"name":"wp","href":"https:\/\/api.w.org\/{rel}","templated":true}]}}