{"id":242582,"date":"2026-05-08T23:04:09","date_gmt":"2026-05-08T23:04:09","guid":{"rendered":"https:\/\/www.europesays.com\/fi\/242582\/"},"modified":"2026-05-08T23:04:09","modified_gmt":"2026-05-08T23:04:09","slug":"multialla-syttyi-maastopalo-omakotitalon-piha-alueella-keski-suomi","status":"publish","type":"post","link":"https:\/\/www.europesays.com\/fi\/242582\/","title":{"rendered":"Multialla syttyi maastopalo omakotitalon piha-alueella | Keski-Suomi"},"content":{"rendered":"<p>Multialla syttyi perjantai-iltana maastopalo omakotitalon piha-alueella, Keski-Suomen pelastuslaitos kertoo tiedotteessaan.<\/p>\n<p>Palo levisi noin sadan neli\u00f6metrin alueelle polttaen my\u00f6s hieman pihan vieress\u00e4 ollutta metsikk\u00f6\u00e4 V\u00e4\u00e4r\u00e4m\u00e4entiell\u00e4. Talon omistaja h\u00e4lytti pelastustoimen ja aloitti alkusammutuksen. Palossa ei sattunut henkil\u00f6vahinkoja.<\/p>\n<p>H\u00e4lytys maastopalosta tuli puoli kahdeksan aikaan illalla. Pelastuslaitos sai palon sammumaan noin puoli yhdeks\u00e4n aikaan.<\/p>\n","protected":false},"excerpt":{"rendered":"Multialla syttyi perjantai-iltana maastopalo omakotitalon piha-alueella, Keski-Suomen pelastuslaitos kertoo tiedotteessaan. Palo levisi noin sadan neli\u00f6metrin alueelle polttaen my\u00f6s&hellip;\n","protected":false},"author":2,"featured_media":242583,"comment_status":"","ping_status":"","sticky":false,"template":"","format":"standard","meta":{"footnotes":"","_share_on_mastodon":"0"},"categories":[12],"tags":[36,542,22,23,26,27,33,31,30,17,752,24,25,28,29,754,15,120,18,21,122,32,822,19,20,16],"class_list":["post-242582","post","type-post","status-publish","format-standard","has-post-thumbnail","category-suomi","tag-asuintalot-ja-asunnot","tag-asuminen","tag-breaking-news","tag-breakingnews","tag-featured-news","tag-featurednews","tag-fi","tag-finland","tag-finnish","tag-headlines","tag-keuruun-seutukunta","tag-latest-news","tag-latestnews","tag-main-news","tag-mainnews","tag-multia","tag-news","tag-onnettomuustapaus","tag-otsikot","tag-paauutiset","tag-pelastaminen","tag-suomi","tag-teollisuustuotteet-ja-palvelut-sektori","tag-top-stories","tag-topstories","tag-uutiset"],"share_on_mastodon":{"url":"https:\/\/pubeurope.com\/@fi\/116541460745590265","error":""},"_links":{"self":[{"href":"https:\/\/www.europesays.com\/fi\/wp-json\/wp\/v2\/posts\/242582","targetHints":{"allow":["GET"]}}],"collection":[{"href":"https:\/\/www.europesays.com\/fi\/wp-json\/wp\/v2\/posts"}],"about":[{"href":"https:\/\/www.europesays.com\/fi\/wp-json\/wp\/v2\/types\/post"}],"author":[{"embeddable":true,"href":"https:\/\/www.europesays.com\/fi\/wp-json\/wp\/v2\/users\/2"}],"replies":[{"embeddable":true,"href":"https:\/\/www.europesays.com\/fi\/wp-json\/wp\/v2\/comments?post=242582"}],"version-history":[{"count":0,"href":"https:\/\/www.europesays.com\/fi\/wp-json\/wp\/v2\/posts\/242582\/revisions"}],"wp:featuredmedia":[{"embeddable":true,"href":"https:\/\/www.europesays.com\/fi\/wp-json\/wp\/v2\/media\/242583"}],"wp:attachment":[{"href":"https:\/\/www.europesays.com\/fi\/wp-json\/wp\/v2\/media?parent=242582"}],"wp:term":[{"taxonomy":"category","embeddable":true,"href":"https:\/\/www.europesays.com\/fi\/wp-json\/wp\/v2\/categories?post=242582"},{"taxonomy":"post_tag","embeddable":true,"href":"https:\/\/www.europesays.com\/fi\/wp-json\/wp\/v2\/tags?post=242582"}],"curies":[{"name":"wp","href":"https:\/\/api.w.org\/{rel}","templated":true}]}}