{"id":24305,"date":"2025-09-03T09:34:10","date_gmt":"2025-09-03T09:34:10","guid":{"rendered":"https:\/\/www.europesays.com\/fi\/24305\/"},"modified":"2025-09-03T09:34:10","modified_gmt":"2025-09-03T09:34:10","slug":"liettuan-presidentin-lentokone-ei-voinut-laskeutua-suomesta-palatessa-syyna-drooniepaily-uutissuomalainen","status":"publish","type":"post","link":"https:\/\/www.europesays.com\/fi\/24305\/","title":{"rendered":"Liettuan presidentin lentokone ei voinut laskeutua Suomesta palatessa \u2013 syyn\u00e4 drooniep\u00e4ily | Uutissuomalainen"},"content":{"rendered":"<p>Liettuan presidentti\u00e4 <strong>Gitanas Nausedaa <\/strong>kuljettanut sotilaslentokone ei voinut laskeutua tiistai-iltana suunnitellusti Vilnan lentokent\u00e4lle ep\u00e4illyn droonihavainnon vuoksi, kertoo Liettuan kansallinen radio- ja televisioyhti\u00f6 <a href=\"https:\/\/www.lrt.lt\/en\/news-in-english\/19\/2663273\/suspected-drone-sighting-delays-landing-of-lithuanian-president-s-plane?srsltid=AfmBOop81HYYpE_MeCl17tnOcxk4Ddlcm_ewQzBNf03p2ZcgUBo8KlDY\" rel=\"nofollow noopener\" target=\"_blank\">LRT<\/a>.<\/p>\n<p>Nauseda oli palaamassa Suomesta, jossa h\u00e4n oli ty\u00f6vierailulla tapaamassa presidentti <strong>Alexander Stubbia<\/strong>.<\/p>\n<p>\u2013\u2009L\u00e4hestyess\u00e4mme Vilnan kentt\u00e4\u00e4 saimme tiedon droonihavainnosta, jonka vuoksi laskeutuminen ei ollut turvallista. Lent\u00e4j\u00e4t ryhtyiv\u00e4t turvatoimiin ja laskeutuivat jonkin ajan kuluttua, Nausedan tiedottaja <strong>Tomas Berzinskas<\/strong> kertoo.<\/p>\n<p>Presidentin lennon laskeutuminen viiv\u00e4styi lopulta puolisen tuntia.<\/p>\n<p>Lennonvarmistusyritys Oro Navigacijan mukaan drooni havaittiin Liepkalnisin alueella l\u00e4hell\u00e4 Vilnan lentokentt\u00e4\u00e4. Havainnon vuoksi lennot keskeytettiin v\u00e4liaikaisesti. Toistaiseksi on ep\u00e4selv\u00e4\u00e4, mist\u00e4 droonista oli kyse.<\/p>\n<p>Nauseda tapasi tiistaina Stubbin. Maanantai-iltana presidentit seurasivat yhdess\u00e4 Suomen ja Liettuan v\u00e4list\u00e4 EM-koripallo-ottelua Tampereella.<\/p>\n<p><strong class=\"diks-storyline__impact\">Droonihavainto<\/strong> keskeytti lentoliikenteen Vilnassa my\u00f6s elokuussa. Tuolloin Oro Navigacija kertoi, ett\u00e4 drooni kuului yksityiselle turvallisuusyritykselle, jonka omistaja kiisti tiedon.<\/p>\n<p>Viime sunnuntaina puolestaan EU-komission puheenjohtajaa <strong>Ursula von der Leyenia<\/strong> kuljettanut lentokone joutui ep\u00e4illyn gps-h\u00e4irinn\u00e4n kohteeksi. Bulgarian viranomaisilta saadun tiedon mukaan viranomaiset ep\u00e4ilev\u00e4t, ett\u00e4 h\u00e4irinn\u00e4n takana oli Ven\u00e4j\u00e4.<\/p>\n<p>\t\t\t\t\t<img class=\"diks-card__image\" src=\"https:\/\/www.europesays.com\/fi\/wp-content\/uploads\/2025\/09\/11023140.jpg\" loading=\"lazy\"   decoding=\"sync\" alt=\"\"\/><\/p>\n<p>\t\t\t\t\t<img class=\"diks-card__image\" src=\"https:\/\/www.europesays.com\/fi\/wp-content\/uploads\/2025\/09\/11022259.jpg\" loading=\"lazy\"   decoding=\"sync\" alt=\"\"\/><\/p>\n<p>\t\t\t\t\t<img class=\"diks-card__image\" src=\"https:\/\/www.europesays.com\/fi\/wp-content\/uploads\/2025\/09\/11021826.jpg\" loading=\"lazy\"   decoding=\"sync\" alt=\"\"\/><\/p>\n<p>\t\t\t\t\t<img class=\"diks-card__image\" src=\"https:\/\/www.europesays.com\/fi\/wp-content\/uploads\/2025\/09\/11021520.jpg\" loading=\"lazy\"   decoding=\"sync\" alt=\"\"\/><\/p>\n","protected":false},"excerpt":{"rendered":"Liettuan presidentti\u00e4 Gitanas Nausedaa kuljettanut sotilaslentokone ei voinut laskeutua tiistai-iltana suunnitellusti Vilnan lentokent\u00e4lle ep\u00e4illyn droonihavainnon vuoksi, kertoo Liettuan&hellip;\n","protected":false},"author":2,"featured_media":24306,"comment_status":"","ping_status":"","sticky":false,"template":"","format":"standard","meta":{"footnotes":""},"categories":[5],"tags":[22,23,1617,26,27,33,31,30,17,24,25,2910,28,29,923,15,18,21,142,637,32,551,712,19,20,16],"class_list":{"0":"post-24305","1":"post","2":"type-post","3":"status-publish","4":"format-standard","5":"has-post-thumbnail","7":"category-otsikot","8":"tag-breaking-news","9":"tag-breakingnews","10":"tag-euroopan-unioni","11":"tag-featured-news","12":"tag-featurednews","13":"tag-fi","14":"tag-finland","15":"tag-finnish","16":"tag-headlines","17":"tag-latest-news","18":"tag-latestnews","19":"tag-lentoliikenne-ilmaliikenne","20":"tag-main-news","21":"tag-mainnews","22":"tag-matkustaminen","23":"tag-news","24":"tag-otsikot","25":"tag-paauutiset","26":"tag-poliitikot","27":"tag-politiikka","28":"tag-suomi","29":"tag-tampere","30":"tag-tampereen-seutukunta","31":"tag-top-stories","32":"tag-topstories","33":"tag-uutiset"},"share_on_mastodon":{"url":"","error":""},"_links":{"self":[{"href":"https:\/\/www.europesays.com\/fi\/wp-json\/wp\/v2\/posts\/24305","targetHints":{"allow":["GET"]}}],"collection":[{"href":"https:\/\/www.europesays.com\/fi\/wp-json\/wp\/v2\/posts"}],"about":[{"href":"https:\/\/www.europesays.com\/fi\/wp-json\/wp\/v2\/types\/post"}],"author":[{"embeddable":true,"href":"https:\/\/www.europesays.com\/fi\/wp-json\/wp\/v2\/users\/2"}],"replies":[{"embeddable":true,"href":"https:\/\/www.europesays.com\/fi\/wp-json\/wp\/v2\/comments?post=24305"}],"version-history":[{"count":0,"href":"https:\/\/www.europesays.com\/fi\/wp-json\/wp\/v2\/posts\/24305\/revisions"}],"wp:featuredmedia":[{"embeddable":true,"href":"https:\/\/www.europesays.com\/fi\/wp-json\/wp\/v2\/media\/24306"}],"wp:attachment":[{"href":"https:\/\/www.europesays.com\/fi\/wp-json\/wp\/v2\/media?parent=24305"}],"wp:term":[{"taxonomy":"category","embeddable":true,"href":"https:\/\/www.europesays.com\/fi\/wp-json\/wp\/v2\/categories?post=24305"},{"taxonomy":"post_tag","embeddable":true,"href":"https:\/\/www.europesays.com\/fi\/wp-json\/wp\/v2\/tags?post=24305"}],"curies":[{"name":"wp","href":"https:\/\/api.w.org\/{rel}","templated":true}]}}